{"id":1054,"date":"2013-03-20T10:53:36","date_gmt":"2013-03-20T10:53:36","guid":{"rendered":"http:\/\/www.projet-decroissance.net\/?p=1054"},"modified":"2013-06-28T19:37:13","modified_gmt":"2013-06-28T19:37:13","slug":"un-projet-de-decroissance-a-lille-le-jeudi-20-juin-2013","status":"publish","type":"post","link":"http:\/\/www.projet-decroissance.net\/?p=1054","title":{"rendered":"Un Projet de D\u00e9croissance \u00e0 Lille, \u00e0 la Coroutine, le jeudi 20 juin 2013"},"content":{"rendered":"<p><strong><a href=\"http:\/\/www.projet-decroissance.net\/\" target=\"_blank\"><img loading=\"lazy\" decoding=\"async\" class=\"alignleft\" alt=\"manifeste-dia-couverture\" src=\"http:\/\/www.projet-decroissance.net\/wp-content\/uploads\/2012\/12\/manifeste-dia-couverture.jpg\" width=\"121\" height=\"191\" \/><\/a><\/strong><\/p>\n<p><strong>Un projet de D\u00e9croissance \u00e0 Lille \u2013 Discussion-d\u00e9bat autour du livre, jeudi 20 juin avec Vincent Liegey, organis\u00e9e par les Objecteurs de Croissance de Lille.<\/strong><\/p>\n<p style=\"text-align: center;\"><strong>A la Coroutine, 8 rue Moli\u00e8re<br \/>\nLille (M\u00e9tro Lille Grand Palais), \u00e0 20h.<\/strong><\/p>\n<p><strong>Nous vous invitons toutes et tous \u00e0 la soir\u00e9e de pr\u00e9sentation du livre\u00a0<em><a href=\"http:\/\/www.projet-decroissance.net\/\" target=\"_blank\">Un projet de D\u00e9croissance, Manifeste pour une Dotation Inconditionnelle d\u2019Autonomie<\/a>\u00a0<\/em>avec Vincent Liegey, l\u2019un des co-auteurs du livre.<\/strong><\/p>\n<p><a href=\"http:\/\/www.oclille.fr\/\" target=\"_blank\"><img loading=\"lazy\" decoding=\"async\" class=\"alignright\" alt=\"536789_410247242330979_1645943309_n\" src=\"http:\/\/www.projet-decroissance.net\/wp-content\/uploads\/2013\/05\/536789_410247242330979_1645943309_n.jpeg\" width=\"237\" height=\"162\" \/><\/a>Depuis le d\u00e9but des ann\u00e9es 2000 a \u00e9merg\u00e9 un nouveau mouvement de pens\u00e9e autour du slogan provocateur \u00ab D\u00e9croissance \u00bb. A travers la critique radicale de la soci\u00e9t\u00e9 de croissance et de son impasse, cet OVNI politique a su enrichir les d\u00e9bats et les discussions.<\/p>\n<p><em id=\"__mceDel\">Ces r\u00e9flexions ont d\u00e9bouch\u00e9 sur une proposition appel\u00e9e Dotation Inconditionnelle d\u2019Autonomie (DIA), coupl\u00e9e \u00e0 un Revenu Maximum Acceptable. Ce manifeste pour une DIA part des origines de la D\u00e9croissance et propose des pistes, des r\u00e9flexions susceptibles d\u2019initier une transition sereine et d\u00e9mocratique vers des soci\u00e9t\u00e9s \u00e9cologiquement soutenables et socialement justes. Il repr\u00e9sente en cela un projet de D\u00e9croissance.<\/em><br \/>\n<!--more--><br \/>\nA lire et \u00e9couter :<\/p>\n<div>\n<ul>\n<li><a href=\"http:\/\/www.projet-decroissance.net\/?p=822\" target=\"_blank\">Un Projet de D\u00e9croissance dans Le Monde<\/a>\u00a0:\u00a0La d\u00e9croissance, mode d\u2019emploi<\/li>\n<li><a href=\"http:\/\/www.projet-decroissance.net\/?p=930\" target=\"_blank\">Un Projet de D\u00e9croissance sur France Culture<\/a>\u00a0: Terre \u00e0 Terre, avec Vincent Liegey par Ruth St\u00e9gassy<\/li>\n<li><a href=\"http:\/\/www.projet-decroissance.net\/?p=943\" target=\"_blank\">Un Projet de D\u00e9croissance dans Lib\u00e9ration<\/a>\u00a0: Vincent Liegey: \u00abOn ne peut plus cro\u00eetre dans un monde fini\u00bb<\/li>\n<li><a href=\"http:\/\/www.projet-decroissance.net\/?p=860\" target=\"_blank\">Un Projet de D\u00e9croissance dans BastaMag<\/a>\u00a0:<br \/>\n","protected":false},"excerpt":{"rendered":"<p>Un projet de D\u00e9croissance \u00e0 Lille \u2013 Discussion-d\u00e9bat autour du livre, jeudi 20 juin avec Vincent Liegey, organis\u00e9e par les Objecteurs de Croissance de Lille. A la Coroutine, 8 rue Moli\u00e8re Lille (M\u00e9tro Lille Grand Palais), \u00e0 20h. Nous vous &hellip; <a href=\"http:\/\/www.projet-decroissance.net\/?p=1054\">Continuer la lecture <span class=\"meta-nav\">&rarr;<\/span><\/a><\/p>\n","protected":false},"author":3,"featured_media":0,"comment_status":"closed","ping_status":"closed","sticky":false,"template":"","format":"standard","meta":{"footnotes":""},"categories":[6],"tags":[],"class_list":["post-1054","post","type-post","status-publish","format-standard","hentry","category-agenda"],"_links":{"self":[{"href":"http:\/\/www.projet-decroissance.net\/index.php?rest_route=\/wp\/v2\/posts\/1054","targetHints":{"allow":["GET"]}}],"collection":[{"href":"http:\/\/www.projet-decroissance.net\/index.php?rest_route=\/wp\/v2\/posts"}],"about":[{"href":"http:\/\/www.projet-decroissance.net\/index.php?rest_route=\/wp\/v2\/types\/post"}],"author":[{"embeddable":true,"href":"http:\/\/www.projet-decroissance.net\/index.php?rest_route=\/wp\/v2\/users\/3"}],"replies":[{"embeddable":true,"href":"http:\/\/www.projet-decroissance.net\/index.php?rest_route=%2Fwp%2Fv2%2Fcomments&post=1054"}],"version-history":[{"count":6,"href":"http:\/\/www.projet-decroissance.net\/index.php?rest_route=\/wp\/v2\/posts\/1054\/revisions"}],"predecessor-version":[{"id":1147,"href":"http:\/\/www.projet-decroissance.net\/index.php?rest_route=\/wp\/v2\/posts\/1054\/revisions\/1147"}],"wp:attachment":[{"href":"http:\/\/www.projet-decroissance.net\/index.php?rest_route=%2Fwp%2Fv2%2Fmedia&parent=1054"}],"wp:term":[{"taxonomy":"category","embeddable":true,"href":"http:\/\/www.projet-decroissance.net\/index.php?rest_route=%2Fwp%2Fv2%2Fcategories&post=1054"},{"taxonomy":"post_tag","embeddable":true,"href":"http:\/\/www.projet-decroissance.net\/index.php?rest_route=%2Fwp%2Fv2%2Ftags&post=1054"}],"curies":[{"name":"wp","href":"https:\/\/api.w.org\/{rel}","templated":true}]}}