{"id":1059,"date":"2013-03-20T11:02:49","date_gmt":"2013-03-20T11:02:49","guid":{"rendered":"http:\/\/www.projet-decroissance.net\/?p=1059"},"modified":"2013-06-28T19:37:21","modified_gmt":"2013-06-28T19:37:21","slug":"un-projet-de-decroissance-le-samedi-22-juin-a-10h30-au-lag-a-lievin","status":"publish","type":"post","link":"http:\/\/www.projet-decroissance.net\/?p=1059","title":{"rendered":"Un Projet de D\u00e9croissance le samedi 22 juin \u00e0 10h30 au LAG \u00e0 Li\u00e9vin"},"content":{"rendered":"<p><strong>Un projet de D\u00e9croissance \u00e0 Li\u00e9vin \u2013 Discussion-d\u00e9bat autour du livre <strong><em><a href=\"http:\/\/www.projet-decroissance.net\/\" target=\"_blank\">Un projet de D\u00e9croissance<\/a><\/em><\/strong>, samedi 22 juin avec Vincent Liegey, organis\u00e9e par les <a href=\"http:\/\/www.objecteursdecroissance62.fr\/\" target=\"_blank\">Objecteurs de Croissance 62<\/a>.<\/strong><\/p>\n<p style=\"text-align: center;\"><strong>Au LAG \u00e0 Li\u00e9vin \u00e0 10h30<a href=\"http:\/\/www.projet-decroissance.net\/wp-content\/uploads\/2013\/05\/20130622-AfficheA3-VincentLiegey.jpeg\"><img loading=\"lazy\" decoding=\"async\" class=\"alignnone size-full wp-image-1060\" alt=\"20130622-AfficheA3-VincentLiegey\" src=\"http:\/\/www.projet-decroissance.net\/wp-content\/uploads\/2013\/05\/20130622-AfficheA3-VincentLiegey.jpeg\" width=\"1169\" height=\"1654\" srcset=\"http:\/\/www.projet-decroissance.net\/wp-content\/uploads\/2013\/05\/20130622-AfficheA3-VincentLiegey.jpeg 1169w, http:\/\/www.projet-decroissance.net\/wp-content\/uploads\/2013\/05\/20130622-AfficheA3-VincentLiegey-212x300.jpeg 212w, http:\/\/www.projet-decroissance.net\/wp-content\/uploads\/2013\/05\/20130622-AfficheA3-VincentLiegey-723x1024.jpeg 723w\" sizes=\"auto, (max-width: 1169px) 100vw, 1169px\" \/><\/a><br \/>\n<\/strong><\/p>\n<p><!--more--><br \/>\nDepuis le d\u00e9but des ann\u00e9es 2000 a \u00e9merg\u00e9 un nouveau mouvement de pens\u00e9e autour du slogan provocateur \u00ab D\u00e9croissance \u00bb. A travers la critique radicale de la soci\u00e9t\u00e9 de croissance et de son impasse, cet OVNI politique a su enrichir les d\u00e9bats et les discussions.<\/p>\n<p><em id=\"__mceDel\">Ces r\u00e9flexions ont d\u00e9bouch\u00e9 sur une proposition appel\u00e9e Dotation Inconditionnelle d\u2019Autonomie (DIA), coupl\u00e9e \u00e0 un Revenu Maximum Acceptable. Ce manifeste pour une DIA part des origines de la D\u00e9croissance et propose des pistes, des r\u00e9flexions susceptibles d\u2019initier une transition sereine et d\u00e9mocratique vers des soci\u00e9t\u00e9s \u00e9cologiquement soutenables et socialement justes. Il repr\u00e9sente en cela un projet de D\u00e9croissance.<\/em><\/p>\n<p>A lire et \u00e9couter :<\/p>\n<div>\n<ul>\n<li><a href=\"http:\/\/www.projet-decroissance.net\/?p=822\" target=\"_blank\">Un Projet de D\u00e9croissance dans Le Monde<\/a>\u00a0:\u00a0La d\u00e9croissance, mode d\u2019emploi<\/li>\n<li><a href=\"http:\/\/www.projet-decroissance.net\/?p=930\" target=\"_blank\">Un Projet de D\u00e9croissance sur France Culture<\/a>\u00a0: Terre \u00e0 Terre, avec Vincent Liegey par Ruth St\u00e9gassy<\/li>\n<li><a href=\"http:\/\/www.projet-decroissance.net\/?p=943\" target=\"_blank\">Un Projet de D\u00e9croissance dans Lib\u00e9ration<\/a>\u00a0: Vincent Liegey: \u00abOn ne peut plus cro\u00eetre dans un monde fini\u00bb<\/li>\n<li><a href=\"http:\/\/www.projet-decroissance.net\/?p=860\" target=\"_blank\">Un Projet de D\u00e9croissance dans BastaMag<\/a>\u00a0: \u00ab La libert\u00e9 de consommer est une illusion bien cher pay\u00e9e \u00bb<\/li>\n<li><a href=\"http:\/\/www.projet-decroissance.net\/?p=810\" target=\"_blank\">Un projet de D\u00e9croissance sur France Culture Plus<\/a>\u00a0:\u00a0Etat des lieux du mouvement d\u00e9croissant en Europe<\/li>\n<li><a title=\"Lien permanent vers Rue89 : Un projet provocateur : \u00ab Faire payer le prix r\u00e9el \n<br \/>\n","protected":false},"excerpt":{"rendered":"<p>Un projet de D\u00e9croissance \u00e0 Li\u00e9vin \u2013 Discussion-d\u00e9bat autour du livre Un projet de D\u00e9croissance, samedi 22 juin avec Vincent Liegey, organis\u00e9e par les Objecteurs de Croissance 62. Au LAG \u00e0 Li\u00e9vin \u00e0 10h30<\/p>\n","protected":false},"author":3,"featured_media":0,"comment_status":"closed","ping_status":"closed","sticky":false,"template":"","format":"standard","meta":{"footnotes":""},"categories":[6],"tags":[],"class_list":["post-1059","post","type-post","status-publish","format-standard","hentry","category-agenda"],"_links":{"self":[{"href":"http:\/\/www.projet-decroissance.net\/index.php?rest_route=\/wp\/v2\/posts\/1059","targetHints":{"allow":["GET"]}}],"collection":[{"href":"http:\/\/www.projet-decroissance.net\/index.php?rest_route=\/wp\/v2\/posts"}],"about":[{"href":"http:\/\/www.projet-decroissance.net\/index.php?rest_route=\/wp\/v2\/types\/post"}],"author":[{"embeddable":true,"href":"http:\/\/www.projet-decroissance.net\/index.php?rest_route=\/wp\/v2\/users\/3"}],"replies":[{"embeddable":true,"href":"http:\/\/www.projet-decroissance.net\/index.php?rest_route=%2Fwp%2Fv2%2Fcomments&post=1059"}],"version-history":[{"count":3,"href":"http:\/\/www.projet-decroissance.net\/index.php?rest_route=\/wp\/v2\/posts\/1059\/revisions"}],"predecessor-version":[{"id":1148,"href":"http:\/\/www.projet-decroissance.net\/index.php?rest_route=\/wp\/v2\/posts\/1059\/revisions\/1148"}],"wp:attachment":[{"href":"http:\/\/www.projet-decroissance.net\/index.php?rest_route=%2Fwp%2Fv2%2Fmedia&parent=1059"}],"wp:term":[{"taxonomy":"category","embeddable":true,"href":"http:\/\/www.projet-decroissance.net\/index.php?rest_route=%2Fwp%2Fv2%2Fcategories&post=1059"},{"taxonomy":"post_tag","embeddable":true,"href":"http:\/\/www.projet-decroissance.net\/index.php?rest_route=%2Fwp%2Fv2%2Ftags&post=1059"}],"curies":[{"name":"wp","href":"https:\/\/api.w.org\/{rel}","templated":true}]}}