{"id":1063,"date":"2013-03-20T11:10:41","date_gmt":"2013-03-20T11:10:41","guid":{"rendered":"http:\/\/www.projet-decroissance.net\/?p=1063"},"modified":"2013-06-28T19:38:26","modified_gmt":"2013-06-28T19:38:26","slug":"un-projet-de-decroissance-a-louvain-la-neuve-le-mercredi-26-juin-belgique","status":"publish","type":"post","link":"http:\/\/www.projet-decroissance.net\/?p=1063","title":{"rendered":"Un Projet de D\u00e9croissance \u00e0 Louvain-la-Neuve le mercredi 26 juin (Belgique)"},"content":{"rendered":"<p><strong><a href=\"http:\/\/www.projet-decroissance.net\/\" target=\"_blank\"><img loading=\"lazy\" decoding=\"async\" class=\"alignleft\" alt=\"manifeste-dia-couverture\" src=\"http:\/\/www.projet-decroissance.net\/wp-content\/uploads\/2012\/12\/manifeste-dia-couverture.jpg\" width=\"121\" height=\"191\" \/><\/a><\/strong><\/p>\n<p><a title=\"Accueil du site\" href=\"http:\/\/objecteursdecroissance.be\/\" rel=\"start home\"><img loading=\"lazy\" decoding=\"async\" class=\"alignright\" alt=\"\" src=\"http:\/\/objecteursdecroissance.be\/IMG\/siteon0.jpg?1284591287\" width=\"100\" height=\"73\" \/><\/a>Nos amis Vincent Liegey, St\u00e9phane Madelaine, Christophe Ondet et Anne-Isabelle Veillot, objecteurs de croissance fran\u00e7ais, viennent de publier chez Utopia un ouvrage collectif intitul\u00e9\u00a0<i>\u00ab\u00a0Un projet de d\u00e9croissance, manifeste pour une dotation inconditionnelle d\u2019autonomie\u00a0\u00bb<\/i>\u00a0dans lequel ils pr\u00f4nent l\u2019instauration d\u2019un revenu inconditionnel d\u00e9mon\u00e9taris\u00e9, vers\u00e9 majoritairement en droit de tirage sur les ressources et en monnaie locale plut\u00f4t qu\u2019en euros.<\/p>\n<p>Leur r\u00e9flexion rencontre la n\u00f4tre.<\/p>\n<p>Elle rencontre aussi toute la r\u00e9flexion qui a lieu en Europe et en Belgique sur le revenu de base tout en se situant dans une n\u00e9cessaire transition \u00e0 mettre en place pour sortir de nos toxicod\u00e9pendances \u00e0 la Croissance, que ce soit culturellement, \u00e9conomiquement ou politiquement, et pour construire de nouveaux mod\u00e8les soutenables et souhaitables.<\/p>\n<p>Une rencontre s\u2019imposait donc.<\/p>\n<p>Elle aura lieu avec un des auteurs, Vincent Liegey, ing\u00e9nieur et porte-parole des d\u00e9croissants fran\u00e7ais. Ca se passera le<\/p>\n<p><strong>mercredi 26 juin<\/strong>\u00a0\u00e0\u00a0<strong>19 h<\/strong>\u00a0dans les locaux de la Maison du d\u00e9veloppement durable 2 place Agora 1348\u00a0<strong>Louvain-la-Neuve<\/strong>.<\/p>\n<p>Elle sera pr\u00e9c\u00e9d\u00e9e \u00e0 18 h par une auberge espagnole \u00e0 laquelle chacun peut participer en apportant une de ses sp\u00e9cialit\u00e9s locales et suivie par un verre de l\u2019amiti\u00e9.<\/p>\n<p>Bienvenue \u00e0 tous.<\/p>\n<p><a title=\"Accueil du site\" href=\"http:\/\/objecteursdecroissance.be\/\" rel=\"start home\"><img loading=\"lazy\" decoding=\"async\" class=\"alignleft\" alt=\"\" src=\"http:\/\/objecteursdecroissance.be\/IMG\/siteon0.jpg?1284591287\" width=\"100\" height=\"73\" \/><\/a>Contact\u00a0:\u00a0<a title=\"michele.gilkinet@base.be\" href=\"http:\/\/objecteursdecroissance.be\/spip.php?article401#\">Mich\u00e8le Gilkinet<\/a>\u00a0071 876779<\/p>\n<p><strong id=\"nom_site_spip\"><a title=\"Accueil du site\" href=\"http:\/\/objecteursdecroissance.be\/\" rel=\"start home\">Mouvement politique des objecteurs de croissance (mpOC)<\/a><\/strong><\/p>\n<ul>\n<li>Voir le dernier communiqu\u00e9 des auteurs, intitul\u00e9\u00a0<a href=\"http:\/\/www.projet-decroissance.net\/?p=954\" rel=\"external\"><i>\u00ab\u00a0Un projet de D\u00e9croissance\u00a0\u00bb en pleine crise de croissance\u00a0%3<br \/>\n","protected":false},"excerpt":{"rendered":"<p>Nos amis Vincent Liegey, St\u00e9phane Madelaine, Christophe Ondet et Anne-Isabelle Veillot, objecteurs de croissance fran\u00e7ais, viennent de publier chez Utopia un ouvrage collectif intitul\u00e9\u00a0\u00ab\u00a0Un projet de d\u00e9croissance, manifeste pour une dotation inconditionnelle d\u2019autonomie\u00a0\u00bb\u00a0dans lequel ils pr\u00f4nent l\u2019instauration d\u2019un revenu inconditionnel &hellip; <a href=\"http:\/\/www.projet-decroissance.net\/?p=1063\">Continuer la lecture <span class=\"meta-nav\">&rarr;<\/span><\/a><\/p>\n","protected":false},"author":3,"featured_media":0,"comment_status":"closed","ping_status":"closed","sticky":false,"template":"","format":"standard","meta":{"footnotes":""},"categories":[6],"tags":[],"class_list":["post-1063","post","type-post","status-publish","format-standard","hentry","category-agenda"],"_links":{"self":[{"href":"http:\/\/www.projet-decroissance.net\/index.php?rest_route=\/wp\/v2\/posts\/1063","targetHints":{"allow":["GET"]}}],"collection":[{"href":"http:\/\/www.projet-decroissance.net\/index.php?rest_route=\/wp\/v2\/posts"}],"about":[{"href":"http:\/\/www.projet-decroissance.net\/index.php?rest_route=\/wp\/v2\/types\/post"}],"author":[{"embeddable":true,"href":"http:\/\/www.projet-decroissance.net\/index.php?rest_route=\/wp\/v2\/users\/3"}],"replies":[{"embeddable":true,"href":"http:\/\/www.projet-decroissance.net\/index.php?rest_route=%2Fwp%2Fv2%2Fcomments&post=1063"}],"version-history":[{"count":5,"href":"http:\/\/www.projet-decroissance.net\/index.php?rest_route=\/wp\/v2\/posts\/1063\/revisions"}],"predecessor-version":[{"id":1149,"href":"http:\/\/www.projet-decroissance.net\/index.php?rest_route=\/wp\/v2\/posts\/1063\/revisions\/1149"}],"wp:attachment":[{"href":"http:\/\/www.projet-decroissance.net\/index.php?rest_route=%2Fwp%2Fv2%2Fmedia&parent=1063"}],"wp:term":[{"taxonomy":"category","embeddable":true,"href":"http:\/\/www.projet-decroissance.net\/index.php?rest_route=%2Fwp%2Fv2%2Fcategories&post=1063"},{"taxonomy":"post_tag","embeddable":true,"href":"http:\/\/www.projet-decroissance.net\/index.php?rest_route=%2Fwp%2Fv2%2Ftags&post=1063"}],"curies":[{"name":"wp","href":"https:\/\/api.w.org\/{rel}","templated":true}]}}