{"id":1074,"date":"2013-03-02T16:25:39","date_gmt":"2013-03-02T16:25:39","guid":{"rendered":"http:\/\/www.projet-decroissance.net\/?p=1074"},"modified":"2013-06-28T19:10:04","modified_gmt":"2013-06-28T19:10:04","slug":"un-projet-de-decroissance-a-bruxelles-a-la-librairiecafe-100-papiers-le-lundi-24-juin","status":"publish","type":"post","link":"http:\/\/www.projet-decroissance.net\/?p=1074","title":{"rendered":"Un Projet de D\u00e9croissance \u00e0 Bruxelles \u00e0 la Librairie\/Caf\u00e9 100 papiers le lundi 24 juin"},"content":{"rendered":"<p><strong><a href=\"http:\/\/www.projet-decroissance.net\/\" target=\"_blank\"><img loading=\"lazy\" decoding=\"async\" class=\"alignleft\" alt=\"manifeste-dia-couverture\" src=\"http:\/\/www.projet-decroissance.net\/wp-content\/uploads\/2012\/12\/manifeste-dia-couverture.jpg\" width=\"121\" height=\"191\" \/><\/a><\/strong><\/p>\n<p><strong>Un projet de D\u00e9croissance \u00e0 Bruxelles \u2013 Discussion-d\u00e9bat autour du livre, lundi 24 juin \u00e0 19h30 avec Vincent Liegey.<\/strong><\/p>\n<p><strong>Librairie\/Caf\u00e9 100 papiers<br \/>\n23 Avenue Louis Bertrandlaan, 1030 Bruxelles<\/strong><\/p>\n<p><strong>Nous vous invitons toutes et tous \u00e0 la soir\u00e9e de pr\u00e9sentation du livre\u00a0<em><a href=\"http:\/\/www.projet-decroissance.net\/\" target=\"_blank\">Un projet de D\u00e9croissance, Manifeste pour une Dotation Inconditionnelle d\u2019Autonomie<\/a>\u00a0<\/em>avec Vincent Liegey, l\u2019un des co-auteurs du livre.<\/strong><br \/>\n<!--more--><br \/>\nDepuis le d\u00e9but des ann\u00e9es 2000 a \u00e9merg\u00e9 un nouveau mouvement de pens\u00e9e autour du slogan provocateur \u00ab D\u00e9croissance \u00bb. A travers la critique radicale de la soci\u00e9t\u00e9 de croissance et de son impasse, cet OVNI politique a su enrichir les d\u00e9bats et les discussions.<\/p>\n<p><em id=\"__mceDel\">Ces r\u00e9flexions ont d\u00e9bouch\u00e9 sur une proposition appel\u00e9e Dotation Inconditionnelle d\u2019Autonomie (DIA), coupl\u00e9e \u00e0 un Revenu Maximum Acceptable. Ce manifeste pour une DIA part des origines de la D\u00e9croissance et propose des pistes, des r\u00e9flexions susceptibles d\u2019initier une transition sereine et d\u00e9mocratique vers des soci\u00e9t\u00e9s \u00e9cologiquement soutenables et socialement justes. Il repr\u00e9sente en cela un projet de D\u00e9croissance.<\/em><\/p>\n<p>A lire et \u00e9couter :<\/p>\n<div>\n<ul>\n<li><a href=\"http:\/\/www.projet-decroissance.net\/?p=822\" target=\"_blank\">Un Projet de D\u00e9croissance dans Le Monde<\/a>\u00a0:\u00a0La d\u00e9croissance, mode d\u2019emploi<\/li>\n<li><a href=\"http:\/\/www.projet-decroissance.net\/?p=930\" target=\"_blank\">Un Projet de D\u00e9croissance sur France Culture<\/a>\u00a0: Terre \u00e0 Terre, avec Vincent Liegey par Ruth St\u00e9gassy<\/li>\n<li><a href=\"http:\/\/www.projet-decroissance.net\/?p=943\" target=\"_blank\">Un Projet de D\u00e9croissance dans Lib\u00e9ration<\/a>\u00a0: Vincent Liegey: \u00abOn ne peut plus cro\u00eetre dans un monde fini\u00bb<\/li>\n<li><a href=\"http:\/\/www.projet-decroissance.net\/?p=860\" target=\"_blank\">Un Projet de D\u00e9croissance dans BastaMag<\/a>\u00a0: \u00ab La libert\u00e9 de consommer est une illusion bien cher pay\u00e9e \u00bb<\/li>\n<li><a href=\"http:\/\/www.projet-decroissance.net\/?p=810\" target=\"_blank\">Un projet de D\u00e9croissance sur France Culture Plus<\/a>\u00a0:\u00a0Etat des lieux du mouvement d\u00e9croissant en Europe<\/li>\n<li><a title=\"Lien permanent vers Rue89 : Un projet provocateur : \u00ab Faire payer le prix r\u00e9el de ce qu\u2019on consomme \u00bb\" href=\"http:\/\/www.projet-decroissance.net\/?p=692\" target=\"_blank\" rel=\"bookmark\">Rue89 : Un projet provocateur : \u00ab Faire payer le prix r\u00e9el de ce qu\u2019on consomme \u00bb<\/a><\/li>\n<li><a title=\"Lien permanent vers La transition est en marche ! \u2013 Sur Reporterre.net\" href=\"http:\/\/www.projet-decroissance.net\/?p=672\" target=\"_blank\" rel=\"bookmark\">La transition est en marche ! \u2013 Sur Reporterre.net<\/a><\/li>\n<li><a title=\"Lien permanent vers Qu\u2019est-ce que la dotation inconditionnelle d\u2019autonomie ?\" href=\"http:\/\/www.projet-decroissance.net\/?p=700\" target=\"_blank\" rel=\"bookmark\">Qu\u2019est-ce que la dotation inconditionnelle d\u2019autonomie ?<\/a>\u00a0&#8211; Une minute, une question.<\/li>\n<\/ul>\n<p>Retrouver les rencontres \u00e0 venir sur notre\u00a0<a title=\"Ce livre est aussi un pr\u00e9texte&lt;br \/&gt;&lt;br \/&gt;&lt;br \/&gt;&lt;br \/&gt;           pour se rencontrer et organiser des discussions et d\u00e9bats&lt;br \/&gt;&lt;br \/&gt;&lt;br \/&gt;&lt;br \/&gt;           conviviaux autour de la D\u00e9croissance.&lt;br \/&gt;&lt;br&lt;br \/&gt;&lt;br \/&gt;&lt;br \/&gt;&lt;br \/&gt;           \/&gt;&lt;br \/&gt;&lt;br \/&gt;&lt;br \/&gt;&lt;br \/&gt;&lt;br \/&gt;&lt;br \/&gt;&lt;br \/&gt;           Ainsi, nous sommes ouvert-e-s \u00e0 toutes propositions de&lt;br \/&gt;&lt;br \/&gt;&lt;br \/&gt;&lt;br \/&gt;           rencontres que ce soit dans un bar, une librairies, un lieu&lt;br \/&gt;&lt;br \/&gt;&lt;br \/&gt;&lt;br \/&gt;           alternatifs, une salle des f\u00eates, un appartements, etc.&lt;br&lt;br \/&gt;&lt;br \/&gt;&lt;br \/&gt;&lt;br \/&gt;           \/&gt;&lt;br \/&gt;&lt;br \/&gt;&lt;br \/&gt;&lt;br \/&gt;&lt;br \/&gt;&lt;br \/&gt;&lt;br \/&gt;&lt;br \/&gt;           N'h\u00e9sitez pas \u00e0 nous contacter : contact [ at ]&lt;br \/&gt;&lt;br \/&gt;&lt;br \/&gt;&lt;br \/&gt;           projet-decroissance.net.&lt;br \/&gt;&lt;br \/&gt;&lt;br&lt;br \/&gt;&lt;br \/&gt;&lt;br \/&gt;&lt;br \/&gt;           \/&gt;&lt;br \/&gt;&lt;br \/&gt;&lt;br \/&gt;&lt;br \/&gt;&lt;br \/&gt;&lt;br \/&gt;           Nous envisageons des rencontres \u00e0 Paris, Lyon,&lt;br \/&gt;&lt;br \/&gt;&lt;br \/&gt;&lt;br \/&gt;           Clermont-Ferrand, dans l'Est, en Bretagne, \u00e0 Budapest, en&lt;br \/&gt;&lt;br \/&gt;&lt;br \/&gt;&lt;br \/&gt;           Suisse, en Belgique, dans le Nord, dans le sud, etc.\" href=\"http:\/\/www.projet-decroissance.net\/?cat=6\" target=\"_blank\">Agenda<\/a>.<\/p>\n<\/div>\n<div>\n<p>Et aussi :<\/p>\n<p><img loading=\"lazy\" decoding=\"async\" class=\"alignright\" alt=\"\" src=\"http:\/\/www.projet-decroissance.net\/wp-content\/uploads\/2012\/12\/manifeste-dia-couverture140.jpg\" width=\"140\" height=\"229\" \/><\/p>\n<\/div>\n<ul>\n<li><a title=\"Lien permanent vers Pourquoi ce livre ?\" href=\"http:\/\/www.projet-decroissance.net\/?p=574\" target=\"_blank\" rel=\"bookmark\">Pourquoi ce livre ?<\/a><\/li>\n<li><a title=\"Lien permanent vers Pr\u00e9face de Paul Ari\u00e8s\" href=\"http:\/\/www.projet-decroissance.net\/?p=572\" target=\"_blank\" rel=\"bookmark\">Pr\u00e9face de Paul Ari\u00e8s<\/a><\/li>\n<li><a title=\"Lien permanent vers Les auteurs\" href=\"http:\/\/www.projet-decroissance.net\/?p=576\" target=\"_blank\" rel=\"bookmark\">Les auteurs<\/a><\/li>\n<li><a title=\"Lien permanent vers Vid\u00e9o : La Dotation Inconditionnelle d\u2019Autonomie (DIA)\" href=\"http:\/\/www.projet-decroissance.net\/?p=550\" target=\"_blank\" rel=\"bookmark\">Vid\u00e9o : La Dotation Inconditionnelle d\u2019Autonomie (DIA)<\/a><\/li>\n<li><a title=\"Lien permanent vers Qu\u2019est-ce que la D\u00e9croissance ?\" href=\"http:\/\/www.projet-decroissance.net\/?p=581\" target=\"_blank\" rel=\"bookmark\">Qu\u2019est-ce que la D\u00e9croissance ?<\/a><\/li>\n<li><a title=\"Lien permanent vers Revenu Inconditionnel d\u2019Existence ou Dotation Inconditionnelle d\u2019Autonomie ?\" href=\"http:\/\/www.projet-decroissance.net\/?p=207\" target=\"_blank\" rel=\"bookmark\">Revenu Inconditionnel d\u2019Existence ou Dotation Inconditionnelle d\u2019Autonomie ?<\/a><\/li>\n<li><a title=\"Lien permanent vers Pour acheter le livre en ligne, rien de telle que la boutique militante des d\u00e9sob\u00e9issants\" href=\"http:\/\/www.projet-decroissance.net\/?p=665\" target=\"_blank\" rel=\"bookmark\">Pour acheter le livre en ligne, rien de telle que la boutique militante des d\u00e9sob\u00e9issants<\/a><\/li>\n<li><a href=\"http:\/\/www.projet-decroissance.net\/?p=841\" target=\"_blank\">Tableau r\u00e9capitulatif 1 : La Dotation Inconditionnelle d\u2019Autonomie : quels contenus ?<\/a><\/li>\n<li><a href=\"http:\/\/www.projet-decroissance.net\/?p=842\" target=\"_blank\">Tableau r\u00e9capitulatif 2 : La Dotation Inconditionnelle d\u2019Autonomie : quelles mises en place ?<\/a><\/li>\n<\/ul>\n<p><em>\u00ab\u00a0[&#8230;] La condition pour r\u00e9ussir cette transformation radicale de l\u2019\u00e9conomie est\u00a0<em>\u00ab\u00a0une forte adh\u00e9sion de tous et une participation \u00e0 cette volont\u00e9 de changement\u00a0\u00bb<\/em>.\u00a0Pour le moins\u2026\u00a0Mais il faut bien commencer un jour, et ce petit livre stimulant y contribue incontestablement.\u00a0\u00bb\u00a0<strong>Herv\u00e9 Kempf dans\u00a0<a href=\"http:\/\/www.lemonde.fr\/economie\/article\/2013\/03\/11\/la-decroissance-mode-d-emploi_1845977_3234.html?xtmc=liegey&amp;xtcr=1\" target=\"_blank\">Le Monde<\/a><em>.<\/em><\/strong><\/em><\/p>\n<p>&nbsp;<\/p>\n","protected":false},"excerpt":{"rendered":"<p>Un projet de D\u00e9croissance \u00e0 Bruxelles \u2013 Discussion-d\u00e9bat autour du livre, lundi 24 juin \u00e0 19h30 avec Vincent Liegey. Librairie\/Caf\u00e9 100 papiers 23 Avenue Louis Bertrandlaan, 1030 Bruxelles Nous vous invitons toutes et tous \u00e0 la soir\u00e9e de pr\u00e9sentation du &hellip; <a href=\"http:\/\/www.projet-decroissance.net\/?p=1074\">Continuer la lecture <span class=\"meta-nav\">&rarr;<\/span><\/a><\/p>\n","protected":false},"author":3,"featured_media":0,"comment_status":"closed","ping_status":"open","sticky":false,"template":"","format":"standard","meta":{"footnotes":""},"categories":[6],"tags":[],"class_list":["post-1074","post","type-post","status-publish","format-standard","hentry","category-agenda"],"_links":{"self":[{"href":"http:\/\/www.projet-decroissance.net\/index.php?rest_route=\/wp\/v2\/posts\/1074","targetHints":{"allow":["GET"]}}],"collection":[{"href":"http:\/\/www.projet-decroissance.net\/index.php?rest_route=\/wp\/v2\/posts"}],"about":[{"href":"http:\/\/www.projet-decroissance.net\/index.php?rest_route=\/wp\/v2\/types\/post"}],"author":[{"embeddable":true,"href":"http:\/\/www.projet-decroissance.net\/index.php?rest_route=\/wp\/v2\/users\/3"}],"replies":[{"embeddable":true,"href":"http:\/\/www.projet-decroissance.net\/index.php?rest_route=%2Fwp%2Fv2%2Fcomments&post=1074"}],"version-history":[{"count":4,"href":"http:\/\/www.projet-decroissance.net\/index.php?rest_route=\/wp\/v2\/posts\/1074\/revisions"}],"predecessor-version":[{"id":1240,"href":"http:\/\/www.projet-decroissance.net\/index.php?rest_route=\/wp\/v2\/posts\/1074\/revisions\/1240"}],"wp:attachment":[{"href":"http:\/\/www.projet-decroissance.net\/index.php?rest_route=%2Fwp%2Fv2%2Fmedia&parent=1074"}],"wp:term":[{"taxonomy":"category","embeddable":true,"href":"http:\/\/www.projet-decroissance.net\/index.php?rest_route=%2Fwp%2Fv2%2Fcategories&post=1074"},{"taxonomy":"post_tag","embeddable":true,"href":"http:\/\/www.projet-decroissance.net\/index.php?rest_route=%2Fwp%2Fv2%2Ftags&post=1074"}],"curies":[{"name":"wp","href":"https:\/\/api.w.org\/{rel}","templated":true}]}}