{"id":1076,"date":"2013-03-02T16:37:45","date_gmt":"2013-03-02T16:37:45","guid":{"rendered":"http:\/\/www.projet-decroissance.net\/?p=1076"},"modified":"2013-07-07T08:15:56","modified_gmt":"2013-07-07T08:15:56","slug":"un-projet-de-decroissance-economiquement-decale-dans-france-net-info","status":"publish","type":"post","link":"http:\/\/www.projet-decroissance.net\/?p=1076","title":{"rendered":"\u00ab\u00a0Un Projet de D\u00e9croissance\u00a0\u00bb \u00c9conomiquement d\u00e9cal\u00e9 ! dans France Net Info"},"content":{"rendered":"<p><a href=\"http:\/\/www.francenetinfos.com\/economiquement-decale-47564\/\" target=\"_blank\"><img loading=\"lazy\" decoding=\"async\" class=\"alignleft\" title=\"France Net Infos \u2013 Journal gratuit d'actualit\u00e9 ind\u00e9pendant et participatif - Le journal en ligne gratuit\" alt=\"France Net Infos \u2013 Journal gratuit d'actualit\u00e9 ind\u00e9pendant et participatif - Le journal en ligne gratuit\" src=\"http:\/\/www.francenetinfos.com\/wp-content\/uploads\/2013\/04\/logoFr.jpg\" width=\"338\" height=\"43\" border=\"none\" \/><\/a>Alors que le pays est en r\u00e9cession et cherche d\u00e9sesp\u00e9r\u00e9ment de la croissance, il y a une rubrique qui ne conna\u00eet pas la crise : l\u2019interview d\u00e9cal\u00e9e ! Ne boudons pas notre plaisir et interrogeons-nous s\u00e9rieusement sur la discipline qui fait la pluie et le beau temps entre les pays : l\u2019\u00e9conomie.<\/p>\n<p>Afin d\u2019en savoir un peu plus, retrouvons\u00a0<a href=\"http:\/\/www.projet-decroissance.net\/?page_id=28\" target=\"_blank\">Vincent Liegey<\/a>, doctorant \u00e0 l\u2019Universit\u00e9 d\u2019Economie de Budapest.<\/p>\n<p><a href=\"http:\/\/www.projet-decroissance.net\/?page_id=28\"><img loading=\"lazy\" decoding=\"async\" class=\"alignleft\" alt=\"\" src=\"http:\/\/www.francenetinfos.com\/wp-content\/uploads\/2013\/05\/ECO3.jpg\" width=\"337\" height=\"245\" \/><\/a><strong>L\u2019\u00e9conomie autrement<\/strong><\/p>\n<p><em><strong>FrancNetInfo : \u00ab Bonjour, afin que le protocole d\u2019inauguration soit respect\u00e9, merci de nous dire la phrase de lancement :\u2026 \u00bb<\/strong><\/em><\/p>\n<p><strong>Vincent Liegey :<\/strong>\u00a0\u00ab J\u2019aime bien cette phrase Bernard Maris qui a dit dans son anti-manuel d\u2019\u00e9conomie qu\u2019un \u00e9conomiste c\u2019est le type capable de t\u2019expliquer le lendemain pourquoi il s\u2019est plant\u00e9 la veille. Cette phrase est d\u2019autant plus \u00e9difiante que nous continuons \u00e0 construire nos soci\u00e9t\u00e9s sur leurs th\u00e9ories.\u00bb<\/p>\n<blockquote><p><em>\u2026A nous de choisir : \u00ab\u00a0D\u00e9croissance ou Barbarie\u00a0\u00bb ?\u2026<\/em><\/p><\/blockquote>\n<p><!--more--><br \/>\n<em><strong>FNI : \u00ab Avec l\u2019\u00e9ternel d\u00e9bat, \u00e0 savoir si l\u2019\u00e9conomie est une science dure ou molle, vous n\u2019avez pas l\u2019impression que les \u00e9conomistes passent pour des pervers intellectuels ? \u00bb<\/strong><\/em><\/p>\n<p><strong>VL<\/strong>\u00a0: \u00ab La perversion des \u00e9conomistes est de n\u00e9gliger les pr\u00e9liminaires. Pour construire les mod\u00e8les \u00e9conomiques, on commence d\u2019abord par prendre en compte que nous vivons sur une plan\u00e8te aux ressources limit\u00e9es. Fatalement, ils ont beau mettre du c\u0153ur \u00e0 l\u2019ouvrage, leurs performances ne satisferont jamais personne.\u00bb<\/p>\n<p><a href=\"http:\/\/www.projet-decroissance.net\/?page_id=28\"><img loading=\"lazy\" decoding=\"async\" class=\"alignright\" alt=\"Une lecture de masse\" src=\"http:\/\/www.francenetinfos.com\/wp-content\/uploads\/2013\/05\/eco1.jpg\" width=\"208\" height=\"179\" \/><\/a><\/p>\n<p><em><strong>FNI : \u00ab Les \u00e9tudes en \u00e9conomie manquent d\u2019attrait pour les \u00e9tudiants. Pourquoi pas des slogans comme \u00ab L\u2019\u00e9conomie, science dure \u00e0 la force du poignet \u00bb ou cibl\u00e9e envers les \u00e9tudiantes : \u00ab Avec vous, l\u2019\u00e9conomie ne sera plus jamais une science molle ! \u00bb. En travaux pratiques, cela devrait attirer les \u00e9tudiants, non ? \u00bb<\/strong><\/em><\/p>\n<p><strong>VL :<\/strong>\u00a0\u00ab En effet, les \u00e9conomistes ont l\u2019air de ma\u00eetriser les pratiques qui font appel \u00e0 la force du poignet. Pour ce qui est de cr\u00e9er des usines \u00e0 gaz qu\u2019ils pr\u00e9sentent de mani\u00e8re incompr\u00e9hensible afin d\u2019en tirer un plaisir solitaire, ils excellent \u2026 Vu que c\u2019est leur unique pratique, \u00e7a ne va pas attirer les \u00e9tudiantes.\u00bb<\/p>\n<blockquote><p><em>\u2026l\u2019\u00e9conomiste est un fou dangereux en puissance\u2026<\/em><\/p><\/blockquote>\n<p><img loading=\"lazy\" decoding=\"async\" class=\"alignleft\" alt=\"Vincent Liegey  avec le Serge Latouche, penseur de la d\u00e9croissance\" src=\"http:\/\/www.francenetinfos.com\/wp-content\/uploads\/2013\/05\/eco-2.jpg\" width=\"269\" height=\"179\" \/><\/p>\n<p><em><strong>FNI : \u00ab Le mod\u00e8le \u00e9conomique en cours ne jure que par la croissance. Mais vu le contexte du moment, la solution ne serait-elle pas simplement de rajouter un pr\u00e9fixe \u00e0 la croissance ? Par exemple \u00ab d\u00e9 \u00bb pour d\u00e9croissance ? \u00bb<\/strong><\/em><\/p>\n<p><strong>VL :<\/strong>\u00a0\u00ab Depuis quelques ann\u00e9es, l\u2019\u00e9conomie progresse dans l\u2019oxymore afin de tenter de prouver son utilit\u00e9. Croissance Verte,\u00a0D\u00e9veloppement Durable, certains osent m\u00eame avancer que\u00a0<em>\u00ab\u00a0peu de croissance pollue ; beaucoup de croissance d\u00e9pollue\u00a0\u00bb<\/em>\u00a0! Le\u00a0<em>greenwashing<\/em>n\u2019a pas de limites ! Dans ces conditions l\u2019avenir de la croissance est \u00e0 la barbarie. A nous de choisir : \u00ab\u00a0D\u00e9croissance ou Barbarie\u00a0\u00bb ?\u00bb<\/p>\n<p><em><strong>FNI : \u00ab Le m\u00e9tier d\u2019\u00e9conomiste n\u2019est-il pas un peu dangereux psychologiquement ? A force de penser abstrait, ne le devient-on pas ? \u00bb<\/strong><\/em><\/p>\n<p><strong>VL :<\/strong>\u00a0\u00ab Oui \u00e0 force de croire que l\u2019on peut mod\u00e9liser le monde en faisant abstraction des r\u00e9alit\u00e9s physiques, \u00e9nerg\u00e9tiques et \u00e9cologiques. Kenneth Boulding disait\u00a0<em>\u00ab Celui qui croit qu\u2019une croissance infinie est possible dans un monde fini est soit un fou, soit un \u00e9conomiste \u00bb<\/em>. Il aurait pu rajouter que l\u2019\u00e9conomiste est un fou dangereux en puissance.\u00bb<\/p>\n<p><em><strong>FNI : \u00ab Afin de nous prouver que les \u00e9conomistes ne sont pas tous chauves et ne font pas la gueule \u00e0 la t\u00e9l\u00e9vision, vous pourriez nous raconter une blague d\u2019\u00e9conomiste ? \u00bb<\/strong><\/em><\/p>\n<p><strong>VL:<\/strong>\u00a0\u00ab je vais citer Paul Samuelson, prix nobel d\u2019\u00e9conomie :\u00a0<em>\u00ab Un \u00e9conomiste, un chimiste et un physicien sont \u00e9chou\u00e9s sur une \u00eele d\u00e9serte avec comme seul moyen de survie des bo\u00eetes de conserve, mais pas d\u2019ouvre-bo\u00eete. Le chimiste propose : \u00ab\u00a0Il n\u2019y a qu\u2019\u00e0 les mettre dans l\u2019eau de mer et attendre que le sel ronge le m\u00e9tal.\u00a0\u00bb Le physicien, quant \u00e0 lui sugg\u00e8re : \u00ab\u00a0On les pose sous un cocotier et on attend que des noix de coco les brisent en tombant.\u00a0\u00bb Enfin, l\u2019\u00e9conomiste prend alors la parole, avec aplomb : \u00ab\u00a0Bon, posons notre premi\u00e8re hypoth\u00e8se : nous avons un ouvre-bo\u00eete\u00a0\u00bb<\/em>. Ou encore :\u00a0<em>Pourquoi Dieu a-t-il cr\u00e9\u00e9 l\u2019\u00e9conomie ? Pour que les pr\u00e9visions m\u00e9t\u00e9orologiques soient prises au s\u00e9rieux.\u00a0<\/em>Tout est dit\u2026\u00bb<\/p>\n<p><em>Propos recueillis par\u00a0<a href=\"http:\/\/www.francenetinfos.com\/author\/frederic-verschaeve\/\" target=\"_blank\">Fr\u00e9d\u00e9ric Verschaeve<\/a>\u00a0du\u00a0<a href=\"http:\/\/labo21.wifeo.com\/\" target=\"_blank\">Labo21dk<\/a>\u00a0pour\u00a0<a href=\"http:\/\/www.francenetinfos.com\/\" target=\"_blank\">FranceNetInfo<\/a>. Retrouvez l\u2019ensemble des interviews sur :<a title=\"Rubrique D\u00e9cal\u00e9e\" href=\"http:\/\/www.francenetinfos.com\/category\/interview-decalee-2\/\" target=\"_blank\">\u00a0Rubrique d\u00e9cal\u00e9e<\/a><\/em><\/p>\n<p>Pour une fois, c\u2019est du s\u00e9rieux, alors pour aller plus loin sur le sujet, retrouvez quelques liens \u00e0 appronfondir :<\/p>\n<p>&#8211; La page de Vincent Liegey :\u00a0<a href=\"http:\/\/www.projet-decroissance.net\/?page_id=28\" target=\"_blank\">Un projet de d\u00e9croissance<\/a><\/p>\n<p>&#8211; Des entretiens :\u00a0<a href=\"http:\/\/www.projet-decroissance.net\/?p=194\" target=\"_blank\">vid\u00e9os<\/a><\/p>\n<p>&#8211; L\u2019origine de la d\u00e9croissance :\u00a0<a href=\"http:\/\/vimeo.com\/14288450\" target=\"_blank\">Nicholas Georgescu-Roegen<\/a><\/p>\n<p>Un grand merci \u00e0 \u00a0Vincent Liegey pour sa bonne humeur et sa disponibilit\u00e9 \u00a0!<\/p>\n","protected":false},"excerpt":{"rendered":"<p>Alors que le pays est en r\u00e9cession et cherche d\u00e9sesp\u00e9r\u00e9ment de la croissance, il y a une rubrique qui ne conna\u00eet pas la crise : l\u2019interview d\u00e9cal\u00e9e ! Ne boudons pas notre plaisir et interrogeons-nous s\u00e9rieusement sur la discipline qui &hellip; <a href=\"http:\/\/www.projet-decroissance.net\/?p=1076\">Continuer la lecture <span class=\"meta-nav\">&rarr;<\/span><\/a><\/p>\n","protected":false},"author":3,"featured_media":0,"comment_status":"closed","ping_status":"open","sticky":false,"template":"","format":"standard","meta":{"footnotes":""},"categories":[1,7],"tags":[],"class_list":["post-1076","post","type-post","status-publish","format-standard","hentry","category-actualites","category-dans-la-presse-et-sur-la-toile"],"_links":{"self":[{"href":"http:\/\/www.projet-decroissance.net\/index.php?rest_route=\/wp\/v2\/posts\/1076","targetHints":{"allow":["GET"]}}],"collection":[{"href":"http:\/\/www.projet-decroissance.net\/index.php?rest_route=\/wp\/v2\/posts"}],"about":[{"href":"http:\/\/www.projet-decroissance.net\/index.php?rest_route=\/wp\/v2\/types\/post"}],"author":[{"embeddable":true,"href":"http:\/\/www.projet-decroissance.net\/index.php?rest_route=\/wp\/v2\/users\/3"}],"replies":[{"embeddable":true,"href":"http:\/\/www.projet-decroissance.net\/index.php?rest_route=%2Fwp%2Fv2%2Fcomments&post=1076"}],"version-history":[{"count":10,"href":"http:\/\/www.projet-decroissance.net\/index.php?rest_route=\/wp\/v2\/posts\/1076\/revisions"}],"predecessor-version":[{"id":1175,"href":"http:\/\/www.projet-decroissance.net\/index.php?rest_route=\/wp\/v2\/posts\/1076\/revisions\/1175"}],"wp:attachment":[{"href":"http:\/\/www.projet-decroissance.net\/index.php?rest_route=%2Fwp%2Fv2%2Fmedia&parent=1076"}],"wp:term":[{"taxonomy":"category","embeddable":true,"href":"http:\/\/www.projet-decroissance.net\/index.php?rest_route=%2Fwp%2Fv2%2Fcategories&post=1076"},{"taxonomy":"post_tag","embeddable":true,"href":"http:\/\/www.projet-decroissance.net\/index.php?rest_route=%2Fwp%2Fv2%2Ftags&post=1076"}],"curies":[{"name":"wp","href":"https:\/\/api.w.org\/{rel}","templated":true}]}}