{"id":1088,"date":"2013-06-02T17:36:09","date_gmt":"2013-06-02T17:36:09","guid":{"rendered":"http:\/\/www.projet-decroissance.net\/?p=1088"},"modified":"2013-07-07T08:57:17","modified_gmt":"2013-07-07T08:57:17","slug":"un-projet-de-decroissance-laventure-continue-les-prochaines-rencontres-les-dernieres-recensions","status":"publish","type":"post","link":"http:\/\/www.projet-decroissance.net\/?p=1088","title":{"rendered":"Un Projet de D\u00e9croissance, l&rsquo;aventure continue : les prochaines rencontres, les derni\u00e8res recensions"},"content":{"rendered":"<p><em><a href=\"http:\/\/www.projet-decroissance.net\/wp-content\/uploads\/2013\/04\/Chat-projet-decroissance.jpeg\"><img loading=\"lazy\" decoding=\"async\" class=\"alignleft\" alt=\"Chat-projet-decroissance\" src=\"http:\/\/www.projet-decroissance.net\/wp-content\/uploads\/2013\/04\/Chat-projet-decroissance.jpeg\" width=\"277\" height=\"207\" \/><\/a><\/em>&lsquo;aventure d&rsquo; \u00ab\u00a0Un Projet de D\u00e9croissance\u00a0\u00bb continue. Nous vous invitons \u00e0 nos prochaines rencontres \u00e0 Paris, dans le Nord et en Belgique, en attendant de nouvelles destinations cet \u00e9t\u00e9 et \u00e0 l&rsquo;automne :<\/p>\n<ul>\n<li><a title=\"Lien permanent vers Un Projet de D\u00e9croissance \u00e0 Paris \u00e0 la librairie les guetteurs de vent, le vendredi 14 juin 2013\" href=\"http:\/\/www.projet-decroissance.net\/?p=1071\" rel=\"bookmark\">\u00e0 Paris \u00e0 la librairie les guetteurs de vent, le vendredi 14 juin \u00e018h<\/a><\/li>\n<li>\u00e0 la <a href=\"http:\/\/esee2013.sciencesconf.org\/\" target=\"_blank\">conf\u00e9rence universitaire de l&rsquo;\u00e9conomie de l&rsquo;\u00e9cologie<\/a> (Reims, Lille).<\/li>\n<li><a title=\"Lien permanent vers Un Projet de D\u00e9croissance \u00e0 Lille le jeudi 20 juin 2013\" href=\"http:\/\/www.projet-decroissance.net\/?p=1054\" rel=\"bookmark\">\u00e0 Lille, \u00e0\u00a0la Coroutine,\u00a0le jeudi 20 juin \u00e0 20h<\/a><\/li>\n<li><a href=\"http:\/\/www.projet-decroissance.net\/?p=1059\" target=\"_blank\">\u00e0 Li\u00e9vin,\u00a0au LAG\u00a0le samedi 22 juin \u00e0 10h30<\/a><\/li>\n<li><a title=\"Lien permanent vers Un Projet de D\u00e9croissance \u00e0 Bruxelles \u00e0 la Librairie\/Caf\u00e9 100 papiers le lundi 24 juin\" href=\"http:\/\/www.projet-decroissance.net\/?p=1074\" rel=\"bookmark\">\u00e0 Bruxelles, \u00e0 la Librairie\/Caf\u00e9 100 papiers, le lundi 24 juin \u00e0 19h30<\/a><\/li>\n<li><a title=\"Lien permanent vers Un Projet de D\u00e9croissance \u00e0 Louvain-la-Neuve le mercredi 26 juin (Belgique)\" href=\"http:\/\/www.projet-decroissance.net\/?p=1063\" rel=\"bookmark\">\u00e0 Louvain-la-Neuve le mercredi 26 juin<\/a><\/li>\n<li>\u00e0 <a href=\"http:\/\/cadtm.org\/3e-Universite-d-ete-du-CADTM\" target=\"_blank\">l&rsquo;universit\u00e9 d&rsquo;\u00e9t\u00e9 du Comit\u00e9 Pour l&rsquo;Annulation de la Dette du Tiers Monde (CADTM)<\/a>, \u00e0 Namur les 28, 29 et 30 juin.<\/li>\n<\/ul>\n<p><!--more-->Le d\u00e9bat continue aussi dans les m\u00e9dias :<\/p>\n<ul>\n<li><a title=\"\u00ab Un projet de d\u00e9croissance \u00bb sur Radio France Internationale (RFI), interview de Vincent Liegey par Christine Siebert\" href=\"http:\/\/www.projet-decroissance.net\/?p=1081\">\u00ab Un projet de d\u00e9croissance \u00bb sur Radio France Internationale (RFI), interview de Vincent Liegey par Christine Siebert<\/a><\/li>\n<li><a title=\"\u00ab\u00a0Un Projet de D\u00e9croissance\u00a0\u00bb \u00c9conomiquement d\u00e9cal\u00e9 ! dans France Net Info\" href=\"http:\/\/www.projet-decroissance.net\/?p=1076\">\u00ab\u00a0Un Projet de D\u00e9croissance\u00a0\u00bb \u00c9conomiquement d\u00e9cal\u00e9 ! dans France Net Info<\/a><\/li>\n<li><a title=\"Lien permanent vers Un Projet de D\u00e9croissance dans S!lence : 3 questions \u00e0 Anisabel Veillot, Christophe Ondet, St\u00e9phane Madelaine et Vincent Liegey\" href=\"http:\/\/www.projet-decroissance.net\/?p=983\" rel=\"bookmark\">Un Projet de D\u00e9croissance dans S!lence : 3 questions \u00e0 Anisabel Veillot, Christophe Ondet, St\u00e9phane Madelaine et Vincent Liegey<\/a><\/li>\n<\/ul>\n<p>Retrouver aussi la vid\u00e9o de la rencontre de Lyon en mai dernier<\/p>\n<p><em id=\"__mceDel\"><iframe loading=\"lazy\" src=\"http:\/\/www.dailymotion.com\/embed\/video\/xzwmaa\" height=\"315\" width=\"560\" frameborder=\"0\"><\/iframe><\/em><\/p>\n<p>A bient\u00f4t,<\/p>\n<div>\n<p><strong>Vincent Liegey, St\u00e9phane Madelaine, Christophe Ondet, Anne-Isabelle Veillot<\/strong>.<br \/>\n<strong><em>Un projet de d\u00e9croissance. Manifeste pour une dotation inconditionnelle d\u2019autonomie,\u00a0<\/em>de , pr\u00e9face de Paul Ari\u00e8s. Les \u00e9ditions Utopia, 150 pages, 7 euros.<\/strong><br \/>\n<!--more--><br \/>\nA lire et \u00e9couter :<\/p>\n<ul>\n<li><a href=\"http:\/\/www.projet-decroissance.net\/?p=822\" target=\"_blank\">Un Projet de D\u00e9croissance dans Le Monde<\/a>\u00a0:\u00a0La d\u00e9croissance, mode d\u2019emploi<\/li>\n<li><a href=\"http:\/\/www.projet-decroissance.net\/?p=930\" target=\"_blank\">Un Projet de D\u00e9croissance sur France Culture<\/a>\u00a0: Terre \u00e0 Terre, avec Vincent Liegey par Ruth St\u00e9gassy<\/li>\n<li><a href=\"http:\/\/www.projet-decroissance.net\/?p=943\" target=\"_blank\">Un Projet de D\u00e9croissance dans Lib\u00e9ration<\/a>\u00a0: Vincent Liegey: \u00abOn ne peut plus cro\u00eetre dans un monde fini\u00bb<\/li>\n<li><a href=\"http:\/\/www.projet-decroissance.net\/?p=860\" target=\"_blank\">Un Projet de D\u00e9croissance dans BastaMag<\/a>\u00a0: \u00ab La libert\u00e9 de consommer est une illusion bien cher pay\u00e9e \u00bb<\/li>\n<li><a href=\"http:\/\/www.projet-decroissance.net\/?p=810\" target=\"_blank\">Un projet de D\u00e9croissance sur France Culture Plus<\/a>\u00a0:\u00a0Etat des lieux du mouvement d\u00e9croissant en Europe<\/li>\n<li><a title=\"Lien permanent vers Rue89 : Un projet provocateur : \u00ab Faire payer le prix r\u00e9el de ce qu\u2019on consomme \u00bb\" href=\"http:\/\/www.projet-decroissance.net\/?p=692\" target=\"_blank\" rel=\"bookmark\">Rue89 : Un projet provocateur : \u00ab Faire payer le prix r\u00e9el de ce qu\u2019on consomme \u00bb<\/a><\/li>\n<li><a title=\"Lien permanent vers La transition est en marche ! \u2013 Sur Reporterre.net\" href=\"http:\/\/www.projet-decroissance.net\/?p=672\" target=\"_blank\" rel=\"bookmark\">La transition est en marche ! \u2013 Sur Reporterre.net<\/a><\/li>\n<li><a title=\"Lien permanent vers Qu\u2019est-ce que la dotation inconditionnelle d\u2019autonomie ?\" href=\"http:\/\/www.projet-decroissance.net\/?p=700\" target=\"_blank\" rel=\"bookmark\">Qu\u2019est-ce que la dotation inconditionnelle d\u2019autonomie ?<\/a>\u00a0&#8211; Une minute, une question.<\/li>\n<\/ul>\n<p>Retrouver les rencontres \u00e0 venir sur notre\u00a0<a title=\"Ce livre est aussi un pr\u00e9texte&lt;br \/&gt;&lt;br \/&gt;&lt;br \/&gt;&lt;br \/&gt;           pour se rencontrer et organiser des discussions et d\u00e9bats&lt;br \/&gt;&lt;br \/&gt;&lt;br \/&gt;&lt;br \/&gt;           conviviaux autour de la D\u00e9croissance.&lt;br \/&gt;&lt;br&lt;br \/&gt;&lt;br \/&gt;&lt;br \/&gt;&lt;br \/&gt;           \/&gt;&lt;br \/&gt;&lt;br \/&gt;&lt;br \/&gt;&lt;br \/&gt;&lt;br \/&gt;&lt;br \/&gt;&lt;br \/&gt;           Ainsi, nous sommes ouvert-e-s \u00e0 toutes propositions de&lt;br \/&gt;&lt;br \/&gt;&lt;br \/&gt;&lt;br \/&gt;           rencontres que ce soit dans un bar, une librairies, un lieu&lt;br \/&gt;&lt;br \/&gt;&lt;br \/&gt;&lt;br \/&gt;           alternatifs, une salle des f\u00eates, un appartements, etc.&lt;br&lt;br \/&gt;&lt;br \/&gt;&lt;br \/&gt;&lt;br \/&gt;           \/&gt;&lt;br \/&gt;&lt;br \/&gt;&lt;br \/&gt;&lt;br \/&gt;&lt;br \/&gt;&lt;br \/&gt;&lt;br \/&gt;&lt;br \/&gt;           N'h\u00e9sitez pas \u00e0 nous contacter : contact [ at ]&lt;br \/&gt;&lt;br \/&gt;&lt;br \/&gt;&lt;br \/&gt;           projet-decroissance.net.&lt;br \/&gt;&lt;br \/&gt;&lt;br&lt;br \/&gt;&lt;br \/&gt;&lt;br \/&gt;&lt;br \/&gt;           \/&gt;&lt;br \/&gt;&lt;br \/&gt;&lt;br \/&gt;&lt;br \/&gt;&lt;br \/&gt;&lt;br \/&gt;           Nous envisageons des rencontres \u00e0 Paris, Lyon,&lt;br \/&gt;&lt;br \/&gt;&lt;br \/&gt;&lt;br \/&gt;           Clermont-Ferrand, dans l'Est, en Bretagne, \u00e0 Budapest, en&lt;br \/&gt;&lt;br \/&gt;&lt;br \/&gt;&lt;br \/&gt;           Suisse, en Belgique, dans le Nord, dans le sud, etc.\" href=\"http:\/\/www.projet-decroissance.net\/?cat=6\" target=\"_blank\">Agenda<\/a>.<\/p>\n<p>Et aussi :<\/p>\n<p><img loading=\"lazy\" decoding=\"async\" class=\"alignright\" alt=\"\" src=\"http:\/\/www.projet-decroissance.net\/wp-content\/uploads\/2012\/12\/manifeste-dia-couverture140.jpg\" width=\"140\" height=\"229\" \/><\/p>\n<ul>\n<li><a title=\"Lien permanent vers Pourquoi ce livre ?\" href=\"http:\/\/www.projet-decroissance.net\/?p=574\" target=\"_blank\" rel=\"bookmark\">Pourquoi ce livre ?<\/a><\/li>\n<li><a title=\"Lien permanent vers Pourquoi ce livre ?\" href=\"http:\/\/www.projet-decroissance.net\/?p=574\" target=\"_blank\" rel=\"bookmark\">Pr\u00e9face de Paul Ari\u00e8s<\/a><\/li>\n<li><a title=\"Lien permanent vers Les auteurs\" href=\"http:\/\/www.projet-decroissance.net\/?p=576\" target=\"_blank\" rel=\"bookmark\">Les auteurs<\/a><\/li>\n<li><a title=\"Lien permanent vers Vid\u00e9o : La Dotation Inconditionnelle d\u2019Autonomie (DIA)\" href=\"http:\/\/www.projet-decroissance.net\/?p=550\" target=\"_blank\" rel=\"bookmark\">Vid\u00e9o : La Dotation Inconditionnelle d\u2019Autonomie (DIA)<\/a><\/li>\n<li><a title=\"Lien permanent vers Qu\u2019est-ce que la D\u00e9croissance ?\" href=\"http:\/\/www.projet-decroissance.net\/?p=581\" target=\"_blank\" rel=\"bookmark\">Qu\u2019est-ce que la D\u00e9croissance ?<\/a><\/li>\n<li><a href=\"http:\/\/www.projet-decroissance.net\/?p=999\" target=\"_blank\">Aux origines de la D\u00e9croissance sur France Culture avec Serge Latouche<\/a><\/li>\n<li><a title=\"Lien permanent vers Revenu Inconditionnel d\u2019Existence ou Dotation Inconditionnelle d\u2019Autonomie ?\" href=\"http:\/\/www.projet-decroissance.net\/?p=207\" target=\"_blank\" rel=\"bookmark\">Revenu Inconditionnel d\u2019Existence ou Dotation Inconditionnelle d\u2019Autonomie ?<\/a><\/li>\n<li><a title=\"Lien permanent vers Pour acheter le livre en ligne, rien de telle que la boutique militante des d\u00e9sob\u00e9issants\" href=\"http:\/\/www.projet-decroissance.net\/?p=665\" target=\"_blank\" rel=\"bookmark\">Pour acheter le livre en ligne, rien de telle que la boutique militante des d\u00e9sob\u00e9issants<\/a><\/li>\n<li><a href=\"http:\/\/www.projet-decroissance.net\/?p=841\" target=\"_blank\">Tableau r\u00e9capitulatif 1 : La Dotation Inconditionnelle d\u2019Autonomie : quels contenus ?<\/a><\/li>\n<li><a href=\"http:\/\/www.projet-decroissance.net\/?p=842\" target=\"_blank\">Tableau r\u00e9capitulatif 2 : La Dotation Inconditionnelle d\u2019Autonomie : quelles mises en place ?<\/a><\/li>\n<\/ul>\n<p><em>\u00ab\u00a0[&#8230;] La condition pour r\u00e9ussir cette transformation radicale de l\u2019\u00e9conomie est\u00a0<em>\u00ab\u00a0une forte adh\u00e9sion de tous et une participation \u00e0 cette volont\u00e9 de changement\u00a0\u00bb<\/em>.\u00a0Pour le moins\u2026\u00a0Mais il faut bien commencer un jour, et ce petit livre stimulant y contribue incontestablement.\u00a0\u00bb\u00a0<strong>Herv\u00e9 Kempf dans\u00a0<a href=\"http:\/\/www.lemonde.fr\/economie\/article\/2013\/03\/11\/la-decroissance-mode-d-emploi_1845977_3234.html?xtmc=liegey&amp;xtcr=1\" target=\"_blank\">Le Monde<\/a><em>.<\/em><\/strong><\/em><\/p>\n<\/div>\n<div><\/div>\n<p>&nbsp;<\/p>\n","protected":false},"excerpt":{"rendered":"<p>&lsquo;aventure d&rsquo; \u00ab\u00a0Un Projet de D\u00e9croissance\u00a0\u00bb continue. Nous vous invitons \u00e0 nos prochaines rencontres \u00e0 Paris, dans le Nord et en Belgique, en attendant de nouvelles destinations cet \u00e9t\u00e9 et \u00e0 l&rsquo;automne : \u00e0 Paris \u00e0 la librairie les guetteurs &hellip; <a href=\"http:\/\/www.projet-decroissance.net\/?p=1088\">Continuer la lecture <span class=\"meta-nav\">&rarr;<\/span><\/a><\/p>\n","protected":false},"author":3,"featured_media":0,"comment_status":"closed","ping_status":"open","sticky":false,"template":"","format":"standard","meta":{"footnotes":""},"categories":[1,6],"tags":[],"class_list":["post-1088","post","type-post","status-publish","format-standard","hentry","category-actualites","category-agenda"],"_links":{"self":[{"href":"http:\/\/www.projet-decroissance.net\/index.php?rest_route=\/wp\/v2\/posts\/1088","targetHints":{"allow":["GET"]}}],"collection":[{"href":"http:\/\/www.projet-decroissance.net\/index.php?rest_route=\/wp\/v2\/posts"}],"about":[{"href":"http:\/\/www.projet-decroissance.net\/index.php?rest_route=\/wp\/v2\/types\/post"}],"author":[{"embeddable":true,"href":"http:\/\/www.projet-decroissance.net\/index.php?rest_route=\/wp\/v2\/users\/3"}],"replies":[{"embeddable":true,"href":"http:\/\/www.projet-decroissance.net\/index.php?rest_route=%2Fwp%2Fv2%2Fcomments&post=1088"}],"version-history":[{"count":15,"href":"http:\/\/www.projet-decroissance.net\/index.php?rest_route=\/wp\/v2\/posts\/1088\/revisions"}],"predecessor-version":[{"id":1105,"href":"http:\/\/www.projet-decroissance.net\/index.php?rest_route=\/wp\/v2\/posts\/1088\/revisions\/1105"}],"wp:attachment":[{"href":"http:\/\/www.projet-decroissance.net\/index.php?rest_route=%2Fwp%2Fv2%2Fmedia&parent=1088"}],"wp:term":[{"taxonomy":"category","embeddable":true,"href":"http:\/\/www.projet-decroissance.net\/index.php?rest_route=%2Fwp%2Fv2%2Fcategories&post=1088"},{"taxonomy":"post_tag","embeddable":true,"href":"http:\/\/www.projet-decroissance.net\/index.php?rest_route=%2Fwp%2Fv2%2Ftags&post=1088"}],"curies":[{"name":"wp","href":"https:\/\/api.w.org\/{rel}","templated":true}]}}