{"id":1152,"date":"2013-07-06T16:47:39","date_gmt":"2013-07-06T16:47:39","guid":{"rendered":"http:\/\/www.projet-decroissance.net\/?p=1152"},"modified":"2013-07-07T08:23:44","modified_gmt":"2013-07-07T08:23:44","slug":"radio-un-projet-de-decroissance-a-lappel-de-lescargot-interview-de-vincent-liegey-sur-radio-campus-lille-avec-les-oc-lille","status":"publish","type":"post","link":"http:\/\/www.projet-decroissance.net\/?p=1152","title":{"rendered":"Radio : Un Projet de D\u00e9croissance \u00e0 l&rsquo;appel de l&rsquo;Escargot &#8211; Interview de Vincent Liegey sur Radio Campus Lille avec les OC Lille"},"content":{"rendered":"<p style=\"text-align: left;\"><a href=\"http:\/\/www.oclille.fr\/2013\/07\/03\/lappel-des-escargots-du-26062013\/\" target=\"_blank\"><img loading=\"lazy\" decoding=\"async\" alt=\"Objecteurs de croissance de Lille\" src=\"http:\/\/objecteursdecroissancedelille.files.wordpress.com\/2012\/05\/cropped-headeroclille2.jpg\" width=\"564\" height=\"150\" \/><br \/>\n<\/a><em>L\u2019appel des escargots est un appel \u00e0 la raison, au bon sens. Chaque mois, les escargots et leurs invit\u00e9s abordent un th\u00e8me sp\u00e9cifique, un th\u00e8me d\u2019actualit\u00e9 et vous donnent des pistes pour sortir de la soci\u00e9t\u00e9 de consommation.<\/em><\/p>\n<p><strong>Radio Campus<\/strong>\u00a0(106.6 fm) a diffus\u00e9 notre neuvi\u00e8me magazine le mercredi 26\/06\/2013 de midi \u00e0 13h.<\/p>\n<h6><a href=\"http:\/\/www-radio-campus.univ-lille1.fr\/ArchivesN\/2013-06-26\/12h.mp3\">Cliquez ici pour t\u00e9l\u00e9charger l\u2019\u00e9mission.<\/a><\/h6>\n<p>[audio:http:\/\/www-radio-campus.univ-lille1.fr\/ArchivesN\/2013-06-26\/12h.mp3] Ce mois-ci nous avons re\u00e7u comme invit\u00e9 : Vincent Liegey, un des auteurs\u00a0<em>d\u2019Un projet de d\u00e9croissance<\/em> <a href=\"http:\/\/www.google.fr\/imgres?um=1&amp;sa=N&amp;hl=fr&amp;biw=1366&amp;bih=667&amp;tbm=isch&amp;tbnid=iEEcNUCtPcXoHM:&amp;imgrefurl=http:\/\/www.mouvementutopia.org\/blog\/index.php%3Fcategory\/Editions-UTOPIA&amp;docid=C94eoCuvsPyPLM&amp;imgurl=http:\/\/i0.wp.com\/www.mouvementutopia.org\/blog\/public\/images\/.budapest-liegey-vincent-decroissance-projet_m.jpg?resize=460%2C396&amp;w=460&amp;h=396&amp;ei=NvDTUev0GcXb7AaTuIGwDw&amp;zoom=1&amp;iact=hc&amp;vpx=76&amp;vpy=268&amp;dur=60&amp;hovh=208&amp;hovw=242&amp;tx=119&amp;ty=113&amp;page=1&amp;tbnh=128&amp;tbnw=191&amp;start=0&amp;ndsp=20&amp;ved=1t:429,r:14,s:0,i:127\"><img loading=\"lazy\" decoding=\"async\" class=\"alignleft\" alt=\"\" src=\"http:\/\/i0.wp.com\/www.mouvementutopia.org\/blog\/public\/images\/.budapest-liegey-vincent-decroissance-projet_m.jpg?resize=460%2C396\" width=\"276\" height=\"238\" \/><\/a> <a href=\"http:\/\/www.projet-decroissance.net\/\" target=\"_blank\">http:\/\/www.projet-decroissance.net\/<\/a> \u00a0 <b><i>Un projet de d\u00e9croissance. Manifeste pour une dotation inconditionnelle d\u2019autonomie,\u00a0<\/i>de<\/b><strong>\u00a0Vincent Liegey, St\u00e9phane Madelaine, Christophe Ondet, Anne-Isabelle Veillot\u00a0\u00a0, pr\u00e9face de Paul Ari\u00e8s. Les \u00e9ditions Utopia, 150 pages, 7 euros.<\/strong> <b>Pour en savoir plus<\/b> <b>A lire et \u00e9couter :<\/b> <!--more--><\/p>\n<ul>\n<li><a href=\"http:\/\/www.projet-decroissance.net\/?p=822\" target=\"_blank\">Un Projet de D\u00e9croissance dans Le Monde<\/a>\u00a0:\u00a0La d\u00e9croissance, mode d\u2019emploi<\/li>\n<li><a href=\"http:\/\/www.projet-decroissance.net\/?p=930\" target=\"_blank\">Un Projet de D\u00e9croissance sur France Culture<\/a>\u00a0: Terre \u00e0 Terre, avec Vincent Liegey par Ruth St\u00e9gassy<\/li>\n<li><a href=\"http:\/\/www.projet-decroissance.net\/?p=943\" target=\"_blank\">Un Projet de D\u00e9croissance dans Lib\u00e9ration<\/a>\u00a0: Vincent Liegey: \u00abOn ne peut plus cro\u00eetre dans un monde fini\u00bb<\/li>\n<li><a href=\"http:\/\/www.projet-decroissance.net\/?p=860\" target=\"_blank\">Un Projet de D\u00e9croissance dans BastaMag<\/a>\u00a0: \u00ab La libert\u00e9 de consommer est une illusion bien cher pay\u00e9e \u00bb<\/li>\n<li><a href=\"http:\/\/www.projet-decroissance.net\/?p=810\" target=\"_blank\">Un projet de D\u00e9croissance sur France Culture Plus<\/a>\u00a0:\u00a0Etat des lieux du mouvement d\u00e9croissant en Europe<\/li>\n<li><a title=\"Lien permanent vers Rue89 : Un projet provocateur : \u00ab Faire payer le prix r\u00e9el de ce qu\u2019on consomme \u00bb\" href=\"http:\/\/www.projet-decroissance.net\/?p=692\" target=\"_blank\" rel=\"bookmark\">Rue89 : Un projet provocateur : \u00ab Faire payer le prix r\u00e9el de ce qu\u2019on consomme \u00bb<\/a><\/li>\n<li><a title=\"Lien permanent vers La transition est en marche ! \u2013 Sur Reporterre.net\" href=\"http:\/\/www.projet-decroissance.net\/?p=672\" target=\"_blank\" rel=\"bookmark\">La transition est en marche ! \u2013 Sur Reporterre.net<\/a><\/li>\n<li><a title=\"Lien permanent vers Qu\u2019est-ce que la dotation inconditionnelle d\u2019autonomie ?\" href=\"http:\/\/www.projet-decroissance.net\/?p=700\" target=\"_blank\" rel=\"bookmark\">Qu\u2019est-ce que la dotation inconditionnelle d\u2019autonomie ?<\/a>\u00a0&#8211; Une minute, une question.<\/li>\n<\/ul>\n<p>Retrouver les rencontres \u00e0 venir sur notre\u00a0<a title=\"Ce livre est aussi un pr\u00e9texte&lt;br \/&gt;&lt;br \/&gt;&lt;br \/&gt;&lt;br \/&gt;           pour se rencontrer et organiser des discussions et d\u00e9bats&lt;br \/&gt;&lt;br \/&gt;&lt;br \/&gt;&lt;br \/&gt;           conviviaux autour de la D\u00e9croissance.&lt;br \/&gt;&lt;br&lt;br \/&gt;&lt;br \/&gt;&lt;br \/&gt;&lt;br \/&gt;           \/&gt;&lt;br \/&gt;&lt;br \/&gt;&lt;br \/&gt;&lt;br \/&gt;&lt;br \/&gt;&lt;br \/&gt;&lt;br \/&gt;           Ainsi, nous sommes ouvert-e-s \u00e0 toutes propositions de&lt;br \/&gt;&lt;br \/&gt;&lt;br \/&gt;&lt;br \/&gt;           rencontres que ce soit dans un bar, une librairies, un lieu&lt;br \/&gt;&lt;br \/&gt;&lt;br \/&gt;&lt;br \/&gt;           alternatifs, une salle des f\u00eates, un appartements, etc.&lt;br&lt;br \/&gt;&lt;br \/&gt;&lt;br \/&gt;&lt;br \/&gt;           \/&gt;&lt;br \/&gt;&lt;br \/&gt;&lt;br \/&gt;&lt;br \/&gt;&lt;br \/&gt;&lt;br \/&gt;&lt;br \/&gt;&lt;br \/&gt;           N'h\u00e9sitez pas \u00e0 nous contacter : contact [ at ]&lt;br \/&gt;&lt;br \/&gt;&lt;br \/&gt;&lt;br \/&gt;           projet-decroissance.net.&lt;br \/&gt;&lt;br \/&gt;&lt;br&lt;br \/&gt;&lt;br \/&gt;&lt;br \/&gt;&lt;br \/&gt;           \/&gt;&lt;br \/&gt;&lt;br \/&gt;&lt;br \/&gt;&lt;br \/&gt;&lt;br \/&gt;&lt;br \/&gt;           Nous envisageons des rencontres \u00e0 Paris, Lyon,&lt;br \/&gt;&lt;br \/&gt;&lt;br \/&gt;&lt;br \/&gt;           Clermont-Ferrand, dans l'Est, en Bretagne, \u00e0 Budapest, en&lt;br \/&gt;&lt;br \/&gt;&lt;br \/&gt;&lt;br \/&gt;           Suisse, en Belgique, dans le Nord, dans le sud, etc.\" href=\"http:\/\/www.projet-decroissance.net\/?cat=6\" target=\"_blank\">Agenda<\/a>. <b>Et aussi :<\/b><\/p>\n<ul>\n<li><a title=\"Lien permanent vers Pourquoi ce livre ?\" href=\"http:\/\/www.projet-decroissance.net\/?p=574\" target=\"_blank\" rel=\"bookmark\">Pourquoi ce livre ?<\/a><\/li>\n<li><a title=\"Lien permanent vers Pourquoi ce livre ?\" href=\"http:\/\/www.projet-decroissance.net\/?p=574\" target=\"_blank\" rel=\"bookmark\">Pr\u00e9face de Paul Ari\u00e8s<\/a><\/li>\n<li><a title=\"Lien permanent vers Les auteurs\" href=\"http:\/\/www.projet-decroissance.net\/?p=576\" target=\"_blank\" rel=\"bookmark\">Les auteurs<\/a><\/li>\n<li><a title=\"Lien permanent vers Vid\u00e9o : La Dotation Inconditionnelle d\u2019Autonomie (DIA)\" href=\"http:\/\/www.projet-decroissance.net\/?p=550\" target=\"_blank\" rel=\"bookmark\">Vid\u00e9o : La Dotation Inconditionnelle d\u2019Autonomie (DIA)<\/a><\/li>\n<li><a title=\"Lien permanent vers Qu\u2019est-ce que la D\u00e9croissance ?\" href=\"http:\/\/www.projet-decroissance.net\/?p=581\" target=\"_blank\" rel=\"bookmark\">Qu\u2019est-ce que la D\u00e9croissance ?<\/a><\/li>\n<li><a href=\"http:\/\/www.projet-decroissance.net\/?p=999\" target=\"_blank\">Aux origines de la D\u00e9croissance sur France Culture avec Serge Latouche<\/a><\/li>\n<li><a title=\"Lien permanent vers Revenu Inconditionnel d\u2019Existence ou Dotation Inconditionnelle d\u2019Autonomie ?\" href=\"http:\/\/www.projet-decroissance.net\/?p=207\" target=\"_blank\" rel=\"bookmark\">Revenu Inconditionnel d\u2019Existence ou Dotation Inconditionnelle d\u2019Autonomie ?<\/a><\/li>\n<li><a title=\"Lien permanent vers Pour acheter le livre en ligne, rien de telle que la boutique militante des d\u00e9sob\u00e9issants\" href=\"http:\/\/www.projet-decroissance.net\/?p=665\" target=\"_blank\" rel=\"bookmark\">Pour acheter le livre en ligne, rien de telle que la boutique militante des d\u00e9sob\u00e9issants<\/a><\/li>\n<li><a href=\"http:\/\/www.projet-decroissance.net\/?p=841\" target=\"_blank\">Tableau r\u00e9capitulatif 1 : La Dotation Inconditionnelle d\u2019Autonomie : quels contenus ?<\/a><\/li>\n<li><a href=\"http:\/\/www.projet-decroissance.net\/?p=842\" target=\"_blank\">Tableau r\u00e9capitulatif 2 : La Dotation Inconditionnelle d\u2019Autonomie : quelles mises en place ?<\/a><\/li>\n<\/ul>\n<p><i>\u00ab\u00a0[&#8230;] La condition pour r\u00e9ussir cette transformation radicale de l\u2019\u00e9conomie est\u00a0<i>\u00ab\u00a0une forte adh\u00e9sion de tous et une participation \u00e0 cette volont\u00e9 de changement\u00a0\u00bb<\/i>.\u00a0Pour le moins\u2026\u00a0Mais il faut bien commencer un jour, et ce petit livre stimulant y contribue incontestablement.\u00a0\u00bb\u00a0Herv\u00e9 Kempf dans\u00a0<a href=\"http:\/\/www.lemonde.fr\/economie\/article\/2013\/03\/11\/la-decroissance-mode-d-emploi_1845977_3234.html?xtmc=liegey&amp;xtcr=1\" target=\"_blank\">Le Monde<\/a>.<\/i><\/p>\n","protected":false},"excerpt":{"rendered":"<p>L\u2019appel des escargots est un appel \u00e0 la raison, au bon sens. Chaque mois, les escargots et leurs invit\u00e9s abordent un th\u00e8me sp\u00e9cifique, un th\u00e8me d\u2019actualit\u00e9 et vous donnent des pistes pour sortir de la soci\u00e9t\u00e9 de consommation. Radio Campus\u00a0(106.6 &hellip; <a href=\"http:\/\/www.projet-decroissance.net\/?p=1152\">Continuer la lecture <span class=\"meta-nav\">&rarr;<\/span><\/a><\/p>\n","protected":false},"author":3,"featured_media":0,"comment_status":"closed","ping_status":"open","sticky":false,"template":"","format":"standard","meta":{"footnotes":""},"categories":[1,7],"tags":[],"class_list":["post-1152","post","type-post","status-publish","format-standard","hentry","category-actualites","category-dans-la-presse-et-sur-la-toile"],"_links":{"self":[{"href":"http:\/\/www.projet-decroissance.net\/index.php?rest_route=\/wp\/v2\/posts\/1152","targetHints":{"allow":["GET"]}}],"collection":[{"href":"http:\/\/www.projet-decroissance.net\/index.php?rest_route=\/wp\/v2\/posts"}],"about":[{"href":"http:\/\/www.projet-decroissance.net\/index.php?rest_route=\/wp\/v2\/types\/post"}],"author":[{"embeddable":true,"href":"http:\/\/www.projet-decroissance.net\/index.php?rest_route=\/wp\/v2\/users\/3"}],"replies":[{"embeddable":true,"href":"http:\/\/www.projet-decroissance.net\/index.php?rest_route=%2Fwp%2Fv2%2Fcomments&post=1152"}],"version-history":[{"count":3,"href":"http:\/\/www.projet-decroissance.net\/index.php?rest_route=\/wp\/v2\/posts\/1152\/revisions"}],"predecessor-version":[{"id":1194,"href":"http:\/\/www.projet-decroissance.net\/index.php?rest_route=\/wp\/v2\/posts\/1152\/revisions\/1194"}],"wp:attachment":[{"href":"http:\/\/www.projet-decroissance.net\/index.php?rest_route=%2Fwp%2Fv2%2Fmedia&parent=1152"}],"wp:term":[{"taxonomy":"category","embeddable":true,"href":"http:\/\/www.projet-decroissance.net\/index.php?rest_route=%2Fwp%2Fv2%2Fcategories&post=1152"},{"taxonomy":"post_tag","embeddable":true,"href":"http:\/\/www.projet-decroissance.net\/index.php?rest_route=%2Fwp%2Fv2%2Ftags&post=1152"}],"curies":[{"name":"wp","href":"https:\/\/api.w.org\/{rel}","templated":true}]}}