{"id":1184,"date":"2013-07-09T09:20:43","date_gmt":"2013-07-09T09:20:43","guid":{"rendered":"http:\/\/www.projet-decroissance.net\/?p=1184"},"modified":"2013-09-05T13:58:57","modified_gmt":"2013-09-05T13:58:57","slug":"lete-des-premieres-moissons-pour-un-projet-de-decroissance","status":"publish","type":"post","link":"http:\/\/www.projet-decroissance.net\/?p=1184","title":{"rendered":"L&rsquo;\u00e9t\u00e9 des premi\u00e8res moissons pour \u00ab\u00a0Un Projet de D\u00e9croissance\u00a0\u00bb"},"content":{"rendered":"<div>\n<p><span style=\"color: #000000;\"><a href=\"http:\/\/www.projet-decroissance.net\/wp-content\/uploads\/2013\/07\/Decroissance-Projet.jpeg\"><img loading=\"lazy\" decoding=\"async\" class=\"alignleft\" alt=\"Decroissance-Projet\" src=\"http:\/\/www.projet-decroissance.net\/wp-content\/uploads\/2013\/07\/Decroissance-Projet.jpeg\" width=\"207\" height=\"277\" \/><\/a>En janvier dernier sortait \u00ab\u00a0<a href=\"http:\/\/www.projet-decroissance.net\/\" target=\"_blank\"><em>Un Projet de D\u00e9croissance<\/em><\/a>\u00ab\u00a0. Depuis, nous avons particip\u00e9 \u00e0 une vingtaine de discussions publiques en Suisse, <a href=\"http:\/\/www.projet-decroissance.net\/?p=1088\" target=\"_blank\">en Belgique et un peu partout en France<\/a>. De nouvelles rencontres s&rsquo;organisent pour la rentr\u00e9e en r\u00e9gion parisienne, dans le Centre, dans le Sud-Ouest, en Bretagne, de nouveau \u00e0 Gen\u00e8ve et \u00e0 Bruxelles, etc.<\/span><\/p>\n<p><span style=\"color: #000000;\">Ce Projet de D\u00e9croissance s&rsquo;internationalise avec une publication prochaine au\u00a0Qu\u00e9bec, en Hongrie et en Espagne. D&rsquo;autres traductions et \u00e9ditions \u00e9trang\u00e8res se mettent en place en Europe, en Am\u00e9rique du Sud. Le livre commence m\u00eame \u00e0 se partager en Afrique.<\/span><\/p>\n<p><span style=\"color: #000000;\"><a href=\"http:\/\/www.projet-decroissance.net\/?p=954\" target=\"_blank\">La D\u00e9croissance avec ses questions, sa critique radicale et multidimensionnelle interpelle<\/a>. Le projet de D\u00e9croissance suscite de l&rsquo;int\u00e9r\u00eat et du d\u00e9bat. En t\u00e9moignent les interviews et articles de qualit\u00e9, ainsi que les discussions lors des r\u00e9unions publiques.<\/span><\/p>\n<p><span style=\"color: #000000;\">Nous pouvons identifier un certain nombre de questions, contradictions ou demandes d&rsquo;approfondissements qui reviennent r\u00e9guli\u00e8rement :<\/span><\/p>\n<p><span style=\"color: #000000;\">&#8211; D\u00e9croissance et non violence : o\u00f9 sont les limites de la non-violence face \u00e0 une oligarchie toujours plus agressive ?<br \/>\n<\/span><span style=\"color: #000000;\">&#8211; Changer la soci\u00e9t\u00e9 sans prendre le pouvoir : si on prend le pouvoir, celui-ci risque de nous prendre&#8230; mais si on ne le prend pas ?<br \/>\n<\/span><span style=\"color: #000000;\">&#8211; D\u00e9croissance et propri\u00e9t\u00e9 priv\u00e9e : comment se r\u00e9-approprier le droit d&rsquo;usage sur le droit de propri\u00e9t\u00e9 ?<br \/>\n<\/span><span style=\"color: #000000;\">&#8211; Diff\u00e9rence entre Dotation Inconditionnelle d&rsquo;Autonomie et Revenu de Base&#8230; salaire \u00e0 vie ?<br \/>\n<\/span><span style=\"color: #000000;\">&#8211; D\u00e9croissance ou barbaries :\u00a0quelles r\u00e9ponses face aux barbaries d\u00e9j\u00e0 pr\u00e9sentes et aux catastrophes \u00e0 venir ?\u00a0Que faire face \u00e0 l&rsquo;urgence ?<br \/>\n<\/span><span style=\"color: #000000;\">&#8211; D\u00e9croissance et institutions : quelle place pour l&rsquo;\u00e9tat nation, l&rsquo;Union Europ\u00e9enne dans des soci\u00e9t\u00e9s de D\u00e9croissance ? Quels r\u00f4les dans la transition ?<\/span><\/p>\n<div><span style=\"color: #000000;\"><a href=\"http:\/\/www.projet-decroissance.net\/wp-content\/uploads\/2013\/04\/projet-decroissance-clermont-ferrand.jpg\"><img loading=\"lazy\" decoding=\"async\" class=\"alignright\" alt=\"projet decroissance clermont ferrand\" src=\"http:\/\/www.projet-decroissance.net\/wp-content\/uploads\/2013\/04\/projet-decroissance-clermont-ferrand.jpg\" width=\"277\" height=\"184\" \/><\/a><\/span><\/div>\n<p><span style=\"color: #000000;\">Les d\u00e9bats sont riches et intenses. Toujours conviviaux. Ils s&rsquo;ouvrent \u00e0 d&rsquo;autres cercles. Ils s&rsquo;appuient sur les initiatives de transition, c&rsquo;est-\u00e0-dire tous ces espaces de r\u00e9-appropriation de la politique \u00e0 travers les alternatives concr\u00e8tes.<\/span><\/p>\n<\/div>\n<p><span style=\"color: #000000;\">L&rsquo;objectif initial de cet ouvrage collectif est en ce sens atteint : penser ensemble la sortie de la soci\u00e9t\u00e9 de Croissance, imaginer des possibles \u00e0 opposer \u00e0 l&rsquo;impasse croissanciste, enfin, ouvrir des r\u00e9flexions et des discussions constructives.\u00a0<\/span><\/p>\n<p><span style=\"color: #000000;\">Respectant la diversit\u00e9 des approches qui caract\u00e9risent la D\u00e9croissance et ses mouvements proches, c&rsquo;est une mani\u00e8re de semer des graines de critiques, de r\u00e9flexions, de d\u00e9bats, mais aussi, surtout, d&rsquo;exp\u00e9rimentations, de r\u00e9appropriation des savoir-faire, d&rsquo;espaces de libert\u00e9&#8230;<\/span><\/p>\n<p><span style=\"color: #000000;\">La transition est en marche, les graines vont-elles bient\u00f4t pouvoir germer ?<\/span><\/p>\n<p><strong>Vincent Liegey, St\u00e9phane Madelaine, Christophe Ondet, Anne-Isabelle Veillot<\/strong>.<br \/>\n<strong><em>Un projet de d\u00e9croissance. Manifeste pour une dotation inconditionnel<\/em><\/strong><strong><em>le d\u2019autonomie<\/em>, pr\u00e9face de Paul Ari\u00e8s. Les \u00e9ditions Utopia, 150 pages, 7 euros.<\/strong><\/p>\n<p><em><img loading=\"lazy\" decoding=\"async\" class=\"alignleft\" alt=\"\" src=\"http:\/\/www.projet-decroissance.net\/wp-content\/uploads\/2012\/12\/manifeste-dia-couverture140.jpg\" width=\"108\" height=\"177\" \/>\u00ab\u00a0[&#8230;] La condition pour r\u00e9ussir cette transformation radicale de l\u2019\u00e9conomie est\u00a0<em>\u00ab\u00a0une forte adh\u00e9sion de tous et une participation \u00e0 cette volont\u00e9 de changement\u00a0\u00bb<\/em>.\u00a0Pour le moins\u2026\u00a0Mais il faut bien commencer un jour, et ce petit livre stimulant y contribue incontestablement.\u00a0\u00bb\u00a0<strong>Herv\u00e9 Kempf dans\u00a0<a href=\"http:\/\/www.lemonde.fr\/economie\/article\/2013\/03\/11\/la-decroissance-mode-d-emploi_1845977_3234.html?xtmc=liegey&amp;xtcr=1\" target=\"_blank\">Le Monde<\/a><em>.<\/em><\/strong><\/em><\/p>\n<p><em>\u00ab\u00a0<em>[&#8230;]\u00a0<\/em>Et le\u00a0<a href=\"http:\/\/www.projet-decroissance.net\/?p=954#more-954\">succ\u00e8s rencontr\u00e9 par l\u2019ouvrage<\/a>\u00a0peut laisser penser que\u00a0\u00abla transition est bel et bien en marche\u00bb.\u00a0\u00a0\u00bb\u00a0<\/em><em><strong>Emmanuel Daniel sur\u00a0<\/strong><\/em><em id=\"__mceDel\"><em id=\"__mceDel\"><em><strong><a href=\"http:\/\/www.slate.fr\/story\/74453\/decroissant\" target=\"_blank\">Slate.fr<\/a>.<\/strong><\/em><\/em><\/em><\/p>\n<p>A lire et \u00e9couter :<!--more--><\/p>\n<ul>\n<li><a href=\"http:\/\/www.projet-decroissance.net\/?p=822\" target=\"_blank\">Un Projet de D\u00e9croissance dans Le Monde<\/a>\u00a0:\u00a0La d\u00e9croissance, mode d\u2019emploi<\/li>\n<li><a href=\"http:\/\/www.projet-decroissance.net\/?p=930\" target=\"_blank\">Un Projet de D\u00e9croissance sur France Culture<\/a>\u00a0: Terre \u00e0 Terre, avec Vincent Liegey par Ruth St\u00e9gassy<\/li>\n<li><a href=\"http:\/\/www.projet-decroissance.net\/?p=943\" target=\"_blank\">Un Projet de D\u00e9croissance dans Lib\u00e9ration<\/a>\u00a0: Vincent Liegey: \u00abOn ne peut plus cro\u00eetre dans un monde fini\u00bb<\/li>\n<li><a title=\"\u00ab Un projet de d\u00e9croissance \u00bb sur Radio France Internationale (RFI), interview de Vincent Liegey par Christine Siebert\" href=\"http:\/\/www.projet-decroissance.net\/?p=1081\">\u00ab Un projet de d\u00e9croissance \u00bb sur Radio France Internationale (RFI), interview de Vincent Liegey par Christine Siebert<\/a><\/li>\n<li><a title=\"Lien permanent vers Radio : Un Projet de D\u00e9croissance \u00e0 l\u2019appel de l\u2019Escargot \u2013 Interview de Vincent Liegey sur Radio Campus Lille avec les OC Lille\" href=\"http:\/\/www.projet-decroissance.net\/?p=1152\" rel=\"bookmark\">Un Projet de D\u00e9croissance \u00e0 l\u2019appel de l\u2019Escargot \u2013 Interview de Vincent Liegey sur Radio Campus Lille avec les OC Lille<\/a><\/li>\n<li><a title=\"Lien permanent vers Un Projet de D\u00e9croissance sur Slate.fr : Pour en finir avec le Dieu Croissance\" href=\"http:\/\/www.projet-decroissance.net\/?p=1153\" rel=\"bookmark\">Un Projet de D\u00e9croissance sur Slate.fr : Pour en finir avec le Dieu Croissance<\/a><\/li>\n<li><a href=\"http:\/\/www.projet-decroissance.net\/?p=860\" target=\"_blank\">Un Projet de D\u00e9croissance dans BastaMag<\/a>\u00a0: \u00ab La libert\u00e9 de consommer est une illusion bien cher pay\u00e9e \u00bb<\/li>\n<li><a href=\"http:\/\/www.projet-decroissance.net\/?p=810\" target=\"_blank\">Un projet de D\u00e9croissance sur France Culture Plus<\/a>\u00a0:\u00a0Etat des lieux du mouvement d\u00e9croissant en Europe<\/li>\n<li><a title=\"Lien permanent vers Rue89 : Un projet provocateur : \u00ab Faire payer le prix r\u00e9el de ce qu\u2019on consomme \u00bb\" href=\"http:\/\/www.projet-decroissance.net\/?p=692\" target=\"_blank\" rel=\"bookmark\">Rue89 : Un projet provocateur : \u00ab Faire payer le prix r\u00e9el de ce qu\u2019on consomme \u00bb<\/a><\/li>\n<li><a title=\"Lien permanent vers La transition est en marche ! \u2013 Sur Reporterre.net\" href=\"http:\/\/www.projet-decroissance.net\/?p=672\" target=\"_blank\" rel=\"bookmark\">La transition est en marche ! \u2013 Sur Reporterre.net<\/a><\/li>\n<li><a title=\"Lien permanent vers Qu\u2019est-ce que la dotation inconditionnelle d\u2019autonomie ?\" href=\"http:\/\/www.projet-decroissance.net\/?p=700\" target=\"_blank\" rel=\"bookmark\">Qu\u2019est-ce que la dotation inconditionnelle d\u2019autonomie ?<\/a>\u00a0&#8211; Une minute, une question.<\/li>\n<\/ul>\n<p><!--more--><br \/>\nEt aussi :<\/p>\n<ul>\n<li><a title=\"Lien permanent vers Pourquoi ce livre ?\" href=\"http:\/\/www.projet-decroissance.net\/?p=574\" target=\"_blank\" rel=\"bookmark\">Pourquoi ce livre ?<\/a><\/li>\n<li><a title=\"Lien permanent vers Pourquoi ce livre ?\" href=\"http:\/\/www.projet-decroissance.net\/?p=574\" target=\"_blank\" rel=\"bookmark\">Pr\u00e9face de Paul Ari\u00e8s<\/a><\/li>\n<li><a title=\"Lien permanent vers Les auteurs\" href=\"http:\/\/www.projet-decroissance.net\/?p=576\" target=\"_blank\" rel=\"bookmark\">Les auteurs<\/a><\/li>\n<li><a title=\"Lien permanent vers Vid\u00e9o : La Dotation Inconditionnelle d\u2019Autonomie (DIA)\" href=\"http:\/\/www.projet-decroissance.net\/?p=550\" target=\"_blank\" rel=\"bookmark\">Vid\u00e9o : La Dotation Inconditionnelle d\u2019Autonomie (DIA)<\/a><\/li>\n<li><a title=\"Lien permanent vers Qu\u2019est-ce que la D\u00e9croissance ?\" href=\"http:\/\/www.projet-decroissance.net\/?p=581\" target=\"_blank\" rel=\"bookmark\">Qu\u2019est-ce que la D\u00e9croissance ?<\/a><\/li>\n<li><a href=\"http:\/\/www.projet-decroissance.net\/?p=999\" target=\"_blank\">Aux origines de la D\u00e9croissance sur France Culture avec Serge Latouche<\/a><\/li>\n<li><a title=\"Lien permanent vers Revenu Inconditionnel d\u2019Existence ou Dotation Inconditionnelle d\u2019Autonomie ?\" href=\"http:\/\/www.projet-decroissance.net\/?p=207\" target=\"_blank\" rel=\"bookmark\">Revenu Inconditionnel d\u2019Existence ou Dotation Inconditionnelle d\u2019Autonomie ?<\/a><\/li>\n<li><a title=\"Lien permanent vers Pour acheter le livre en ligne, rien de telle que la boutique militante des d\u00e9sob\u00e9issants\" href=\"http:\/\/www.projet-decroissance.net\/?p=665\" target=\"_blank\" rel=\"bookmark\">Pour acheter le livre en ligne, rien de telle que la boutique militante des d\u00e9sob\u00e9issants<\/a><\/li>\n<li><a href=\"http:\/\/www.projet-decroissance.net\/?p=841\" target=\"_blank\">Tableau r\u00e9capitulatif 1 : La Dotation Inconditionnelle d\u2019Autonomie : quels contenus ?<\/a><\/li>\n<li><a href=\"http:\/\/www.projet-decroissance.net\/?p=842\" target=\"_blank\">Tableau r\u00e9capitulatif 2 : La Dotation Inconditionnelle d\u2019Autonomie : quelles mises en place ?<\/a><\/li>\n<\/ul>\n","protected":false},"excerpt":{"rendered":"<p>En janvier dernier sortait \u00ab\u00a0Un Projet de D\u00e9croissance\u00ab\u00a0. Depuis, nous avons particip\u00e9 \u00e0 une vingtaine de discussions publiques en Suisse, en Belgique et un peu partout en France. De nouvelles rencontres s&rsquo;organisent pour la rentr\u00e9e en r\u00e9gion parisienne, dans le &hellip; <a href=\"http:\/\/www.projet-decroissance.net\/?p=1184\">Continuer la lecture <span class=\"meta-nav\">&rarr;<\/span><\/a><\/p>\n","protected":false},"author":3,"featured_media":0,"comment_status":"closed","ping_status":"open","sticky":false,"template":"","format":"standard","meta":{"footnotes":""},"categories":[1,6,9],"tags":[],"class_list":["post-1184","post","type-post","status-publish","format-standard","hentry","category-actualites","category-agenda","category-dotation-inconditionnelle-dautonomie"],"_links":{"self":[{"href":"http:\/\/www.projet-decroissance.net\/index.php?rest_route=\/wp\/v2\/posts\/1184","targetHints":{"allow":["GET"]}}],"collection":[{"href":"http:\/\/www.projet-decroissance.net\/index.php?rest_route=\/wp\/v2\/posts"}],"about":[{"href":"http:\/\/www.projet-decroissance.net\/index.php?rest_route=\/wp\/v2\/types\/post"}],"author":[{"embeddable":true,"href":"http:\/\/www.projet-decroissance.net\/index.php?rest_route=\/wp\/v2\/users\/3"}],"replies":[{"embeddable":true,"href":"http:\/\/www.projet-decroissance.net\/index.php?rest_route=%2Fwp%2Fv2%2Fcomments&post=1184"}],"version-history":[{"count":7,"href":"http:\/\/www.projet-decroissance.net\/index.php?rest_route=\/wp\/v2\/posts\/1184\/revisions"}],"predecessor-version":[{"id":1188,"href":"http:\/\/www.projet-decroissance.net\/index.php?rest_route=\/wp\/v2\/posts\/1184\/revisions\/1188"}],"wp:attachment":[{"href":"http:\/\/www.projet-decroissance.net\/index.php?rest_route=%2Fwp%2Fv2%2Fmedia&parent=1184"}],"wp:term":[{"taxonomy":"category","embeddable":true,"href":"http:\/\/www.projet-decroissance.net\/index.php?rest_route=%2Fwp%2Fv2%2Fcategories&post=1184"},{"taxonomy":"post_tag","embeddable":true,"href":"http:\/\/www.projet-decroissance.net\/index.php?rest_route=%2Fwp%2Fv2%2Ftags&post=1184"}],"curies":[{"name":"wp","href":"https:\/\/api.w.org\/{rel}","templated":true}]}}