{"id":1206,"date":"2013-08-09T10:14:18","date_gmt":"2013-08-09T10:14:18","guid":{"rendered":"http:\/\/www.projet-decroissance.net\/?p=1206"},"modified":"2013-10-03T14:19:17","modified_gmt":"2013-10-03T14:19:17","slug":"un-projet-de-decroissance-le-programme-de-la-rentree","status":"publish","type":"post","link":"http:\/\/www.projet-decroissance.net\/?p=1206","title":{"rendered":"Un projet de D\u00e9croissance &#8211; Le programme de l&rsquo;automne"},"content":{"rendered":"<p><a href=\"http:\/\/www.projet-decroissance.net\/wp-content\/uploads\/2013\/08\/projet-decroissance-plage.jpg\"><img loading=\"lazy\" decoding=\"async\" class=\"alignleft\" alt=\"projet-decroissance-plage\" src=\"http:\/\/www.projet-decroissance.net\/wp-content\/uploads\/2013\/08\/projet-decroissance-plage.jpg\" width=\"222\" height=\"166\" \/><\/a>Apr\u00e8s un \u00e9t\u00e9 plus calme, ponctu\u00e9 par diff\u00e9rentes universit\u00e9s d&rsquo;\u00e9t\u00e9 et rencontres comme \u00e0 <a href=\"http:\/\/www.partipourladecroissance.net\/?p=8452\" target=\"_blank\">Notre Dame Des Landes<\/a> o\u00f9 notre livre a rencontr\u00e9 un accueil enthousiaste, <a href=\"http:\/\/www.projet-decroissance.net\/\" target=\"_blank\"><em>Un Projet de D\u00e9croissance<\/em><\/a> revient en automne.<!--more--><\/p>\n<p>En Septembre :<\/p>\n<ul>\n<li><a href=\"http:\/\/www.projet-decroissance.net\/?p=1239\" target=\"_blank\">Le 13 septembre \u00e0 P\u00e9cs<\/a> (en Hongrie).<\/li>\n<li><a href=\"http:\/\/www.projet-decroissance.net\/?p=1273\" target=\"_blank\">Le 19 septembre \u00e0 la maison du v\u00e9lo Paris<\/a> avec nos amis de la <a href=\"http:\/\/velorution.org\/page\/\" target=\"_blank\">V\u00e9lorution qui f\u00eatent leurs 10 ans<\/a>\u00a0et des <a href=\"http:\/\/cyclocoop.org\/\" target=\"_blank\">cyclofficines d&rsquo;\u00cele de France<\/a>\u00a0(20h, 6 rue Jacques Coeur).<\/li>\n<li><a href=\"http:\/\/www.projet-decroissance.net\/?p=1275\" target=\"_blank\">Le 20 septembre \u00e0 Bourges avec les\u00a0d\u00e9croisseurs berrichons<\/a>\u00a0(21h, au Guillotin, 15 rue Jean Girard).<\/li>\n<li><a href=\"http:\/\/www.projet-decroissance.net\/?p=1283\" target=\"_blank\">Le 22 septembre \u00e0 l&rsquo;invitation de\u00a0l&rsquo;initiative citoyenne pour le Revenu de Base<\/a>\u00a0(18h, au Lavoir Moderne, 35 rue L\u00e9on).<\/li>\n<li><a href=\"http:\/\/www.projet-decroissance.net\/?p=1288\" target=\"_blank\">Le 25 septembre au Festival des Utopies Concr\u00e8tes \u00e0 Paris<\/a> (18h30, au Lieu-dit, 6 rue Sorbier).<\/li>\n<li><a href=\"http:\/\/www.projet-decroissance.net\/?p=1290\" target=\"_blank\">Le 27 septembre au Festival FOR&rsquo;HuM \u00e0 Nantes<\/a> (17h15, la Cantine du voyage, quai des Antilles).<\/li>\n<li>Les 27-28-29 septembre au <a href=\"http:\/\/www.haute-normandie-decroissance.fr\/?p=877\" target=\"_blank\">festival La Tambouille \u00e0 Mont Saint Aignan (76)<\/a>.<\/li>\n<\/ul>\n<p>En Octobre :<\/p>\n<ul>\n<li>Le dimanche 6 \u00e0 Bayonne \u00e0 l\u2019occasion des grandes rencontres\u00a0<a href=\"http:\/\/www.bizimugi.eu\/fr\/alternatiba\/\" target=\"_blank\">Aternatiba<\/a>\u00a0organis\u00e9 par nos amis\u00a0de\u00a0<a href=\"http:\/\/www.bizimugi.eu\/\" target=\"_blank\">Bizi<\/a>.<\/li>\n<li>Le mercredi 9\u00a0<a href=\"http:\/\/www.projet-decroissance.net\/?p=1362\" rel=\"bookmark\">\u00e0 Gen\u00e8ve le mercredi 9 octobre \u00e0 17h30, \u00e0 la Fureur de Lire<\/a>.<\/li>\n<li>Le jeudi10\u00a0\u00e0\u00a0<a href=\"http:\/\/www.projet-decroissance.net\/?p=1366\" target=\"_blank\">Voiron le jeudi 10 octobre \u00e0 19h avec le Slow Management<\/a>.<\/li>\n<li>Le vendredi 11 \u00e0 Montpellier.<\/li>\n<li>Le samedi 12\u00a0<a href=\"http:\/\/www.projet-decroissance.net\/?p=1347\" rel=\"bookmark\">\u00e0 Nice le samedi 12 octobre \u00e0 17h, au forum social du 06<\/a>.<\/li>\n<li>Le mercredi 17 \u00e0\u00a0<em>la ferme des arts<\/em>\u00a0(77) et au Parlement Europ\u00e9en \u00e0 Bruxelles.<\/li>\n<li>Le jeudi 18 \u00e0 Li\u00e8ge.<\/li>\n<li>Le samedi 19\u00a0<a href=\"http:\/\/www.projet-decroissance.net\/?p=1369\" rel=\"bookmark\">au Th\u00e9\u00e2tre National de Bruxelles le samedi 19 octobre \u00e0 18h, au Festival des Libert\u00e9s<\/a>.<\/li>\n<li>Le mercredi 23\u00a0<a href=\"http:\/\/www.projet-decroissance.net\/?p=1353\" target=\"_blank\">\u00e0 Toulouse, le mercredi 23 octobre \u00e0 19h, \u00e0 la librairie Terra-Nova<\/a>.<\/li>\n<li>Le samedi 26 \u00e0 Belin-Beliet avec\u00a0<a href=\"http:\/\/courant.alternatif.over-blog.com\/a-vos-agendas\">Courant Alternatif.<br \/>\n<\/a><\/li>\n<li>Le mardi 29 \u00e0 Bordeaux avec\u00a0<a href=\"http:\/\/www.lesamovar.ouvaton.org\/\" target=\"_blank\">Le Samovar<\/a>, salon de tisanes et de lectures associatif et solidaire.<\/li>\n<li>Le jeudi 31 \u00e0 Bayonne avec nos amis de\u00a0<a href=\"http:\/\/www.bizimugi.eu\/\" target=\"_blank\">Bizi<\/a>.<\/li>\n<li>Le 5 novembre\u00a0<a href=\"http:\/\/www.projet-decroissance.net\/?p=1357\" rel=\"bookmark\">aux \u00ab\u00a0caf\u00e9s de la non violence\u00a0\u00bb de Rouen<\/a>.<\/li>\n<\/ul>\n<p>Les d\u00e9bats continuent, \u00e0 tr\u00e8s bient\u00f4t, plus de d\u00e9tails \u00e0 venir&#8230;<\/p>\n<p><strong>Vincent Liegey, St\u00e9phane Madelaine, Christophe Ondet, Anne-Isabelle Veillot<\/strong>.<br \/>\n<strong><em>Un projet de d\u00e9croissance. Manifeste pour une dotation inconditionnel<\/em><\/strong><strong><em>le d\u2019autonomie<\/em>, pr\u00e9face de Paul Ari\u00e8s. Les \u00e9ditions Utopia, 150 pages, 7 euros.<\/strong><\/p>\n<p><em><img loading=\"lazy\" decoding=\"async\" class=\"alignleft\" alt=\"\" src=\"http:\/\/www.projet-decroissance.net\/wp-content\/uploads\/2012\/12\/manifeste-dia-couverture140.jpg\" width=\"108\" height=\"177\" \/>\u00ab\u00a0[&#8230;] La condition pour r\u00e9ussir cette transformation radicale de l\u2019\u00e9conomie est\u00a0<em>\u00ab\u00a0une forte adh\u00e9sion de tous et une participation \u00e0 cette volont\u00e9 de changement\u00a0\u00bb<\/em>.\u00a0Pour le moins\u2026\u00a0Mais il faut bien commencer un jour, et ce petit livre stimulant y contribue incontestablement.\u00a0\u00bb\u00a0<strong>Herv\u00e9 Kempf dans\u00a0<a href=\"http:\/\/www.lemonde.fr\/economie\/article\/2013\/03\/11\/la-decroissance-mode-d-emploi_1845977_3234.html?xtmc=liegey&amp;xtcr=1\" target=\"_blank\">Le Monde<\/a><em>.<\/em><\/strong><\/em><\/p>\n<p><em>\u00ab\u00a0<em>[&#8230;]\u00a0<\/em>Et le\u00a0<a href=\"http:\/\/www.projet-decroissance.net\/?p=954#more-954\">succ\u00e8s rencontr\u00e9 par l\u2019ouvrage<\/a>\u00a0peut laisser penser que\u00a0\u00abla transition est bel et bien en marche\u00bb.\u00a0\u00a0\u00bb\u00a0<\/em><em><strong>Emmanuel Daniel sur\u00a0<\/strong><\/em><em><strong><a href=\"http:\/\/www.slate.fr\/story\/74453\/decroissant\" target=\"_blank\">Slate.fr<\/a>.<\/strong><\/em><\/p>\n<p>A lire et \u00e9couter :<\/p>\n<ul>\n<li><a href=\"http:\/\/www.projet-decroissance.net\/?p=822\" target=\"_blank\">Un Projet de D\u00e9croissance dans Le Monde<\/a>\u00a0:\u00a0La d\u00e9croissance, mode d\u2019emploi<\/li>\n<li><a href=\"http:\/\/www.projet-decroissance.net\/?p=930\" target=\"_blank\">Un Projet de D\u00e9croissance sur France Culture<\/a>\u00a0: Terre \u00e0 Terre, avec Vincent Liegey par Ruth St\u00e9gassy<\/li>\n<li><a href=\"http:\/\/www.projet-decroissance.net\/?p=943\" target=\"_blank\">Un Projet de D\u00e9croissance dans Lib\u00e9ration<\/a>\u00a0: Vincent Liegey: \u00abOn ne peut plus cro\u00eetre dans un monde fini\u00bb<\/li>\n<li><a title=\"\u00ab Un projet de d\u00e9croissance \u00bb sur Radio France Internationale (RFI), interview de Vincent Liegey par Christine Siebert\" href=\"http:\/\/www.projet-decroissance.net\/?p=1081\">\u00ab Un projet de d\u00e9croissance \u00bb sur Radio France Internationale (RFI), interview de Vincent Liegey par Christine Siebert<\/a><\/li>\n<li><a title=\"Lien permanent vers Radio : Un Projet de D\u00e9croissance \u00e0 l\u2019appel de l\u2019Escargot \u2013 Interview de Vincent Liegey sur Radio Campus Lille avec les OC Lille\" href=\"http:\/\/www.projet-decroissance.net\/?p=1152\" rel=\"bookmark\">Un Projet de D\u00e9croissance \u00e0 l\u2019appel de l\u2019Escargot \u2013 Interview de Vincent Liegey sur Radio Campus Lille avec les OC Lille<\/a><\/li>\n<li><a title=\"Lien permanent vers Un Projet de D\u00e9croissance sur Slate.fr : Pour en finir avec le Dieu Croissance\" href=\"http:\/\/www.projet-decroissance.net\/?p=1153\" rel=\"bookmark\">Un Projet de D\u00e9croissance sur Slate.fr : Pour en finir avec le Dieu Croissance<\/a><\/li>\n<li><a href=\"http:\/\/www.projet-decroissance.net\/?p=860\" target=\"_blank\">Un Projet de D\u00e9croissance dans BastaMag<\/a>\u00a0: \u00ab La libert\u00e9 de consommer est une illusion bien cher pay\u00e9e \u00bb<\/li>\n<li><a href=\"http:\/\/www.projet-decroissance.net\/?p=810\" target=\"_blank\">Un projet de D\u00e9croissance sur France Culture Plus<\/a>\u00a0:\u00a0Etat des lieux du mouvement d\u00e9croissant en Europe<\/li>\n<li><a title=\"Lien permanent vers Rue89 : Un projet provocateur : \u00ab Faire payer le prix r\u00e9el de ce qu\u2019on consomme \u00bb\" href=\"http:\/\/www.projet-decroissance.net\/?p=692\" target=\"_blank\" rel=\"bookmark\">Rue89 : Un projet provocateur : \u00ab Faire payer le prix r\u00e9el de ce qu\u2019on consomme \u00bb<\/a><\/li>\n<li><a title=\"Lien permanent vers La transition est en marche ! \u2013 Sur Reporterre.net\" href=\"http:\/\/www.projet-decroissance.net\/?p=672\" target=\"_blank\" rel=\"bookmark\">La transition est en marche ! \u2013 Sur Reporterre.net<\/a><\/li>\n<li><a title=\"Lien permanent vers Qu\u2019est-ce que la dotation inconditionnelle d\u2019autonomie ?\" href=\"http:\/\/www.projet-decroissance.net\/?p=700\" target=\"_blank\" rel=\"bookmark\">Qu\u2019est-ce que la dotation inconditionnelle d\u2019autonomie ?<\/a>\u00a0&#8211; Une minute, une question.<\/li>\n<\/ul>\n","protected":false},"excerpt":{"rendered":"<p>Apr\u00e8s un \u00e9t\u00e9 plus calme, ponctu\u00e9 par diff\u00e9rentes universit\u00e9s d&rsquo;\u00e9t\u00e9 et rencontres comme \u00e0 Notre Dame Des Landes o\u00f9 notre livre a rencontr\u00e9 un accueil enthousiaste, Un Projet de D\u00e9croissance revient en automne.<\/p>\n","protected":false},"author":3,"featured_media":0,"comment_status":"closed","ping_status":"open","sticky":false,"template":"","format":"standard","meta":{"footnotes":""},"categories":[1,6],"tags":[],"class_list":["post-1206","post","type-post","status-publish","format-standard","hentry","category-actualites","category-agenda"],"_links":{"self":[{"href":"http:\/\/www.projet-decroissance.net\/index.php?rest_route=\/wp\/v2\/posts\/1206","targetHints":{"allow":["GET"]}}],"collection":[{"href":"http:\/\/www.projet-decroissance.net\/index.php?rest_route=\/wp\/v2\/posts"}],"about":[{"href":"http:\/\/www.projet-decroissance.net\/index.php?rest_route=\/wp\/v2\/types\/post"}],"author":[{"embeddable":true,"href":"http:\/\/www.projet-decroissance.net\/index.php?rest_route=\/wp\/v2\/users\/3"}],"replies":[{"embeddable":true,"href":"http:\/\/www.projet-decroissance.net\/index.php?rest_route=%2Fwp%2Fv2%2Fcomments&post=1206"}],"version-history":[{"count":34,"href":"http:\/\/www.projet-decroissance.net\/index.php?rest_route=\/wp\/v2\/posts\/1206\/revisions"}],"predecessor-version":[{"id":1378,"href":"http:\/\/www.projet-decroissance.net\/index.php?rest_route=\/wp\/v2\/posts\/1206\/revisions\/1378"}],"wp:attachment":[{"href":"http:\/\/www.projet-decroissance.net\/index.php?rest_route=%2Fwp%2Fv2%2Fmedia&parent=1206"}],"wp:term":[{"taxonomy":"category","embeddable":true,"href":"http:\/\/www.projet-decroissance.net\/index.php?rest_route=%2Fwp%2Fv2%2Fcategories&post=1206"},{"taxonomy":"post_tag","embeddable":true,"href":"http:\/\/www.projet-decroissance.net\/index.php?rest_route=%2Fwp%2Fv2%2Ftags&post=1206"}],"curies":[{"name":"wp","href":"https:\/\/api.w.org\/{rel}","templated":true}]}}