{"id":1239,"date":"2012-08-30T09:07:12","date_gmt":"2012-08-30T09:07:12","guid":{"rendered":"http:\/\/www.projet-decroissance.net\/?p=1239"},"modified":"2013-11-22T08:38:45","modified_gmt":"2013-11-22T08:38:45","slug":"un-projet-de-decroissance-a-lalliance-francaise-de-pecs-le-vendredi-13-septembre","status":"publish","type":"post","link":"http:\/\/www.projet-decroissance.net\/?p=1239","title":{"rendered":"Un Projet de D\u00e9croissance \u00e0 l&rsquo;Alliance Fran\u00e7aise de P\u00e9cs le vendredi 13 septembre"},"content":{"rendered":"<p style=\"text-align: center;\"><strong><a id=\"irc_mil\" href=\"http:\/\/atlasfriends.com\/tag\/pecs\/\" data-ved=\"0CAUQjRw\"><strong><\/strong><\/a><strong><a href=\"http:\/\/www.projet-decroissance.net\/\" target=\"_blank\"><img loading=\"lazy\" decoding=\"async\" class=\"alignleft\" alt=\"manifeste-dia-couverture\" src=\"http:\/\/www.projet-decroissance.net\/wp-content\/uploads\/2012\/12\/manifeste-dia-couverture.jpg\" width=\"121\" height=\"191\" \/><\/a><\/strong><img loading=\"lazy\" decoding=\"async\" class=\"alignright\" id=\"irc_mi\" alt=\"\" src=\"http:\/\/atlasfriends.com\/wp-content\/uploads\/2013\/06\/pecs-travel-destination.jpg\" width=\"166\" height=\"111\" \/><\/strong><strong>Nous vous invitons toutes et tous \u00e0 la soir\u00e9e de discussion autour du livre<\/strong><\/p>\n<p style=\"text-align: center;\"><strong><em><a href=\"http:\/\/www.projet-decroissance.net\/\" target=\"_blank\">Un projet de D\u00e9croissance<\/a><\/em><\/strong><\/p>\n<p style=\"text-align: center;\"><strong><em><\/em>Avec <a href=\"http:\/\/www.projet-decroissance.net\/?page_id=28\" target=\"_blank\">Vincent Liegey<\/a>, l\u2019un des co-auteurs.<\/strong><\/p>\n<p style=\"text-align: center;\"><strong><b><strong><b>Vendredi 13 septembre, 18h30.<\/b><\/strong><br \/>\n<a href=\"http:\/\/af.org.hu\/-Alliance-Francaise-de-Pecs-\" target=\"_blank\">Alliance Fran\u00e7aise de P\u00e9cs<\/a><br \/>\n<\/b><\/strong><strong><b>M\u00e1ria u. 9.,\u00a0<strong><b>7621 P\u00e9cs (Hongrie)<\/b><\/strong><\/b><\/strong><\/p>\n<p><a href=\"hu-lala.org\" target=\"_blank\"><strong><b><strong><b><img loading=\"lazy\" decoding=\"async\" class=\"aligncenter\" id=\"irc_mi\" alt=\"\" src=\"http:\/\/hrdconf-pecs2010.eu\/wp-content\/gallery\/pecs\/pecs2.jpg\" width=\"396\" height=\"163\" \/><\/b><\/strong><\/b><\/strong><\/a><!--more--><img loading=\"lazy\" decoding=\"async\" class=\"alignleft\" alt=\"Image-2\" src=\"http:\/\/cyclonomia.org\/wp-content\/uploads\/2013\/06\/Image-2-300x256.png\" width=\"180\" height=\"154\" \/>Depuis le d\u00e9but des ann\u00e9es 2000 a \u00e9merg\u00e9 un nouveau mouvement de pens\u00e9e autour du slogan provocateur \u00ab D\u00e9croissance \u00bb (\u00ab <a href=\"http:\/\/cyclonomia.org\/nemnovekedes-degrowth\/\" target=\"_blank\">Nemn\u00f6veked\u00e9s<\/a>\u00a0\u00bb\u00a0\u00a0en hongrois). A travers la critique radicale de la soci\u00e9t\u00e9 de croissance et de son impasse \u00e9cologique et humaine, cet OVNI politique a su enrichir les d\u00e9bats et les discussions.<\/p>\n<p>La D\u00e9croissance en Hongrie :<\/p>\n<ul>\n<li><a href=\"http:\/\/cyclonomia.org\/cyclonomia-en-francais\/partipourladecroissance.net\/?p=6252\" target=\"_blank\">La D\u00e9croissance arrive en Hongrie<\/a><\/li>\n<li><a href=\"http:\/\/cyclonomia.org\/cyclonomia-en-francais\/\" target=\"_blank\">Ouverture de Cyclonomia, atelier v\u00e9lo participatif et convivial \u00e0 Budapest<\/a><\/li>\n<li><a href=\"http:\/\/www.partipourladecroissance.net\/?p=8136\" target=\"_blank\">Un projet de centre de recherche et d\u2019exp\u00e9rimentation sur la D\u00e9croissance et la Transition \u00e0 Budapest<\/a><\/li>\n<\/ul>\n<p>A lire et \u00e9couter sur la D\u00e9croissance :<\/p>\n<div>\n<ul>\n<li><a href=\"http:\/\/www.projet-decroissance.net\/?p=822\" target=\"_blank\">Un Projet de D\u00e9croissance dans Le Monde<\/a>\u00a0:\u00a0La d\u00e9croissance, mode d\u2019emploi<\/li>\n<li><a href=\"http:\/\/www.projet-decroissance.net\/?p=930\" target=\"_blank\">Un Projet de D\u00e9croissance sur France Culture<\/a>\u00a0: Terre \u00e0 Terre, avec Vincent Liegey par Ruth St\u00e9gassy<\/li>\n<li><a href=\"http:\/\/www.projet-decroissance.net\/?p=943\" target=\"_blank\">Un Projet de D\u00e9croissance dans Lib\u00e9ration<\/a>\u00a0: Vincent Liegey: \u00abOn ne peut plus cro\u00eetre dans un monde fini\u00bb<\/li>\n<li><a title=\"Lien permanent vers La transition est en marche ! \u2013 Sur Reporterre.net\" href=\"http:\/\/www.projet-decroissance.net\/?p=672\" target=\"_blank\" rel=\"bookmark\">La transition est en marche ! \u2013 Sur Reporterre.net<\/a><\/li>\n<\/ul>\n<\/div>\n<p><em>\u00ab\u00a0[&#8230;] La condition pour r\u00e9ussir cette transformation radicale de l\u2019\u00e9conomie est\u00a0<em>\u00ab\u00a0une forte adh\u00e9sion de tous et une participation \u00e0 cette volont\u00e9 de changement\u00a0\u00bb<\/em>.\u00a0Pour le moins\u2026\u00a0Mais il faut bien commencer un jour, et ce petit livre stimulant y contribue incontestablement.\u00a0\u00bb\u00a0<strong>Herv\u00e9 Kempf dans\u00a0<a href=\"http:\/\/www.lemonde.fr\/economie\/article\/2013\/03\/11\/la-decroissance-mode-d-emploi_1845977_3234.html?xtmc=liegey&amp;xtcr=1\" target=\"_blank\">Le Monde<\/a><em>.<\/em><\/strong><\/em><\/p>\n","protected":false},"excerpt":{"rendered":"<p>Nous vous invitons toutes et tous \u00e0 la soir\u00e9e de discussion autour du livre Un projet de D\u00e9croissance Avec Vincent Liegey, l\u2019un des co-auteurs. Vendredi 13 septembre, 18h30. Alliance Fran\u00e7aise de P\u00e9cs M\u00e1ria u. 9.,\u00a07621 P\u00e9cs (Hongrie)<\/p>\n","protected":false},"author":3,"featured_media":0,"comment_status":"closed","ping_status":"open","sticky":false,"template":"","format":"standard","meta":{"footnotes":""},"categories":[6],"tags":[],"class_list":["post-1239","post","type-post","status-publish","format-standard","hentry","category-agenda"],"_links":{"self":[{"href":"http:\/\/www.projet-decroissance.net\/index.php?rest_route=\/wp\/v2\/posts\/1239","targetHints":{"allow":["GET"]}}],"collection":[{"href":"http:\/\/www.projet-decroissance.net\/index.php?rest_route=\/wp\/v2\/posts"}],"about":[{"href":"http:\/\/www.projet-decroissance.net\/index.php?rest_route=\/wp\/v2\/types\/post"}],"author":[{"embeddable":true,"href":"http:\/\/www.projet-decroissance.net\/index.php?rest_route=\/wp\/v2\/users\/3"}],"replies":[{"embeddable":true,"href":"http:\/\/www.projet-decroissance.net\/index.php?rest_route=%2Fwp%2Fv2%2Fcomments&post=1239"}],"version-history":[{"count":8,"href":"http:\/\/www.projet-decroissance.net\/index.php?rest_route=\/wp\/v2\/posts\/1239\/revisions"}],"predecessor-version":[{"id":1473,"href":"http:\/\/www.projet-decroissance.net\/index.php?rest_route=\/wp\/v2\/posts\/1239\/revisions\/1473"}],"wp:attachment":[{"href":"http:\/\/www.projet-decroissance.net\/index.php?rest_route=%2Fwp%2Fv2%2Fmedia&parent=1239"}],"wp:term":[{"taxonomy":"category","embeddable":true,"href":"http:\/\/www.projet-decroissance.net\/index.php?rest_route=%2Fwp%2Fv2%2Fcategories&post=1239"},{"taxonomy":"post_tag","embeddable":true,"href":"http:\/\/www.projet-decroissance.net\/index.php?rest_route=%2Fwp%2Fv2%2Ftags&post=1239"}],"curies":[{"name":"wp","href":"https:\/\/api.w.org\/{rel}","templated":true}]}}