{"id":1273,"date":"2012-09-15T07:49:19","date_gmt":"2012-09-15T07:49:19","guid":{"rendered":"http:\/\/www.projet-decroissance.net\/?p=1273"},"modified":"2013-11-22T08:38:35","modified_gmt":"2013-11-22T08:38:35","slug":"un-projet-de-decroissance-fete-les-10-and-de-la-velorution-jeudi-19-septembre-a-paris-a-20h","status":"publish","type":"post","link":"http:\/\/www.projet-decroissance.net\/?p=1273","title":{"rendered":"Un Projet de D\u00e9croissance f\u00eate les 10 ans de la V\u00e9lorution, jeudi 19 septembre \u00e0 Paris, \u00e0 20h"},"content":{"rendered":"<h3><a href=\"http:\/\/velorution.org\/page\/index.php?option=com_content&amp;view=article&amp;id=421:velorution-paris-idf-a-10-ans-du-19-au-22-sept-2013-velorution-paris-turns-10-19-22th-september-2013&amp;catid=54:evenements&amp;Itemid=201\" target=\"_blank\"><img decoding=\"async\" class=\"alignleft\" alt=\"flyer_10_ans\" src=\"http:\/\/velorution.org\/page\/images\/stories\/_PARIS\/flyer_10_ans.jpg\" width=\"70%\" height=\"NAN\" \/><\/a>Il y a dix ans, le 22 septembre 2003, se r\u00e9unissait une petite bande de non-motoris\u00e9\u00b7e\u00b7s \u00e0 la Place de l\u2019\u00c9toile. C&rsquo;\u00e9tait la Journ\u00e9e Internationale sans Voitures. Nous \u00e9tions 50, les voitures \u00e9taient 5000&#8230;<\/h3>\n<p><strong><a href=\"http:\/\/www.projet-decroissance.net\/\" target=\"_blank\"><img loading=\"lazy\" decoding=\"async\" class=\"alignright\" alt=\"manifeste-dia-couverture\" src=\"http:\/\/www.projet-decroissance.net\/wp-content\/uploads\/2012\/12\/manifeste-dia-couverture.jpg\" width=\"121\" height=\"191\" \/><\/a>Nous vous invitons toutes et tous \u00e0 la soir\u00e9e de discussion autour du livre<\/strong><\/p>\n<p style=\"text-align: center;\"><strong><em><a href=\"http:\/\/www.projet-decroissance.net\/\" target=\"_blank\">Un projet de D\u00e9croissance<\/a><\/em><\/strong><\/p>\n<p style=\"text-align: center;\"><strong><em><\/em>Avec\u00a0<a href=\"http:\/\/www.projet-decroissance.net\/?page_id=28\" target=\"_blank\">Vincent Liegey<\/a>, l\u2019un des co-auteurs.<\/strong><br \/>\n<strong>Le jeudi 19 septembre, 20h<\/strong><br \/>\n<strong>A la Maison du V\u00e9lo<\/strong><br \/>\n<strong>6, rue Jacques C\u0153ur, 75004<\/strong><\/p>\n<p><em>Chacun\u00b7e am\u00e8ne de quoi manger et boire.<\/em><\/p>\n<p><!--more--><\/p>\n<p><a href=\"http:\/\/www.projet-decroissance.net\/wp-content\/uploads\/2013\/04\/budapest-liegey-vincent-decroissance-projet.jpg\"><img loading=\"lazy\" decoding=\"async\" class=\"alignleft\" alt=\"budapest liegey vincent decroissance projet\" src=\"http:\/\/www.projet-decroissance.net\/wp-content\/uploads\/2013\/04\/budapest-liegey-vincent-decroissance-projet.jpg\" width=\"277\" height=\"238\" \/><\/a>Depuis le d\u00e9but des ann\u00e9es 2000 a \u00e9merg\u00e9 un nouveau mouvement de pens\u00e9e autour du slogan provocateur \u00ab D\u00e9croissance \u00bb. A travers la critique radicale de la soci\u00e9t\u00e9 de croissance et de son impasse \u00e9cologique et humaine, cet OVNI politique a su enrichir les d\u00e9bats et les discussions. Les d\u00e9croissant-e-s sont actifs et pr\u00e9sents dans la mise en place <a href=\"http:\/\/cyclocoop.org\/\" target=\"_blank\">d&rsquo;ateliers v\u00e9los<\/a>, en France et aussi avec <a href=\"http:\/\/cyclonomia.org\/cyclonomia-en-francais\/\" target=\"_blank\">Cyclonomia \u00e0 Budapest<\/a>. Ces ateliers participent \u00e0 <a href=\"http:\/\/www.projet-decroissance.net\/?p=672\" target=\"_blank\">cette transition qui est en marche !<\/a><\/p>\n<p>A lire et \u00e9couter sur Un Projet de D\u00e9croissance :<\/p>\n<div>\n<ul>\n<li><a href=\"http:\/\/www.projet-decroissance.net\/?p=930\" target=\"_blank\">Un Projet de D\u00e9croissance sur France Culture<\/a>\u00a0: Terre \u00e0 Terre, avec Vincent Liegey par Ruth St\u00e9gassy<\/li>\n<li><a href=\"http:\/\/www.projet-decroissance.net\/?p=943\" target=\"_blank\">Un Projet de D\u00e9croissance dans Lib\u00e9ration<\/a>\u00a0: Vincent Liegey: \u00abOn ne peut plus cro\u00eetre dans un monde fini\u00bb<\/li>\n<li><a href=\"http:\/\/www.projet-decroissance.net\/?p=822\" target=\"_blank\">Un Projet de D\u00e9croissance dans Le Monde<\/a>\u00a0:\u00a0La d\u00e9croissance, mode d\u2019emploi<\/li>\n<li><a title=\"Lien permanent vers Un Projet de D\u00e9croissance sur Slate.fr : Pour en finir avec le Dieu Croissance\" href=\"http:\/\/www.projet-decroissance.net\/?p=1153\" rel=\"bookmark\">Un Projet de D\u00e9croissance sur Slate.fr : Pour en finir avec le Dieu Croissance<\/a><\/li>\n<li><a title=\"Lien permanent vers La transition est en marche ! \u2013 Sur Reporterre.net\" href=\"http:\/\/www.projet-decroissance.net\/?p=672\" target=\"_blank\" rel=\"bookmark\">La transition est en marche ! \u2013 Sur Reporterre.net<\/a><\/li>\n<\/ul>\n<\/div>\n<p style=\"text-align: right;\"><em>\u00ab\u00a0[&#8230;] La condition pour r\u00e9ussir cette transformation radicale de l\u2019\u00e9conomie est\u00a0<em>\u00ab\u00a0une forte adh\u00e9sion de tous et une participation \u00e0 cette volont\u00e9 de changement\u00a0\u00bb<\/em>.\u00a0Pour le moins\u2026\u00a0Mais il faut bien commencer un jour, et ce petit livre stimulant y contribue incontestablement.\u00a0\u00bb\u00a0<strong>Herv\u00e9 Kempf dans\u00a0<a href=\"http:\/\/www.lemonde.fr\/economie\/article\/2013\/03\/11\/la-decroissance-mode-d-emploi_1845977_3234.html?xtmc=liegey&amp;xtcr=1\" target=\"_blank\">Le Monde<\/a><em>.<\/em><\/strong><\/em><\/p>\n<p>&nbsp;<\/p>\n","protected":false},"excerpt":{"rendered":"<p>Il y a dix ans, le 22 septembre 2003, se r\u00e9unissait une petite bande de non-motoris\u00e9\u00b7e\u00b7s \u00e0 la Place de l\u2019\u00c9toile. C&rsquo;\u00e9tait la Journ\u00e9e Internationale sans Voitures. Nous \u00e9tions 50, les voitures \u00e9taient 5000&#8230; Nous vous invitons toutes et tous &hellip; <a href=\"http:\/\/www.projet-decroissance.net\/?p=1273\">Continuer la lecture <span class=\"meta-nav\">&rarr;<\/span><\/a><\/p>\n","protected":false},"author":3,"featured_media":0,"comment_status":"closed","ping_status":"open","sticky":false,"template":"","format":"standard","meta":{"footnotes":""},"categories":[6],"tags":[],"class_list":["post-1273","post","type-post","status-publish","format-standard","hentry","category-agenda"],"_links":{"self":[{"href":"http:\/\/www.projet-decroissance.net\/index.php?rest_route=\/wp\/v2\/posts\/1273","targetHints":{"allow":["GET"]}}],"collection":[{"href":"http:\/\/www.projet-decroissance.net\/index.php?rest_route=\/wp\/v2\/posts"}],"about":[{"href":"http:\/\/www.projet-decroissance.net\/index.php?rest_route=\/wp\/v2\/types\/post"}],"author":[{"embeddable":true,"href":"http:\/\/www.projet-decroissance.net\/index.php?rest_route=\/wp\/v2\/users\/3"}],"replies":[{"embeddable":true,"href":"http:\/\/www.projet-decroissance.net\/index.php?rest_route=%2Fwp%2Fv2%2Fcomments&post=1273"}],"version-history":[{"count":6,"href":"http:\/\/www.projet-decroissance.net\/index.php?rest_route=\/wp\/v2\/posts\/1273\/revisions"}],"predecessor-version":[{"id":1314,"href":"http:\/\/www.projet-decroissance.net\/index.php?rest_route=\/wp\/v2\/posts\/1273\/revisions\/1314"}],"wp:attachment":[{"href":"http:\/\/www.projet-decroissance.net\/index.php?rest_route=%2Fwp%2Fv2%2Fmedia&parent=1273"}],"wp:term":[{"taxonomy":"category","embeddable":true,"href":"http:\/\/www.projet-decroissance.net\/index.php?rest_route=%2Fwp%2Fv2%2Fcategories&post=1273"},{"taxonomy":"post_tag","embeddable":true,"href":"http:\/\/www.projet-decroissance.net\/index.php?rest_route=%2Fwp%2Fv2%2Ftags&post=1273"}],"curies":[{"name":"wp","href":"https:\/\/api.w.org\/{rel}","templated":true}]}}