{"id":1283,"date":"2012-09-15T08:20:16","date_gmt":"2012-09-15T08:20:16","guid":{"rendered":"http:\/\/www.projet-decroissance.net\/?p=1283"},"modified":"2013-11-22T08:40:54","modified_gmt":"2013-11-22T08:40:54","slug":"un-projet-de-decroissance-a-la-semaine-internationale-pour-le-revenu-de-base-le-dimanche-22-septembre-au-lavoir-moderne-paris-a-18h","status":"publish","type":"post","link":"http:\/\/www.projet-decroissance.net\/?p=1283","title":{"rendered":"Un Projet de D\u00e9croissance \u00e0 la semaine internationale pour le Revenu de Base, le dimanche 22 septembre, au Lavoir Moderne (Paris) \u00e0 18h"},"content":{"rendered":"<div id=\"home-slider-wrap\">\n<div id=\"home-slider\">\n<p><strong><a href=\"http:\/\/www.projet-decroissance.net\/\" target=\"_blank\"><img loading=\"lazy\" decoding=\"async\" class=\"alignleft\" alt=\"manifeste-dia-couverture\" src=\"http:\/\/www.projet-decroissance.net\/wp-content\/uploads\/2012\/12\/manifeste-dia-couverture.jpg\" width=\"121\" height=\"191\" \/><\/a><\/strong><\/p>\n<div>\n<p style=\"text-align: center;\"><strong><a href=\"http:\/\/www.projet-decroissance.net\/?p=967\" target=\"_blank\"><img loading=\"lazy\" decoding=\"async\" class=\"alignright\" alt=\"\" src=\"http:\/\/revenudebase.info\/wp-content\/themes\/revenudebase\/images\/logo.png\" width=\"128\" height=\"90\" \/><\/a><\/strong><strong>Nous vous invitons toutes et tous \u00e0 la soir\u00e9e de discussion<\/strong><\/p>\n<p style=\"text-align: center;\"><strong>Quel sont les liens entre revenu de base inconditionnel et D\u00e9croissance ? Ces deux concepts ne sont-ils pas contradictoires ?<\/strong><\/p>\n<p style=\"text-align: center;\"><strong>Avec\u00a0<a href=\"http:\/\/www.projet-decroissance.net\/?page_id=28\" target=\"_blank\">Vincent Liegey<\/a>, l\u2019un des co-auteurs d&rsquo;<a title=\"manifeste DIA\" href=\"http:\/\/editionutopia.wordpress.com\/2013\/01\/27\/a-paraitre-un-projet-de-decroissance-manifeste-pour-une-dotation-inconditionnelle-dautonomie-dia\/\">\u00ab\u00a0Un projet de d\u00e9croissance, manifeste pour une dotation inconditionnelle d\u2019autonomie\u00a0\u00bb<\/a>.<\/strong><br \/>\n<strong>Le dimanche 22 septembre, \u00e0 18h<\/strong><br \/>\n<strong>Au lavoir Moderne<\/strong><br \/>\n<strong>35, rue l\u00e9on, 75018 Paris<\/strong><a href=\"http:\/\/groupededecroisseursberrichons.hautetfort.com\/archive\/2013\/07\/12\/au-menu-de-la-rentree-5120030.html\" target=\"_blank\"><br \/>\n<\/a><\/p>\n<p style=\"text-align: left;\"><a title=\"manifeste DIA\" href=\"http:\/\/editionutopia.wordpress.com\/2013\/01\/27\/a-paraitre-un-projet-de-decroissance-manifeste-pour-une-dotation-inconditionnelle-dautonomie-dia\/\">\u00ab\u00a0Un projet de d\u00e9croissance, manifeste pour une dotation inconditionnelle d\u2019autonomie\u00a0\u00bb<\/a>\u00a0\u00e9voque l\u2019instauration d\u2019un revenu inconditionnel d\u00e9mon\u00e9taris\u00e9, vers\u00e9 majoritairement en droit de tirage sur les ressources et en monnaie locale plut\u00f4t qu\u2019en euros comme outil et \u00e9tape d&rsquo;une transition d\u00e9mocratique et sereine vers des soci\u00e9t\u00e9s soutenables et souhaitables. Ils soutiennent l&rsquo;initiative europ\u00e9enne citoyenne pour le revenu de base, sous condition :\u00a0<a href=\"http:\/\/www.projet-decroissance.net\/?p=831\" target=\"_blank\">Un tremplin pour un Projet de D\u00e9croissance : l\u2019initiative citoyenne pour le revenu de base<\/a>.<a title=\"Une semaine pour une autre Europe !\" href=\"http:\/\/semaine.revenudebase.info\/\" target=\"_blank\"><img loading=\"lazy\" decoding=\"async\" class=\"aligncenter\" alt=\"Une semaine pour une autre Europe !\" src=\"http:\/\/semaine.revenudebase.info\/wp-content\/uploads\/2013\/08\/banniere_semaine_RDB_FR.jpg\" width=\"546\" height=\"218\" \/><\/a><\/p>\n<p><!--more--><\/p>\n<p>Depuis le d\u00e9but des ann\u00e9es 2000 a \u00e9merg\u00e9 un nouveau mouvement de pens\u00e9e autour du slogan provocateur \u00ab D\u00e9croissance \u00bb. A travers la critique radicale de la soci\u00e9t\u00e9 de croissance et de son impasse \u00e9cologique et humaine, cet OVNI politique a su enrichir les d\u00e9bats et les discussions. Les d\u00e9croissant-e-s sont actifs et pr\u00e9sents dans la mise en place\u00a0<a href=\"http:\/\/cyclocoop.org\/\" target=\"_blank\">d\u2019ateliers v\u00e9los<\/a>, en France et aussi avec\u00a0<a href=\"http:\/\/cyclonomia.org\/cyclonomia-en-francais\/\" target=\"_blank\">Cyclonomia \u00e0 Budapest<\/a>. Ces ateliers participent \u00e0\u00a0<a href=\"http:\/\/www.projet-decroissance.net\/?p=672\" target=\"_blank\">cette transition qui est en marche !<\/a><\/p>\n<p>A lire et \u00e9couter sur Un Projet de D\u00e9croissance :<\/p>\n<div>\n<ul>\n<li><a href=\"http:\/\/www.projet-decroissance.net\/?p=930\" target=\"_blank\">Un Projet de D\u00e9croissance sur France Culture<\/a>\u00a0: Terre \u00e0 Terre, avec Vincent Liegey par Ruth St\u00e9gassy<\/li>\n<li><a href=\"http:\/\/www.projet-decroissance.net\/?p=943\" target=\"_blank\">Un Projet de D\u00e9croissance dans Lib\u00e9ration<\/a>\u00a0: Vincent Liegey: \u00abOn ne peut plus cro\u00eetre dans un monde fini\u00bb<\/li>\n<li><a href=\"http:\/\/www.projet-decroissance.net\/?p=822\" target=\"_blank\">Un Projet de D\u00e9croissance dans Le Monde<\/a>\u00a0:\u00a0La d\u00e9croissance, mode d\u2019emploi<\/li>\n<li><a title=\"Lien permanent vers Un Projet de D\u00e9croissance sur Slate.fr : Pour en finir avec le Dieu Croissance\" href=\"http:\/\/www.projet-decroissance.net\/?p=1153\" rel=\"bookmark\">Un Projet de D\u00e9croissance sur Slate.fr : Pour en finir avec le Dieu Croissance<\/a><\/li>\n<li><a title=\"Lien permanent vers La transition est en marche ! \u2013 Sur Reporterre.net\" href=\"http:\/\/www.projet-decroissance.net\/?p=672\" target=\"_blank\" rel=\"bookmark\">La transition est en marche ! \u2013 Sur Reporterre.net<\/a><\/li>\n<\/ul>\n<\/div>\n<p><em>\u00ab\u00a0[&#8230;] La condition pour r\u00e9ussir cette transformation radicale de l\u2019\u00e9conomie est\u00a0<em>\u00ab\u00a0une forte adh\u00e9sion de tous et une participation \u00e0 cette volont\u00e9 de changement\u00a0\u00bb<\/em>.\u00a0Pour le moins\u2026\u00a0Mais il faut bien commencer un jour, et ce petit livre stimulant y contribue incontestablement.\u00a0\u00bb\u00a0<strong>Herv\u00e9 Kempf dans\u00a0<a href=\"http:\/\/www.lemonde.fr\/economie\/article\/2013\/03\/11\/la-decroissance-mode-d-emploi_1845977_3234.html?xtmc=liegey&amp;xtcr=1\" target=\"_blank\">Le Monde<\/a><em>.<\/em><\/strong><\/em><\/p>\n<\/div>\n<\/div>\n<\/div>\n","protected":false},"excerpt":{"rendered":"<p>Nous vous invitons toutes et tous \u00e0 la soir\u00e9e de discussion Quel sont les liens entre revenu de base inconditionnel et D\u00e9croissance ? Ces deux concepts ne sont-ils pas contradictoires ? Avec\u00a0Vincent Liegey, l\u2019un des co-auteurs d&rsquo;\u00ab\u00a0Un projet de d\u00e9croissance, &hellip; <a href=\"http:\/\/www.projet-decroissance.net\/?p=1283\">Continuer la lecture <span class=\"meta-nav\">&rarr;<\/span><\/a><\/p>\n","protected":false},"author":3,"featured_media":0,"comment_status":"closed","ping_status":"open","sticky":false,"template":"","format":"standard","meta":{"footnotes":""},"categories":[6],"tags":[],"class_list":["post-1283","post","type-post","status-publish","format-standard","hentry","category-agenda"],"_links":{"self":[{"href":"http:\/\/www.projet-decroissance.net\/index.php?rest_route=\/wp\/v2\/posts\/1283","targetHints":{"allow":["GET"]}}],"collection":[{"href":"http:\/\/www.projet-decroissance.net\/index.php?rest_route=\/wp\/v2\/posts"}],"about":[{"href":"http:\/\/www.projet-decroissance.net\/index.php?rest_route=\/wp\/v2\/types\/post"}],"author":[{"embeddable":true,"href":"http:\/\/www.projet-decroissance.net\/index.php?rest_route=\/wp\/v2\/users\/3"}],"replies":[{"embeddable":true,"href":"http:\/\/www.projet-decroissance.net\/index.php?rest_route=%2Fwp%2Fv2%2Fcomments&post=1283"}],"version-history":[{"count":4,"href":"http:\/\/www.projet-decroissance.net\/index.php?rest_route=\/wp\/v2\/posts\/1283\/revisions"}],"predecessor-version":[{"id":1474,"href":"http:\/\/www.projet-decroissance.net\/index.php?rest_route=\/wp\/v2\/posts\/1283\/revisions\/1474"}],"wp:attachment":[{"href":"http:\/\/www.projet-decroissance.net\/index.php?rest_route=%2Fwp%2Fv2%2Fmedia&parent=1283"}],"wp:term":[{"taxonomy":"category","embeddable":true,"href":"http:\/\/www.projet-decroissance.net\/index.php?rest_route=%2Fwp%2Fv2%2Fcategories&post=1283"},{"taxonomy":"post_tag","embeddable":true,"href":"http:\/\/www.projet-decroissance.net\/index.php?rest_route=%2Fwp%2Fv2%2Ftags&post=1283"}],"curies":[{"name":"wp","href":"https:\/\/api.w.org\/{rel}","templated":true}]}}