{"id":1288,"date":"2012-09-15T08:39:18","date_gmt":"2012-09-15T08:39:18","guid":{"rendered":"http:\/\/www.projet-decroissance.net\/?p=1288"},"modified":"2013-11-22T08:39:34","modified_gmt":"2013-11-22T08:39:34","slug":"un-projet-de-decroissance-au-festival-des-utopies-concretes-mercredi-25-septembre-2013-a-19h30-au-lieu-dit-paris","status":"publish","type":"post","link":"http:\/\/www.projet-decroissance.net\/?p=1288","title":{"rendered":"Un Projet de D\u00e9croissance au Festival des Utopies Concr\u00e8tes, mercredi 25 septembre 2013 \u00e0 19h30, au Lieu-dit (Paris)"},"content":{"rendered":"<p><a href=\"http:\/\/festivaldesutopiesconcretes.org\/fuc-2013-le-programme-se-devoile\/\" target=\"_blank\"><img loading=\"lazy\" decoding=\"async\" class=\"alignleft\" alt=\"\" src=\"http:\/\/festivaldesutopiesconcretes.org\/wp-content\/uploads\/2012\/11\/FUCC.jpg\" width=\"246\" height=\"258\" \/><\/a><\/p>\n<p>Dans le cadre du <a href=\"http:\/\/festivaldesutopiesconcretes.org\/fuc-2013-le-programme-se-devoile\/\" target=\"_blank\">Festival des Utopies Concr\u00e8tes<\/a> et de la sortie du num\u00e9ro d&rsquo;automne 2013 de la <a href=\"http:\/\/www.mouvements.info\/\" target=\"_blank\">revue Mouvements<\/a>.<\/p>\n<p style=\"text-align: center;\"><strong>Soir\u00e9e d\u00e9bat : \u00ab Transition et Politique \u00bb<\/strong><br \/>\n<strong>Le mercredi 25 septembre \u00e0 18h30<\/strong><br \/>\n<strong>Au\u00a0Bar-restaurant \u00ab Le lieu dit \u00bb<\/strong><br \/>\n<strong>6 rue Sorbier, Paris 20<\/strong><a itemprop=\"streetAddress\" href=\"http:\/\/www.demosphere.eu\/lieu\/1311\"><br \/>\n<\/a><\/p>\n<p>Invit\u00e9s :<\/p>\n<ul>\n<li><strong>Vincent Liegey<\/strong>, co-auteur du livre \u00ab\u00a0<a href=\"projet-decroissance.net\" target=\"_blank\">Un projet de D\u00e9croissance<\/a>\u00a0\u00bb (Ed Utopia) et porte-parole du PPLD ;<\/li>\n<li><strong>Vincent Gerber<\/strong>, auteur de \u00ab\u00a0<a href=\"http:\/\/www.ecosociete.org\/t164.php\">Murray Bookchin et l&rsquo;\u00e9cologie sociale<\/a>, une biographie intellectuelle \u00bb (Ed EcoSoci\u00e9t\u00e9),<\/li>\n<li><strong>Pierre Thom\u00e9<\/strong>, auteur de \u00ab\u00a0<a href=\"http:\/\/www.yvesmichel.org\/product-page\/acteurs-sociaux\/createurs-dutopies\">Cr\u00e9ateurs d&rsquo;utopies<\/a>\u00a0; D\u00e9mocratie, autogestion, \u00e9conomie sociale et solidaire \u00bb (Ed Yves Michel) et<\/li>\n<li><strong>Virginie Le Torrec<\/strong>, St-Denis en transition.<\/li>\n<\/ul>\n<p><a href=\"projet-decroissance.net\" target=\"_blank\"><img loading=\"lazy\" decoding=\"async\" class=\"alignright\" alt=\"\" src=\"http:\/\/www.projet-decroissance.net\/wp-content\/uploads\/2012\/12\/manifeste-dia-couverture140.jpg\" width=\"108\" height=\"177\" \/><\/a>\u00ab Ce d\u00e9bat abordera les rapports entre le mouvement de la transition et la politique, en nous interrogeant sur les liens qui pourraient exister entre la politique et la transition ; en se questionnant sur la n\u00e9cessit\u00e9 ou non de construire des passerelles plus affirm\u00e9es entre les partis traditionnels et la transition ; en mettant en lumi\u00e8re la proximit\u00e9 des id\u00e9es et des pratiques entre la transition et certaines th\u00e9ories politiques comme la d\u00e9croissance ou le municipalisme libertaire.<br \/>\nAvec en toile de fond, une probl\u00e9matique centrale : \u00ab Inclusivit\u00e9 ou parti pris, la transition \u00e0 la crois\u00e9e des chemins ? \u00bb<br \/>\n<!--more--><\/p>\n<div id=\"home-slider-wrap\">\n<div id=\"home-slider\">\n<p>Depuis le d\u00e9but des ann\u00e9es 2000 a \u00e9merg\u00e9 un nouveau mouvement de pens\u00e9e autour du slogan provocateur \u00ab D\u00e9croissance \u00bb. A travers la critique radicale de la soci\u00e9t\u00e9 de croissance et de son impasse \u00e9cologique et humaine, cet OVNI politique a su enrichir les d\u00e9bats et les discussions. Les d\u00e9croissant-e-s sont actifs et pr\u00e9sents dans la mise en place\u00a0<a href=\"http:\/\/cyclocoop.org\/\" target=\"_blank\">d\u2019ateliers v\u00e9los<\/a>, en France et aussi avec\u00a0<a href=\"http:\/\/cyclonomia.org\/cyclonomia-en-francais\/\" target=\"_blank\">Cyclonomia \u00e0 Budapest<\/a>. Ces ateliers participent \u00e0\u00a0<a href=\"http:\/\/www.projet-decroissance.net\/?p=672\" target=\"_blank\">cette transition qui est en marche !<\/a><\/p>\n<p>A lire et \u00e9couter sur Un Projet de D\u00e9croissance :<\/p>\n<div>\n<ul>\n<li><a href=\"http:\/\/www.projet-decroissance.net\/?p=930\" target=\"_blank\">Un Projet de D\u00e9croissance sur France Culture<\/a>\u00a0: Terre \u00e0 Terre, avec Vincent Liegey par Ruth St\u00e9gassy<\/li>\n<li><a href=\"http:\/\/www.projet-decroissance.net\/?p=943\" target=\"_blank\">Un Projet de D\u00e9croissance dans Lib\u00e9ration<\/a>\u00a0: Vincent Liegey: \u00abOn ne peut plus cro\u00eetre dans un monde fini\u00bb<\/li>\n<li><a href=\"http:\/\/www.projet-decroissance.net\/?p=822\" target=\"_blank\">Un Projet de D\u00e9croissance dans Le Monde<\/a>\u00a0:\u00a0La d\u00e9croissance, mode d\u2019emploi<\/li>\n<li><a title=\"Lien permanent vers Un Projet de D\u00e9croissance sur Slate.fr : Pour en finir avec le Dieu Croissance\" href=\"http:\/\/www.projet-decroissance.net\/?p=1153\" rel=\"bookmark\">Un Projet de D\u00e9croissance sur Slate.fr : Pour en finir avec le Dieu Croissance<\/a><\/li>\n<li><a title=\"Lien permanent vers La transition est en marche ! \u2013 Sur Reporterre.net\" href=\"http:\/\/www.projet-decroissance.net\/?p=672\" target=\"_blank\" rel=\"bookmark\">La transition est en marche ! \u2013 Sur Reporterre.net<\/a><\/li>\n<\/ul>\n<\/div>\n<p><em>\u00ab\u00a0[&#8230;] La condition pour r\u00e9ussir cette transformation radicale de l\u2019\u00e9conomie est\u00a0<em>\u00ab\u00a0une forte adh\u00e9sion de tous et une participation \u00e0 cette volont\u00e9 de changement\u00a0\u00bb<\/em>.\u00a0Pour le moins\u2026\u00a0Mais il faut bien commencer un jour, et ce petit livre stimulant y contribue incontestablement.\u00a0\u00bb\u00a0<strong>Herv\u00e9 Kempf dans\u00a0<a href=\"http:\/\/www.lemonde.fr\/economie\/article\/2013\/03\/11\/la-decroissance-mode-d-emploi_1845977_3234.html?xtmc=liegey&amp;xtcr=1\" target=\"_blank\">Le Monde<\/a><em>.<\/em><\/strong><\/em><\/p>\n<\/div>\n<\/div>\n","protected":false},"excerpt":{"rendered":"<p>Dans le cadre du Festival des Utopies Concr\u00e8tes et de la sortie du num\u00e9ro d&rsquo;automne 2013 de la revue Mouvements. Soir\u00e9e d\u00e9bat : \u00ab Transition et Politique \u00bb Le mercredi 25 septembre \u00e0 18h30 Au\u00a0Bar-restaurant \u00ab Le lieu dit \u00bb &hellip; <a href=\"http:\/\/www.projet-decroissance.net\/?p=1288\">Continuer la lecture <span class=\"meta-nav\">&rarr;<\/span><\/a><\/p>\n","protected":false},"author":3,"featured_media":0,"comment_status":"closed","ping_status":"open","sticky":false,"template":"","format":"standard","meta":{"footnotes":""},"categories":[6],"tags":[],"class_list":["post-1288","post","type-post","status-publish","format-standard","hentry","category-agenda"],"_links":{"self":[{"href":"http:\/\/www.projet-decroissance.net\/index.php?rest_route=\/wp\/v2\/posts\/1288","targetHints":{"allow":["GET"]}}],"collection":[{"href":"http:\/\/www.projet-decroissance.net\/index.php?rest_route=\/wp\/v2\/posts"}],"about":[{"href":"http:\/\/www.projet-decroissance.net\/index.php?rest_route=\/wp\/v2\/types\/post"}],"author":[{"embeddable":true,"href":"http:\/\/www.projet-decroissance.net\/index.php?rest_route=\/wp\/v2\/users\/3"}],"replies":[{"embeddable":true,"href":"http:\/\/www.projet-decroissance.net\/index.php?rest_route=%2Fwp%2Fv2%2Fcomments&post=1288"}],"version-history":[{"count":6,"href":"http:\/\/www.projet-decroissance.net\/index.php?rest_route=\/wp\/v2\/posts\/1288\/revisions"}],"predecessor-version":[{"id":1306,"href":"http:\/\/www.projet-decroissance.net\/index.php?rest_route=\/wp\/v2\/posts\/1288\/revisions\/1306"}],"wp:attachment":[{"href":"http:\/\/www.projet-decroissance.net\/index.php?rest_route=%2Fwp%2Fv2%2Fmedia&parent=1288"}],"wp:term":[{"taxonomy":"category","embeddable":true,"href":"http:\/\/www.projet-decroissance.net\/index.php?rest_route=%2Fwp%2Fv2%2Fcategories&post=1288"},{"taxonomy":"post_tag","embeddable":true,"href":"http:\/\/www.projet-decroissance.net\/index.php?rest_route=%2Fwp%2Fv2%2Ftags&post=1288"}],"curies":[{"name":"wp","href":"https:\/\/api.w.org\/{rel}","templated":true}]}}