{"id":1290,"date":"2012-09-15T08:59:10","date_gmt":"2012-09-15T08:59:10","guid":{"rendered":"http:\/\/www.projet-decroissance.net\/?p=1290"},"modified":"2013-11-22T08:38:24","modified_gmt":"2013-11-22T08:38:24","slug":"un-projet-de-decroissance-au-festival-forhum-nantes-le-samedi-27-septembre-17h15","status":"publish","type":"post","link":"http:\/\/www.projet-decroissance.net\/?p=1290","title":{"rendered":"Un Projet de D\u00e9croissance au Festival FOR&rsquo;HuM, Nantes, le vendredi 27 septembre, 17h15"},"content":{"rendered":"<p style=\"text-align: center;\"><strong><img loading=\"lazy\" decoding=\"async\" class=\"alignright\" alt=\"Description de cette image, \u00e9galement comment\u00e9e ci-apr\u00e8s\" src=\"http:\/\/upload.wikimedia.org\/wikipedia\/fr\/thumb\/2\/2b\/Le_Voyage_%C3%A0_Nantes.png\/220px-Le_Voyage_%C3%A0_Nantes.png\" srcset=\"\/\/upload.wikimedia.org\/wikipedia\/fr\/2\/2b\/Le_Voyage_%C3%A0_Nantes.png 1.5x, \/\/upload.wikimedia.org\/wikipedia\/fr\/2\/2b\/Le_Voyage_%C3%A0_Nantes.png 2x\" width=\"220\" height=\"220\" \/><img loading=\"lazy\" decoding=\"async\" class=\"alignleft\" alt=\"\" src=\"http:\/\/www.projet-decroissance.net\/wp-content\/uploads\/2012\/12\/manifeste-dia-couverture140.jpg\" width=\"108\" height=\"177\" \/>Nous vous invitons toutes et tous \u00e0 la soir\u00e9e de discussion<\/strong><\/p>\n<p style=\"text-align: center;\"><strong>\u00ab Les terrains de r\u00e9sistance \u00bb<\/strong><\/p>\n<p style=\"text-align: center;\"><strong>Le vendredi 27 septembre, \u00e0 17h15<\/strong><br \/>\n<strong>Au <a href=\"http:\/\/www.nantes.fr\/home\/actualites\/ville-de-nantes\/actualites-vdn-detente\/forum-cantine.html\" target=\"_blank\">Festival FOR&rsquo;HuM, HUMEURS, HUMUS, HUMAINS<\/a>,\u00a0\u00e0 Nantes<\/strong><br \/>\n<strong>A la Cantine du voyage, quai des Antilles<\/strong><\/p>\n<p>Avec :\u00a0Mod\u00e9ratrice &#8211; Val\u00e9rie de Saint Do, journaliste et auteur<\/p>\n<p>Intervenants<br \/>\n\u2022 <strong>Alain Canet<\/strong>, directeur de l\u2019association \u00ab Arbre et Paysage 32 \u00bb (Gers), pr\u00e9sident de l\u2019Association fran\u00e7aise d\u2019agroforesterie (AFAF)<br \/>\n\u2022 <strong>\u00c9ric Watt<\/strong>, artiste<br \/>\n\u2022 <strong>Thierry Boutonnier<\/strong>, artiste<br \/>\n\u2022 <strong>Yves Gillen<\/strong>, jardinier, \u00ab Les Jardins du Marais \u00bb, Herbignac (Loire-Atlantique)<br \/>\n\u2022 <strong>Vincent Liegey<\/strong>,\u00a0co-auteur du livre \u00ab\u00a0<a href=\"http:\/\/www.projet-decroissance.net\/projet-decroissance.net\" target=\"_blank\">Un projet de D\u00e9croissance<\/a>\u00a0\u00bb (Ed Utopia) et porte-parole du PPLD<br \/>\n<img decoding=\"async\" title=\"Lire la suite\u2026\" alt=\"\" src=\"http:\/\/www.projet-decroissance.net\/wp-includes\/js\/tinymce\/plugins\/wordpress\/img\/trans.gif\" \/><br \/>\n<!--more-->Depuis le d\u00e9but des ann\u00e9es 2000 a \u00e9merg\u00e9 un nouveau mouvement de pens\u00e9e autour du slogan provocateur \u00ab D\u00e9croissance \u00bb. A travers la critique radicale de la soci\u00e9t\u00e9 de croissance et de son impasse \u00e9cologique et humaine, cet OVNI politique a su enrichir les d\u00e9bats et les discussions. Les d\u00e9croissant-e-s sont actifs et pr\u00e9sents dans la mise en place\u00a0<a href=\"http:\/\/cyclocoop.org\/\" target=\"_blank\">d\u2019ateliers v\u00e9los<\/a>, en France et aussi avec\u00a0<a href=\"http:\/\/cyclonomia.org\/cyclonomia-en-francais\/\" target=\"_blank\">Cyclonomia \u00e0 Budapest<\/a>. Ces ateliers participent \u00e0\u00a0<a href=\"http:\/\/www.projet-decroissance.net\/?p=672\" target=\"_blank\">cette transition qui est en marche !<\/a><\/p>\n<p>A lire et \u00e9couter sur Un Projet de D\u00e9croissance :<\/p>\n<div>\n<ul>\n<li><a href=\"http:\/\/www.projet-decroissance.net\/?p=930\" target=\"_blank\">Un Projet de D\u00e9croissance sur France Culture<\/a>\u00a0: Terre \u00e0 Terre, avec Vincent Liegey par Ruth St\u00e9gassy<\/li>\n<li><a href=\"http:\/\/www.projet-decroissance.net\/?p=943\" target=\"_blank\">Un Projet de D\u00e9croissance dans Lib\u00e9ration<\/a>\u00a0: Vincent Liegey: \u00abOn ne peut plus cro\u00eetre dans un monde fini\u00bb<\/li>\n<li><a href=\"http:\/\/www.projet-decroissance.net\/?p=822\" target=\"_blank\">Un Projet de D\u00e9croissance dans Le Monde<\/a>\u00a0:\u00a0La d\u00e9croissance, mode d\u2019emploi<\/li>\n<li><a title=\"Lien permanent vers Un Projet de D\u00e9croissance sur Slate.fr : Pour en finir avec le Dieu Croissance\" href=\"http:\/\/www.projet-decroissance.net\/?p=1153\" rel=\"bookmark\">Un Projet de D\u00e9croissance sur Slate.fr : Pour en finir avec le Dieu Croissance<\/a><\/li>\n<li><a title=\"Lien permanent vers La transition est en marche ! \u2013 Sur Reporterre.net\" href=\"http:\/\/www.projet-decroissance.net\/?p=672\" target=\"_blank\" rel=\"bookmark\">La transition est en marche ! \u2013 Sur Reporterre.net<\/a><\/li>\n<\/ul>\n<\/div>\n<p><em>\u00ab\u00a0[&#8230;] La condition pour r\u00e9ussir cette transformation radicale de l\u2019\u00e9conomie est\u00a0<em>\u00ab\u00a0une forte adh\u00e9sion de tous et une participation \u00e0 cette volont\u00e9 de changement\u00a0\u00bb<\/em>.\u00a0Pour le moins\u2026\u00a0Mais il faut bien commencer un jour, et ce petit livre stimulant y contribue incontestablement.\u00a0\u00bb\u00a0<strong>Herv\u00e9 Kempf dans\u00a0<a href=\"http:\/\/www.lemonde.fr\/economie\/article\/2013\/03\/11\/la-decroissance-mode-d-emploi_1845977_3234.html?xtmc=liegey&amp;xtcr=1\" target=\"_blank\">Le Monde<\/a><em>.<\/em><\/strong><\/em><\/p>\n","protected":false},"excerpt":{"rendered":"<p>Nous vous invitons toutes et tous \u00e0 la soir\u00e9e de discussion \u00ab Les terrains de r\u00e9sistance \u00bb Le vendredi 27 septembre, \u00e0 17h15 Au Festival FOR&rsquo;HuM, HUMEURS, HUMUS, HUMAINS,\u00a0\u00e0 Nantes A la Cantine du voyage, quai des Antilles Avec :\u00a0Mod\u00e9ratrice &hellip; <a href=\"http:\/\/www.projet-decroissance.net\/?p=1290\">Continuer la lecture <span class=\"meta-nav\">&rarr;<\/span><\/a><\/p>\n","protected":false},"author":3,"featured_media":0,"comment_status":"closed","ping_status":"open","sticky":false,"template":"","format":"standard","meta":{"footnotes":""},"categories":[6],"tags":[],"class_list":["post-1290","post","type-post","status-publish","format-standard","hentry","category-agenda"],"_links":{"self":[{"href":"http:\/\/www.projet-decroissance.net\/index.php?rest_route=\/wp\/v2\/posts\/1290","targetHints":{"allow":["GET"]}}],"collection":[{"href":"http:\/\/www.projet-decroissance.net\/index.php?rest_route=\/wp\/v2\/posts"}],"about":[{"href":"http:\/\/www.projet-decroissance.net\/index.php?rest_route=\/wp\/v2\/types\/post"}],"author":[{"embeddable":true,"href":"http:\/\/www.projet-decroissance.net\/index.php?rest_route=\/wp\/v2\/users\/3"}],"replies":[{"embeddable":true,"href":"http:\/\/www.projet-decroissance.net\/index.php?rest_route=%2Fwp%2Fv2%2Fcomments&post=1290"}],"version-history":[{"count":5,"href":"http:\/\/www.projet-decroissance.net\/index.php?rest_route=\/wp\/v2\/posts\/1290\/revisions"}],"predecessor-version":[{"id":1327,"href":"http:\/\/www.projet-decroissance.net\/index.php?rest_route=\/wp\/v2\/posts\/1290\/revisions\/1327"}],"wp:attachment":[{"href":"http:\/\/www.projet-decroissance.net\/index.php?rest_route=%2Fwp%2Fv2%2Fmedia&parent=1290"}],"wp:term":[{"taxonomy":"category","embeddable":true,"href":"http:\/\/www.projet-decroissance.net\/index.php?rest_route=%2Fwp%2Fv2%2Fcategories&post=1290"},{"taxonomy":"post_tag","embeddable":true,"href":"http:\/\/www.projet-decroissance.net\/index.php?rest_route=%2Fwp%2Fv2%2Ftags&post=1290"}],"curies":[{"name":"wp","href":"https:\/\/api.w.org\/{rel}","templated":true}]}}