{"id":1303,"date":"2013-03-16T10:15:40","date_gmt":"2013-03-16T10:15:40","guid":{"rendered":"http:\/\/www.projet-decroissance.net\/?p=1303"},"modified":"2013-09-18T08:04:36","modified_gmt":"2013-09-18T08:04:36","slug":"un-projet-de-decroissance-les-prochaines-rencontres-a-paris-bourges-nantes-puis-geneve-voiron-nice-bruxelles-toulouse-bordeaux","status":"publish","type":"post","link":"http:\/\/www.projet-decroissance.net\/?p=1303","title":{"rendered":"Un projet de D\u00e9croissance \u2013 Les prochaines rencontres \u00e0 Paris, Bourges, Nantes, puis Gen\u00e8ve, Voiron, Nice, Bruxelles, Toulouse, Bordeaux&#8230;"},"content":{"rendered":"<p>Bonjour \u00e0 toutes et \u00e0 tous,<\/p>\n<p>Nous vous invitons aux prochaines rencontres autour d&rsquo; \u00ab\u00a0<a href=\"http:\/\/www.projet-decroissance.net\/\" target=\"_blank\">Un Projet de D\u00e9croissance<\/a>\u00a0\u00bb :<\/p>\n<ul>\n<li><a href=\"http:\/\/www.projet-decroissance.net\/?p=1273\" target=\"_blank\">Le 19 septembre \u00e0 la maison du v\u00e9lo Paris<\/a>\u00a0avec nos amis de la\u00a0<a href=\"http:\/\/velorution.org\/page\/\" target=\"_blank\">V\u00e9lorution qui f\u00eatent leurs 10 ans<\/a>\u00a0et des\u00a0<a href=\"http:\/\/cyclocoop.org\/\" target=\"_blank\">cyclofficines d\u2019\u00cele de France<\/a>\u00a0(20h, 6 rue Jacques Coeur).<\/li>\n<li><a href=\"http:\/\/www.projet-decroissance.net\/?p=1275\" target=\"_blank\">Le 20 septembre \u00e0 Bourges avec les\u00a0d\u00e9croisseurs berrichons<\/a>\u00a0(21h, au Guillotin, 15 rue Jean Girard).<\/li>\n<li><a href=\"http:\/\/www.projet-decroissance.net\/?p=1283\" target=\"_blank\">Le 22 septembre \u00e0 l\u2019invitation de\u00a0l\u2019initiative citoyenne pour le Revenu de Base<\/a>\u00a0(18h, au Lavoir Moderne, 35 rue L\u00e9on).<\/li>\n<li><a href=\"http:\/\/www.projet-decroissance.net\/?p=1288\" target=\"_blank\">Le 25 septembre au Festival des Utopies Concr\u00e8tes \u00e0 Paris<\/a>\u00a0(18h30, au Lieu-dit, 6 rue Sorbier).<\/li>\n<li><a href=\"http:\/\/www.projet-decroissance.net\/?p=1290\" rel=\"bookmark\">Un Projet de D\u00e9croissance au Festival FOR\u2019HuM, Nantes, le samedi 27 septembre, 17h15<\/a>.<\/li>\n<li>Les 27-28-29 septembre au\u00a0<a href=\"http:\/\/www.haute-normandie-decroissance.fr\/?p=877\" target=\"_blank\">festival La Tambouille \u00e0 Mont Saint Aignan (76)<\/a>.<\/li>\n<li><a href=\"http:\/\/www.projet-decroissance.net\/?p=1206\" target=\"_blank\">Etc.<\/a><\/li>\n<\/ul>\n<p>A bient\u00f4t,<\/p>\n<p><em><strong>Vincent Liegey, St\u00e9phane Madelaine, Christophe Ondet, Anne-Isabelle Veillot<\/strong>.<\/em><br \/>\n<em>Un projet de d\u00e9croissance. Manifeste pour une dotation inconditionnel<\/em><em>le d\u2019autonomie<\/em>, pr\u00e9face de Paul Ari\u00e8s. Les \u00e9ditions Utopia, 150 pages, 7 euros.<\/p>\n<p><em>\u00ab\u00a0[&#8230;] La condition pour r\u00e9ussir cette transformation radicale de l\u2019\u00e9conomie est\u00a0<em>\u00ab\u00a0une forte adh\u00e9sion de tous et une participation \u00e0 cette volont\u00e9 de changement\u00a0\u00bb<\/em>.\u00a0Pour le moins\u2026\u00a0Mais il faut bien commencer un jour, et ce petit livre stimulant y contribue incontestablement.\u00a0\u00bb\u00a0<strong>Herv\u00e9 Kempf dans\u00a0<a href=\"http:\/\/www.lemonde.fr\/economie\/article\/2013\/03\/11\/la-decroissance-mode-d-emploi_1845977_3234.html?xtmc=liegey&amp;xtcr=1\" target=\"_blank\">Le Monde<\/a><em>.<\/em><\/strong><\/em><\/p>\n<p><em>\u00ab\u00a0<em>[&#8230;]\u00a0<\/em>Et le\u00a0<a href=\"http:\/\/www.projet-decroissance.net\/?p=954#more-954\">succ\u00e8s rencontr\u00e9 par l\u2019ouvrage<\/a>\u00a0peut laisser penser que\u00a0\u00abla transition est bel et bien en marche\u00bb.\u00a0\u00a0\u00bb\u00a0<\/em><em><strong>Emmanuel Daniel sur\u00a0<\/strong><\/em><em><strong><a href=\"http:\/\/www.slate.fr\/story\/74453\/decroissant\" target=\"_blank\">Slate.fr<\/a>.<\/strong><\/em><\/p>\n<p style=\"text-align: center;\">&#8212;&#8212;&#8212;&#8212;-<\/p>\n<p style=\"text-align: center;\"><a href=\"http:\/\/www.projet-decroissance.net\/?p=1273\" rel=\"bookmark\">Un Projet de D\u00e9croissance f\u00eate les 10 ans de la V\u00e9lorution, jeudi 19 septembre \u00e0 Paris, \u00e0 20h<\/a><\/p>\n<p style=\"text-align: center;\"><a href=\"http:\/\/velorution.org\/page\/index.php?option=com_content&amp;view=article&amp;id=421:velorution-paris-idf-a-10-ans-du-19-au-22-sept-2013-velorution-paris-turns-10-19-22th-september-2013&amp;catid=54:evenements&amp;Itemid=201\" target=\"_blank\"><img decoding=\"async\" class=\"aligncenter\" alt=\"flyer_10_ans\" src=\"http:\/\/velorution.org\/page\/images\/stories\/_PARIS\/flyer_10_ans.jpg\" width=\"70%\" height=\"NAN\" \/><\/a>Il y a dix ans, le 22 septembre 2003, se r\u00e9unissait une petite bande de non-motoris\u00e9\u00b7e\u00b7s \u00e0 la Place de l\u2019\u00c9toile. C\u2019\u00e9tait la Journ\u00e9e Internationale sans Voitures. Nous \u00e9tions 50, les voitures \u00e9taient 5000\u2026<\/p>\n<p style=\"text-align: center;\">Nous vous invitons toutes et tous \u00e0 la soir\u00e9e de discussion autour du livre<\/p>\n<p style=\"text-align: center;\"><em><a href=\"http:\/\/www.projet-decroissance.net\/\" target=\"_blank\">Un projet de D\u00e9croissance<\/a><\/em><\/p>\n<p style=\"text-align: center;\">Avec\u00a0<a href=\"http:\/\/www.projet-decroissance.net\/?page_id=28\" target=\"_blank\">Vincent Liegey<\/a>, l\u2019un des co-auteurs.<br \/>\nLe jeudi 19 septembre, 20h<br \/>\nA la Maison du V\u00e9lo<br \/>\n6, rue Jacques C\u0153ur, 75004<\/p>\n<p style=\"text-align: center;\"><em>Chacun\u00b7e am\u00e8ne de quoi manger et boire.<\/em><\/p>\n<p style=\"text-align: center;\">&#8212;&#8212;&#8212;&#8212;&#8211;<\/p>\n<p style=\"text-align: center;\"><a href=\"http:\/\/www.projet-decroissance.net\/?p=1275\" rel=\"bookmark\">Un Projet de D\u00e9croissance \u00e0 Bourges le vendredi 20 septembre, \u00e0 21h au Guillotin<\/a><\/p>\n<p style=\"text-align: center;\">Nous vous invitons toutes et tous \u00e0 la soir\u00e9e de discussion autour du livre\u00a0<em><a href=\"http:\/\/www.projet-decroissance.net\/\" target=\"_blank\">Un projet de D\u00e9croissance<\/a><\/em><\/p>\n<p style=\"text-align: center;\">Avec\u00a0<a href=\"http:\/\/www.projet-decroissance.net\/?page_id=28\" target=\"_blank\">Vincent Liegey<\/a>, l\u2019un des co-auteurs.<br \/>\nLe vendredi 20 septembre, \u00e0 21h<br \/>\nA Bourges avec les\u00a0<a href=\"http:\/\/groupededecroisseursberrichons.hautetfort.com\/archive\/2013\/07\/12\/au-menu-de-la-rentree-5120030.html\" target=\"_blank\">d\u00e9croisseurs berrichon<br \/>\n<\/a>Au Guillotin, 15 rue Jean Girard<\/p>\n<p style=\"text-align: center;\"><img decoding=\"async\" id=\"media-4250037\" title=\"\" alt=\"Caf\u00e9-DIA.jpg\" src=\"http:\/\/groupededecroisseursberrichons.hautetfort.com\/media\/02\/02\/3114095016.jpg\" \/><\/p>\n<p style=\"text-align: center;\">&#8212;&#8212;&#8212;&#8212;<\/p>\n<p style=\"text-align: center;\"><a href=\"http:\/\/www.projet-decroissance.net\/?p=1283\" rel=\"bookmark\">Un Projet de D\u00e9croissance \u00e0 la semaine internationale pour le Revenu de Base, le dimanche 22 septembre, au Lavoir Moderne (Paris) \u00e0 18h<\/a><\/p>\n<div>\n<div id=\"home-slider-wrap\">\n<div id=\"home-slider\">\n<p>Nous vous invitons toutes et tous \u00e0 la soir\u00e9e de discussion :<\/p>\n<p style=\"text-align: center;\">Quel sont les liens entre revenu de base inconditionnel et D\u00e9croissance ? Ces deux concepts ne sont-ils pas contradictoires ?<\/p>\n<p style=\"text-align: center;\">Avec\u00a0<a href=\"http:\/\/www.projet-decroissance.net\/?page_id=28\" target=\"_blank\">Vincent Liegey<\/a>, l\u2019un des co-auteurs d\u2019<a title=\"manifeste DIA\" href=\"http:\/\/editionutopia.wordpress.com\/2013\/01\/27\/a-paraitre-un-projet-de-decroissance-manifeste-pour-une-dotation-inconditionnelle-dautonomie-dia\/\">\u00ab\u00a0Un projet de d\u00e9croissance, manifeste pour une dotation inconditionnelle d\u2019autonomie\u00a0\u00bb<\/a>.<\/p>\n<p style=\"text-align: center;\">Le dimanche 22 septembre, \u00e0 18h<br \/>\nAu lavoir Moderne<br \/>\n35, rue l\u00e9on, 75018 Paris<\/p>\n<p style=\"text-align: center;\"><a title=\"manifeste DIA\" href=\"http:\/\/editionutopia.wordpress.com\/2013\/01\/27\/a-paraitre-un-projet-de-decroissance-manifeste-pour-une-dotation-inconditionnelle-dautonomie-dia\/\">\u00ab\u00a0Un projet de d\u00e9croissance, manifeste pour une dotation inconditionnelle d\u2019autonomie\u00a0\u00bb<\/a>\u00a0\u00e9voque l\u2019instauration d\u2019un revenu inconditionnel d\u00e9mon\u00e9taris\u00e9, vers\u00e9 majoritairement en droit de tirage sur les ressources et en monnaie locale plut\u00f4t qu\u2019en euros comme outil et \u00e9tape d\u2019une transition d\u00e9mocratique et sereine vers des soci\u00e9t\u00e9s soutenables et souhaitables. Ils soutiennent l\u2019initiative europ\u00e9enne citoyenne pour le revenu de base, sous condition :\u00a0<a href=\"http:\/\/www.projet-decroissance.net\/?p=831\" target=\"_blank\">Un tremplin pour un Projet de D\u00e9croissance : l\u2019initiative citoyenne pour le revenu de base<\/a>.<\/p>\n<p style=\"text-align: center;\"><a title=\"Une semaine pour une autre Europe !\" href=\"http:\/\/semaine.revenudebase.info\/\" target=\"_blank\"><img loading=\"lazy\" decoding=\"async\" alt=\"Une semaine pour une autre Europe !\" src=\"http:\/\/semaine.revenudebase.info\/wp-content\/uploads\/2013\/08\/banniere_semaine_RDB_FR.jpg\" width=\"546\" height=\"218\" \/><\/a><a href=\"http:\/\/www.projet-decroissance.net\/?p=1283#more-1283\"><span style=\"color: #743399;\"><br \/>\n<\/span><\/a><\/p>\n<p style=\"text-align: center;\">&#8212;&#8212;&#8212;&#8212;<\/p>\n<p style=\"text-align: center;\"><a href=\"http:\/\/www.projet-decroissance.net\/?p=1288\" rel=\"bookmark\">Un Projet de D\u00e9croissance au Festival des Utopies Concr\u00e8tes, mercredi 25 septembre 2013 \u00e0 19h30, au Lieu-dit (Paris)<\/a><\/p>\n<div>\n<div style=\"text-align: center;\"><a href=\"http:\/\/festivaldesutopiesconcretes.org\/fuc-2013-le-programme-se-devoile\/\" target=\"_blank\"><img loading=\"lazy\" decoding=\"async\" alt=\"\" src=\"http:\/\/festivaldesutopiesconcretes.org\/wp-content\/uploads\/2012\/11\/FUCC.jpg\" width=\"246\" height=\"258\" \/><\/a><\/div>\n<div style=\"text-align: center;\">\n<p>Dans le cadre du\u00a0<a href=\"http:\/\/festivaldesutopiesconcretes.org\/fuc-2013-le-programme-se-devoile\/\" target=\"_blank\">Festival des Utopies Concr\u00e8tes<\/a>\u00a0et de la sortie du num\u00e9ro d\u2019automne 2013 de la\u00a0<a href=\"http:\/\/www.mouvements.info\/\" target=\"_blank\">revue Mouvements<\/a><strong>.<\/strong><\/p>\n<p>Soir\u00e9e d\u00e9bat : \u00ab Transition et Politique \u00bb<br \/>\nLe mercredi 25 septembre \u00e0 18h30<br \/>\nAu\u00a0Bar-restaurant \u00ab Le lieu dit \u00bb<br \/>\n6 rue Sorbier, Paris 20<\/p>\n<p>Invit\u00e9s :<\/p>\n<ul>\n<li style=\"text-align: left;\"><strong>Vincent Liegey<\/strong>, co-auteur du livre \u00ab\u00a0<a href=\"http:\/\/www.projet-decroissance.net\/projet-decroissance.net\" target=\"_blank\">Un projet de D\u00e9croissance<\/a>\u00a0\u00bb (Ed Utopia) et porte-parole du PPLD ;<\/li>\n<li style=\"text-align: left;\"><strong>Vincent Gerber<\/strong>, auteur de \u00ab\u00a0<a href=\"http:\/\/www.ecosociete.org\/t164.php\">Murray Bookchin et l\u2019\u00e9cologie sociale<\/a>, une biographie intellectuelle \u00bb (Ed EcoSoci\u00e9t\u00e9),<\/li>\n<li style=\"text-align: left;\"><strong>Pierre Thom\u00e9<\/strong>, auteur de \u00ab\u00a0<a href=\"http:\/\/www.yvesmichel.org\/product-page\/acteurs-sociaux\/createurs-dutopies\">Cr\u00e9ateurs d\u2019utopies<\/a>\u00a0; D\u00e9mocratie, autogestion, \u00e9conomie sociale et solidaire \u00bb (Ed Yves Michel) et<\/li>\n<li style=\"text-align: left;\"><strong>Virginie Le Torrec<\/strong>, St-Denis en transition.<\/li>\n<\/ul>\n<p>\u00ab Ce d\u00e9bat abordera les rapports entre le mouvement de la transition et la politique, en nous interrogeant sur les liens qui pourraient exister entre la politique et la transition ; en se questionnant sur la n\u00e9cessit\u00e9 ou non de construire des passerelles plus affirm\u00e9es entre les partis traditionnels et la transition ; en mettant en lumi\u00e8re la proximit\u00e9 des id\u00e9es et des pratiques entre la transition et certaines th\u00e9ories politiques comme la d\u00e9croissance ou le municipalisme libertaire.<br \/>\nAvec en toile de fond, une probl\u00e9matique centrale : \u00ab Inclusivit\u00e9 ou parti pris, la transition \u00e0 la crois\u00e9e des chemins ? \u00bb<\/p>\n<p>&#8212;&#8212;&#8212;&#8212;&#8212;<\/p>\n<\/div>\n<\/div>\n<div>\n<p style=\"text-align: center;\"><a href=\"http:\/\/www.projet-decroissance.net\/?p=1290\" rel=\"bookmark\">Un Projet de D\u00e9croissance au Festival FOR\u2019HuM, Nantes, le samedi 27 septembre, 17h15<\/a><\/p>\n<p style=\"text-align: center;\"><strong><img loading=\"lazy\" decoding=\"async\" class=\"aligncenter\" alt=\"Description de cette image, \u00e9galement comment\u00e9e ci-apr\u00e8s\" src=\"http:\/\/upload.wikimedia.org\/wikipedia\/fr\/thumb\/2\/2b\/Le_Voyage_%C3%A0_Nantes.png\/220px-Le_Voyage_%C3%A0_Nantes.png\" srcset=\"\/\/upload.wikimedia.org\/wikipedia\/fr\/2\/2b\/Le_Voyage_%C3%A0_Nantes.png 1.5x, \/\/upload.wikimedia.org\/wikipedia\/fr\/2\/2b\/Le_Voyage_%C3%A0_Nantes.png 2x\" width=\"154\" height=\"154\" \/><\/strong><\/p>\n<p style=\"text-align: center;\">Nous vous invitons toutes et tous \u00e0 la soir\u00e9e de discussion<\/p>\n<p style=\"text-align: center;\">\u00ab Les terrains de r\u00e9sistance \u00bb<br \/>\nLe samedi 27 septembre, \u00e0 17h15<br \/>\nAu\u00a0<a href=\"http:\/\/www.levoyageanantes.fr\/fr\/le-parcours\/la-cantine-de-nantes\/\" target=\"_blank\">Festival FOR\u2019HuM, HUMEURS, HUMUS, HUMAINS<br \/>\n<\/a>A Nantes<br \/>\nA la Cantine du voyage, quai des Antilles<\/p>\n<p style=\"text-align: center;\">Avec :<\/p>\n<p style=\"text-align: left;\">Mod\u00e9ratrice \u2013 Val\u00e9rie de Saint Do, journaliste et auteurIntervenants<br \/>\n\u2022\u00a0<strong>Alain Canet<\/strong>, directeur de l\u2019association \u00ab Arbre et Paysage 32 \u00bb (Gers), pr\u00e9sident de l\u2019Association fran\u00e7aise d\u2019agroforesterie (AFAF)<br \/>\n\u2022\u00a0<strong>\u00c9ric Watt<\/strong>, artiste<br \/>\n\u2022\u00a0<strong>Thierry Boutonnier<\/strong>, artiste<br \/>\n\u2022\u00a0<strong>Yves Gillen<\/strong>, jardinier, \u00ab Les Jardins du Marais \u00bb, Herbignac (Loire-Atlantique)<br \/>\n\u2022\u00a0<strong>Vincent Liegey<\/strong>,\u00a0co-auteur du livre \u00ab\u00a0<a href=\"http:\/\/www.projet-decroissance.net\/projet-decroissance.net\" target=\"_blank\">Un projet de D\u00e9croissance<\/a>\u00a0\u00bb (Ed Utopia) et porte-parole du PPLD<\/p>\n<p style=\"text-align: center;\">&#8212;&#8212;&#8212;&#8212;-<\/p>\n<p style=\"text-align: left;\"><span style=\"font-size: 16px;\">Puis en Octobre :<\/span><\/p>\n<div style=\"text-align: center;\">\n<ul>\n<li style=\"text-align: left;\">Le 6 octobre \u00e0 Bayonne \u00e0 l\u2019occasion des grandes rencontres\u00a0<a href=\"http:\/\/www.bizimugi.eu\/fr\/alternatiba\/\" target=\"_blank\">Aternatiba<\/a>\u00a0organis\u00e9 par nos amis\u00a0de\u00a0<a href=\"http:\/\/www.bizimugi.eu\/\" target=\"_blank\">Bizi<\/a>.<\/li>\n<li style=\"text-align: left;\">Le 9 octobre,\u00a0<em>\u00e0 la fureur de lire<\/em>\u00a0de Gen\u00e8ve.<\/li>\n<li style=\"text-align: left;\"><a href=\"http:\/\/www.ocav.fr\/?p=225\" target=\"_blank\">Le 10 octobre \u00e0 Voiron<\/a>, d\u00e9bat avec\u00a0le Slow Management \u00e0 la Librairie Nouvelle.<\/li>\n<li style=\"text-align: left;\">Le 11 octobre \u00e0 Nice.<\/li>\n<li style=\"text-align: left;\">Le 17 octobre \u00e0\u00a0<em>la ferme des arts<\/em>\u00a0(77).<\/li>\n<li style=\"text-align: left;\">Le 19 octobre au\u00a0<a href=\"http:\/\/www.festivaldeslibertes.be\/2013\/fase6?event=760&amp;_Debat____\" target=\"_blank\">festival des libert\u00e9s<\/a>\u00a0au th\u00e9\u00e2tre national de Bruxelles.<\/li>\n<li style=\"text-align: left;\">Le 23 octobre \u00e0 Toulouse \u00e0 la\u00a0<a href=\"http:\/\/librairie-terranova.fr\/\" target=\"_blank\">librairie Terra Nova<\/a>.<\/li>\n<li style=\"text-align: left;\">Le 26 octobre Belin-Beliet avec\u00a0<a href=\"http:\/\/courant.alternatif.over-blog.com\/a-vos-agendas\">Courant Alternatif.<br \/>\n<\/a><\/li>\n<li style=\"text-align: left;\">Le 29 octobre \u00e0 Bordeaux avec\u00a0<a href=\"http:\/\/www.lesamovar.ouvaton.org\/\" target=\"_blank\">Le Samovar<\/a>, salon de tisanes et de lectures associatif et solidaire.<\/li>\n<li style=\"text-align: left;\">Le 31 octobre \u00e0 Bayonne avec nos amis de\u00a0<a href=\"http:\/\/www.bizimugi.eu\/\" target=\"_blank\">Bizi<\/a>.<\/li>\n<\/ul>\n<p style=\"text-align: left;\">Les d\u00e9bats continuent, \u00e0 tr\u00e8s bient\u00f4t, plus de d\u00e9tails \u00e0 venir\u2026<\/p>\n<p style=\"text-align: left;\">A lire et \u00e9couter :<\/p>\n<ul>\n<li style=\"text-align: left;\"><a href=\"http:\/\/www.projet-decroissance.net\/?p=930\" target=\"_blank\">Un Projet de D\u00e9croissance sur France Culture<\/a>\u00a0: Terre \u00e0 Terre, avec Vincent Liegey par Ruth St\u00e9gassy<\/li>\n<li style=\"text-align: left;\"><a href=\"http:\/\/www.projet-decroissance.net\/?p=943\" target=\"_blank\">Un Projet de D\u00e9croissance dans Lib\u00e9ration<\/a>\u00a0: Vincent Liegey: \u00abOn ne peut plus cro\u00eetre dans un monde fini\u00bb<\/li>\n<li style=\"text-align: left;\"><a href=\"http:\/\/www.projet-decroissance.net\/?p=822\" target=\"_blank\">Un Projet de D\u00e9croissance dans Le Monde<\/a>\u00a0:\u00a0La d\u00e9croissance, mode d\u2019emploi<\/li>\n<li style=\"text-align: left;\"><a title=\"\u00ab Un projet de d\u00e9croissance \u00bb sur Radio France Internationale (RFI), interview de Vincent Liegey par Christine Siebert\" href=\"http:\/\/www.projet-decroissance.net\/?p=1081\">\u00ab Un projet de d\u00e9croissance \u00bb sur Radio France Internationale (RFI), interview de Vincent Liegey par Christine Siebert<\/a><\/li>\n<li style=\"text-align: left;\"><a title=\"Lien permanent vers Un Projet de D\u00e9croissance sur Slate.fr : Pour en finir avec le Dieu Croissance\" href=\"http:\/\/www.projet-decroissance.net\/?p=1153\" rel=\"bookmark\">Un Projet de D\u00e9croissance sur Slate.fr : Pour en finir avec le Dieu Croissance<\/a><\/li>\n<li style=\"text-align: left;\"><a href=\"http:\/\/www.projet-decroissance.net\/?p=860\" target=\"_blank\">Un Projet de D\u00e9croissance dans BastaMag<\/a>\u00a0: \u00ab La libert\u00e9 de consommer est une illusion bien cher pay\u00e9e \u00bb<\/li>\n<li style=\"text-align: left;\"><a title=\"Lien permanent vers Rue89 : Un projet provocateur : \u00ab Faire payer le prix r\u00e9el de ce qu\u2019on consomme \u00bb\" href=\"http:\/\/www.projet-decroissance.net\/?p=692\" target=\"_blank\" rel=\"bookmark\">Rue89 : Un projet provocateur : \u00ab Faire payer le prix r\u00e9el de ce qu\u2019on consomme \u00bb<\/a><\/li>\n<li style=\"text-align: left;\"><a title=\"Lien permanent vers La transition est en marche ! \u2013 Sur Reporterre.net\" href=\"http:\/\/www.projet-decroissance.net\/?p=672\" target=\"_blank\" rel=\"bookmark\">La transition est en marche ! \u2013 Sur Reporterre.net<\/a><\/li>\n<\/ul>\n<\/div>\n<\/div>\n<\/div>\n<\/div>\n<\/div>\n","protected":false},"excerpt":{"rendered":"<p>Bonjour \u00e0 toutes et \u00e0 tous, Nous vous invitons aux prochaines rencontres autour d&rsquo; \u00ab\u00a0Un Projet de D\u00e9croissance\u00a0\u00bb : Le 19 septembre \u00e0 la maison du v\u00e9lo Paris\u00a0avec nos amis de la\u00a0V\u00e9lorution qui f\u00eatent leurs 10 ans\u00a0et des\u00a0cyclofficines d\u2019\u00cele de &hellip; <a href=\"http:\/\/www.projet-decroissance.net\/?p=1303\">Continuer la lecture <span class=\"meta-nav\">&rarr;<\/span><\/a><\/p>\n","protected":false},"author":3,"featured_media":0,"comment_status":"closed","ping_status":"open","sticky":false,"template":"","format":"standard","meta":{"footnotes":""},"categories":[6],"tags":[],"class_list":["post-1303","post","type-post","status-publish","format-standard","hentry","category-agenda"],"_links":{"self":[{"href":"http:\/\/www.projet-decroissance.net\/index.php?rest_route=\/wp\/v2\/posts\/1303","targetHints":{"allow":["GET"]}}],"collection":[{"href":"http:\/\/www.projet-decroissance.net\/index.php?rest_route=\/wp\/v2\/posts"}],"about":[{"href":"http:\/\/www.projet-decroissance.net\/index.php?rest_route=\/wp\/v2\/types\/post"}],"author":[{"embeddable":true,"href":"http:\/\/www.projet-decroissance.net\/index.php?rest_route=\/wp\/v2\/users\/3"}],"replies":[{"embeddable":true,"href":"http:\/\/www.projet-decroissance.net\/index.php?rest_route=%2Fwp%2Fv2%2Fcomments&post=1303"}],"version-history":[{"count":10,"href":"http:\/\/www.projet-decroissance.net\/index.php?rest_route=\/wp\/v2\/posts\/1303\/revisions"}],"predecessor-version":[{"id":1323,"href":"http:\/\/www.projet-decroissance.net\/index.php?rest_route=\/wp\/v2\/posts\/1303\/revisions\/1323"}],"wp:attachment":[{"href":"http:\/\/www.projet-decroissance.net\/index.php?rest_route=%2Fwp%2Fv2%2Fmedia&parent=1303"}],"wp:term":[{"taxonomy":"category","embeddable":true,"href":"http:\/\/www.projet-decroissance.net\/index.php?rest_route=%2Fwp%2Fv2%2Fcategories&post=1303"},{"taxonomy":"post_tag","embeddable":true,"href":"http:\/\/www.projet-decroissance.net\/index.php?rest_route=%2Fwp%2Fv2%2Ftags&post=1303"}],"curies":[{"name":"wp","href":"https:\/\/api.w.org\/{rel}","templated":true}]}}