{"id":1334,"date":"2013-10-02T11:19:58","date_gmt":"2013-10-02T11:19:58","guid":{"rendered":"http:\/\/www.projet-decroissance.net\/?p=1334"},"modified":"2013-10-02T12:37:13","modified_gmt":"2013-10-02T12:37:13","slug":"lecologie-politique-sans-europe-ecologie-les-verts-une-utopie-concrete","status":"publish","type":"post","link":"http:\/\/www.projet-decroissance.net\/?p=1334","title":{"rendered":"L\u2019\u00e9cologie politique sans Europe Ecologie Les Verts, une utopie concr\u00e8te ?"},"content":{"rendered":"<div>\n<p><a href=\"http:\/\/www.reporterre.net\/spip.php?article4776\"><a title=\"Accueil\" href=\"http:\/\/www.reporterre.net\/spip.php?article4776\" target=\"_blank\" rel=\"start home\"><img loading=\"lazy\" decoding=\"async\" class=\"alignleft\" alt=\"Reporterre\" src=\"http:\/\/www.reporterre.net\/local\/cache-vignettes\/L400xH124\/siteon0-4d1bb.png\" width=\"280\" height=\"87\" \/><\/a>Barnab\u00e9 Binctin (Reporterre)<\/a><br \/>\n<abbr title=\"2013-10-01T07:14:31Z\">mardi 1er octobre 2013<\/abbr><\/p>\n<p>M\u00e9chants partis contre purs citoyens\u00a0? Pas si simple\u00a0: un fort d\u00e9bat lors du deuxi\u00e8me Festival des Utopies Concr\u00e8tes a relanc\u00e9 le d\u00e9bat toujours vif sur le rapport au politique des mouvements de terrain.<\/p>\n<\/div>\n<div>\n<hr \/>\n<p><img loading=\"lazy\" decoding=\"async\" class=\"alignright\" style=\"line-height: 24px; font-size: 16px;\" alt=\"\" src=\"http:\/\/www.reporterre.net\/local\/cache-vignettes\/L300xH274\/arton4776-53ac7.jpg\" width=\"134\" height=\"122\" \/>Jardins partag\u00e9s et reconqu\u00eate des espaces publics, r\u00e9cup\u00e9ration et troc, transition \u00e9nerg\u00e9tique, monnaie locale, permaculture, etc&#8230; Pour <a href=\"http:\/\/www.reporterre.net\/spip.php?article4698\">sa deuxi\u00e8me \u00e9dition<\/a>, le Festival des utopies concr\u00e8tes aura de nouveau port\u00e9 la lumi\u00e8re sur cette ribambelle d\u2019alternatives qui donnent \u00e0 penser autrement la vie quotidienne. C\u2019est l\u2019ambition du Festival, <i>\u00ab\u00a0encourager la construction de modes de vie r\u00e9silients<\/i> [gr\u00e2ce aux] <i>partages et retours d\u2019exp\u00e9riences \u00e0 partir d\u2019initiatives locales sur des th\u00e9matiques aussi vastes que l\u2019agriculture urbaine, l\u2019alimentation, le recyclage, les transports, les syst\u00e8mes d\u2019\u00e9changes locaux\u2026\u00a0\u00bb<\/i>.<!--more--><\/p>\n<p>Il se pr\u00e9sente comme un lieu d\u2019expression et d\u2019\u00e9changes pour les <i>\u00ab\u00a0transitionneurs\u00a0\u00bb<\/i>, ces porteurs d\u2019alternatives au syst\u00e8me, inspir\u00e9s du <a href=\"http:\/\/www.reporterre.net\/spip.php?article1517\">mouvement de Rob Hopkins<\/a> n\u00e9 en Grande-Bretagne au milieu des ann\u00e9es 2000. Historiquement, cet activisme s\u2019est construit hors du champ de la politique traditionnelle, loin des \u00e9lections et des partis politiques. Cette posture, d\u00e9lib\u00e9r\u00e9ment orient\u00e9e sur l\u2019action locale et concr\u00e8te, a construit le succ\u00e8s de ce mouvement dont t\u00e9moignent la mobilisation militante et l\u2019essor de ces id\u00e9es parmi la soci\u00e9t\u00e9 civile. Toutefois, certains consid\u00e8rent aujourd\u2019hui que l\u2019ampleur de ce succ\u00e8s oblige la Transition \u00e0 reconsid\u00e9rer son rapport global au politique. Dans leur essai paru en France en mai 2013 intitul\u00e9 <i><a href=\"http:\/\/www.ecosociete.org\/t169.php\" target=\"_blank\" rel=\"external\">Un \u00e9cologisme apolitique\u00a0? D\u00e9bat autour de la Transition<\/a><\/i>, Paul Chatterton et Alice Cutler appellent ce mouvement \u00e0 <i>\u00ab\u00a0mieux identifier ses<\/i> \u2019ennemis\u2019 <i>politiques et ainsi renouer avec une approche de confrontation qui caract\u00e9rise d\u2019ordinaire les mouvements sociaux\u00a0\u00bb<\/i>.<\/p>\n<p>Cette interpellation \u00e9tait l\u2019enjeu de la conf\u00e9rence du Festival,<i> \u00ab\u00a0Transition et Politique\u00a0\u00bb<\/i>, qui s\u2019est tenue mercredi 25 septembre \u00e0 Paris. Les quatre invit\u00e9s s\u2019interrogeaient sur la pertinence d\u2019une exp\u00e9rience politique pour le(s) mouvement(s) de la transition. Au d\u00e9part, une probl\u00e9matique\u00a0: la transition peut-elle trouver des alliances\u00a0? Une question qui a permis de r\u00e9fl\u00e9chir, en fait, \u00e0 la l\u00e9gitimit\u00e9 de l\u2019action politique.<\/p>\n<p><img loading=\"lazy\" decoding=\"async\" alt=\"\" src=\"http:\/\/www.reporterre.net\/local\/cache-vignettes\/L397xH269\/festival_debat_1_v_1-f4f30.jpg\" width=\"397\" height=\"269\" \/><\/p>\n<p><strong>Les \u00ab\u00a0transitionneurs\u00a0\u00bb existent-ils\u00a0?<\/strong><\/p>\n<p>A l\u2019heure o\u00f9 le terme de <i>\u00ab\u00a0transition\u00a0\u00bb<\/i> est de plus en plus utilis\u00e9 dans l\u2019espace public \u2013 et d\u2019aucuns diraient r\u00e9cup\u00e9r\u00e9, voir le D\u00e9bat national sur la transition \u00e9nerg\u00e9tique \u2013 il manque une d\u00e9finition claire des caract\u00e9ristiques d\u2019un mouvement de transition. Dans les milieux \u00e9colo-associatifs, le terme s\u2019est pourtant r\u00e9pandu depuis 2006 et le lancement du mouvement des <i>\u00ab\u00a0villes en transition\u00a0\u00bb<\/i> port\u00e9 par Rob Hopkins dans sa ville de Totnes. L\u2019id\u00e9e est simple, \u00e0 l\u2019origine\u00a0: sensibiliser des communaut\u00e9s locales au double d\u00e9fi que repr\u00e9sentent le pic p\u00e9trolier et le r\u00e9chauffement climatique et les mettre en action afin qu\u2019elles d\u00e9veloppent par elle-m\u00eame leur capacit\u00e9 \u00e0 survivre aux crises qui peuvent les frapper.<\/p>\n<p>Le concept a fait tache d\u2019huile, et s\u2019est propag\u00e9 en Europe. De plus en plus d\u2019initiatives, dans des domaines vari\u00e9s, utilisent ce qualificatif de transition pour se d\u00e9finir. Mais le mouvement ne se structure pas officiellement autour d\u2019une association, il n\u2019a <a href=\"http:\/\/www.reporterre.net\/spip.php?article2267\">pas d\u2019existence juridique<\/a>.<i> \u00ab\u00a0Il n\u2019y a pas de statuts,<\/i> explique Antoine Lagneau. <i>La transition, c\u2019est un r\u00e9seau informel, qui donne un label aux initiatives qui souhaitent s\u2019en revendiquer\u00a0\u00bb<\/i>. Pour lui, membre actif de l\u2019organisation du Festival des utopies concr\u00e8tes et initiateur de <i><a href=\"http:\/\/www.reporterre.net\/spip.php?article3886\">\u00ab\u00a0Quartier en transition\u00a0\u00bb<\/a><\/i> dans le 18\u00e8me arrondissement \u00e0 Paris, l\u2019essentiel ne se situe pas dans l\u2019\u00e9tiquette\u00a0: <i>\u00ab\u00a0Je ne me pr\u00e9sente pas comme<\/i> \u00ab\u00a0transitionneur\u00a0\u00bb <i>car je trouve cela r\u00e9ducteur. La transition n\u2019est pas un mouvement auquel on appartient, c\u2019est une d\u00e9marche. Une d\u00e9marche qui red\u00e9finit l\u2019engagement et permet de donner un sens \u00e0 l\u2019action locale, \u00e0 un moment o\u00f9 le discours \u00e9cologiste a moins prise sur la soci\u00e9t\u00e9\u00a0\u00bb<\/i>.<\/p>\n<p>La transition joue sur une dynamique d\u2019ouverture \u2013 on parle d\u2019 <i>\u00ab\u00a0inclusivit\u00e9\u00a0\u00bb<\/i>\u00a0: tout le monde peut faire la transition, sans discrimination. Mais ce flou tol\u00e9rant cr\u00e9e la confusion. En mai 2013, un festival de la Transition se tenait \u00e0 Cluny, c\u00e9l\u00e9brant la naissance d\u2019un <i><a href=\"http:\/\/www.reporterre.net\/spip.php?article4331\">\u00ab\u00a0collectif pour une transition citoyenne\u00a0\u00bb<\/a><\/i>. Bien que proche du mouvement originel des Villes en Transition, il ne se r\u00e9clame pas du m\u00eame h\u00e9ritage et vise d\u2019autres objectifs. Il \u00e9largit ainsi la base du mouvement, r\u00e9cup\u00e9rant le terme \u00e0 des fins plus globales. Les <a href=\"http:\/\/www.colibris-lemouvement.org\/\" target=\"_blank\" rel=\"external\">Colibris<\/a> sont-ils alors un mouvement de la transition\u00a0? Quid de <a href=\"http:\/\/www.lanef.com\/\" target=\"_blank\" rel=\"external\">la Nef<\/a>, d\u2019<a href=\"http:\/\/www.france.attac.org\/\" target=\"_blank\" rel=\"external\">Attac<\/a>\u00a0?<\/p>\n<p>La tendance est \u00e0 la vulgarisation du mouvement de transition, quitte \u00e0 ce qu\u2019il en devienne un fourre-tout, au sein duquel se retrouve de petits projets citoyens comme des structures associatives plus cons\u00e9quentes. C\u2019est une premi\u00e8re limite \u00e0 l\u2019enjeu politique du mouvement de la transition\u00a0: \u00e0 ne pas savoir exactement qui sont les siens, elle ne peut exister vraiment aux yeux des autres.<\/p>\n<p><img loading=\"lazy\" decoding=\"async\" alt=\"\" src=\"http:\/\/www.reporterre.net\/local\/cache-vignettes\/L324xH132\/festival_debat_3_v_1-2e69c.jpg\" width=\"324\" height=\"132\" \/><\/p>\n<p><strong>Peut-on faire de la politique sans perdre son \u00e2me\u00a0?<\/strong><\/p>\n<p>La question de la participation des mouvements sociaux au jeu politique n\u2019est pas nouvelle. Pierre Thom\u00e9, historien du PSU (Parti Socialiste Unifi\u00e9), rappelle l\u2019effervescence militante qui accompagnait, dans les ann\u00e9es 1970, le projet du socialisme autogestionnaire. Celui-ci accompagnait les grandes luttes de l\u2019\u00e9poque, entre les Lip \u00e0 Besan\u00e7on et les paysans du Larzac. En 1974, Michel Rocard fit le choix d\u2019une strat\u00e9gie d\u2019entrisme au Parti Socialiste, pour y faire avancer la th\u00e9orie de l\u2019autogestion. La suite est connue\u00a0: l\u2019exercice du pouvoir aupr\u00e8s de Mitterrand apportera quelques gains politiques, mais d\u00e9sillusionnera la base militante, transformant le PSU et l\u2019autogestion en astres morts, le PS s\u2019abandonnant quant \u00e0 lui au n\u00e9o-lib\u00e9ralisme.<\/p>\n<p>Un autre d\u00e9tour par l\u2019histoire m\u00e8ne vers l\u2019\u00e9cologiste anarchiste Murray Bookchin. Il est pr\u00e9sent\u00e9 par Vincent Gerber, qui a publi\u00e9 <a href=\"http:\/\/www.reporterre.net\/spip.php?article4163\">sa biographie<\/a>, comme un pionnier sur les questions de la d\u00e9centralisation, des \u00e9nergies renouvelables, de la r\u00e9appropriation des outils de d\u00e9cision. Il porte le projet du <i>\u00ab\u00a0municipalisme libertaire\u00a0\u00bb<\/i>, bas\u00e9 sur une f\u00e9d\u00e9ration de communes avec des d\u00e9cisions populaires. Tr\u00e8s proche des mouvements anarchistes pendant une grande partie de sa vie, Murray Bookchin prendra ses distances avec eux en raison d\u2019un d\u00e9saccord sur la participation aux \u00e9lections locales. Selon lui, l\u2019\u00e9lection restait la plateforme n\u00e9cessaire pour porter ses id\u00e9es \u00e0 plus grande \u00e9chelle.<\/p>\n<p>Ainsi c\u2019est une ritournelle bien connue que d\u00e9couvre le mouvement de la transition, entre utopie et acceptation du jeu institutionnel\u00a0: jusqu\u2019o\u00f9, en-dehors du cadre politique, peut-on porter efficacement son message\u00a0? La lutte \u00e9lectorale est-elle le passage oblig\u00e9 pour gagner la lutte sur le terrain\u00a0? Doit-on faire le pari d\u2019un appareil politique au risque du d\u00e9voiement de l\u2019objet originel\u00a0? C\u2019est toute la question du compromis qui se pose pour les transitionneurs.<\/p>\n<p><strong>La v\u00e9rit\u00e9 dans le local\u00a0?<\/strong><\/p>\n<p>Murray Bookchin consid\u00e9rait justement la municipalit\u00e9 comme la bonne \u00e9chelle d\u2019action politique pour changer les choses. Comme il est le niveau le plus bas dans l\u2019organisation de la soci\u00e9t\u00e9, il impose le moins de compromission. Cette recherche de la conciliation entre l\u2019efficacit\u00e9 politique et le maintien des valeurs correspond au parti adopt\u00e9 par nombre de d\u00e9croissants, aujourd\u2019hui, en France. Vincent Li\u00e9gey, porte-parole du <a href=\"http:\/\/www.partipourladecroissance.net\/?cat=3\" target=\"_blank\" rel=\"external\">Parti Pour la D\u00e9croissance<\/a>, explique mener un <i>\u00ab\u00a0jeu d\u2019\u00e9quilibriste, en tentant de changer la soci\u00e9t\u00e9 sans pour autant chercher \u00e0 prendre le pouvoir. Pour cela, il faut participer aux \u00e9lections, mais pas de mani\u00e8re \u00e9lectoraliste&#8230;\u00a0\u00bb<\/i>. Virginie Le Torrec, \u00e9lue Europe Ecologie \u2013 Les Verts (EELV) \u00e0 Saint-Denis (93), assure quant \u00e0 elle\u00a0: <i>\u00ab\u00a0L\u2019exercice de mandats locaux permet de ne pas s\u2019enfermer dans un entre-soi qui ne dit pas son nom. Faire de la politique dans sa ville, c\u2019est aussi comprendre comment se structure le corps social fran\u00e7ais aujourd\u2019hui en 2013\u00a0\u00bb<\/i>.<\/p>\n<p>Hasard ou co\u00efncidence, cette conf\u00e9rence concluait une journ\u00e9e marqu\u00e9e politiquement par <a href=\"http:\/\/www.lemonde.fr\/politique\/article\/2013\/09\/25\/mamere-je-ne-vois-pas-tres-bien-l-utilite-des-ecologistes-dans-la-majorite_3483974_823448.html#xtor=EPR-32280229\" target=\"_blank\" rel=\"external\">le d\u00e9part de No\u00ebl Mam\u00e8re d\u2019EELV<\/a>, parti qu\u2019il dit \u00eatre devenu un <i>\u00ab\u00a0syndicat d\u2019\u00e9lus\u00a0\u00bb<\/i>, d\u00e9connect\u00e9 du r\u00e9el. Le d\u00e9bat aura eu le m\u00e9rite de montrer l\u2019impossibilit\u00e9 d\u2019en rester \u00e0 un clivage manich\u00e9en\u00a0: m\u00e9chants partis politiques contre gentille soci\u00e9t\u00e9 civile.<\/p>\n<p><a href=\"http:\/\/www.reporterre.net\/spip.php?article3039\">L\u2019\u00e9cologie sociale<\/a>, en partie incarn\u00e9e par le mouvement de la transition, cherche sa place dans un ajustement des deux. Il faut \u00eatre dedans et dehors en m\u00eame temps, selon Vincent Li\u00e9gey\u00a0: <i>\u00ab\u00a0On a besoin des \u00e9lus EELV, m\u00eame si on aime bien les critiquer. Et on a besoin aussi des militants libertaires qui sont quotidiennement sur le terrain, sur la ZAD \u00e0 Notre Dame des Landes comme ailleurs.\u00a0\u00bb<\/i>. Dans la salle, parmi la petite centaine de militants curieux, l\u2019une recommandera de <i>\u00ab\u00a0poser des graines un peu partout\u00a0\u00bb<\/i>. Il reste \u00e0 savoir comment les faire ensuite fleurir.<\/p>\n<\/div>\n<hr \/>\n<p><strong>Source\u00a0:<\/strong> Barnab\u00e9 Binctin pour <i>Reporterre<\/i>.<\/p>\n<p><strong>Illustration\u00a0:<\/strong> Philippe Mouche.<\/p>\n<p><strong>Photos\u00a0:<\/strong> Eric Coquelin.<\/p>\n<p><strong>Compl\u00e9ment d\u2019info\u00a0:<\/strong> <a href=\"http:\/\/www.barricade.be\/spip.php?article531\" target=\"_blank\" rel=\"external\">une r\u00e9flexion d\u2019Antoine Lagneau au sujet des initiatives de transition<\/a>.<\/p>\n","protected":false},"excerpt":{"rendered":"<p>Barnab\u00e9 Binctin (Reporterre) mardi 1er octobre 2013 M\u00e9chants partis contre purs citoyens\u00a0? Pas si simple\u00a0: un fort d\u00e9bat lors du deuxi\u00e8me Festival des Utopies Concr\u00e8tes a relanc\u00e9 le d\u00e9bat toujours vif sur le rapport au politique des mouvements de terrain. &hellip; <a href=\"http:\/\/www.projet-decroissance.net\/?p=1334\">Continuer la lecture <span class=\"meta-nav\">&rarr;<\/span><\/a><\/p>\n","protected":false},"author":2,"featured_media":0,"comment_status":"closed","ping_status":"open","sticky":false,"template":"","format":"standard","meta":{"footnotes":""},"categories":[1,7],"tags":[],"class_list":["post-1334","post","type-post","status-publish","format-standard","hentry","category-actualites","category-dans-la-presse-et-sur-la-toile"],"_links":{"self":[{"href":"http:\/\/www.projet-decroissance.net\/index.php?rest_route=\/wp\/v2\/posts\/1334","targetHints":{"allow":["GET"]}}],"collection":[{"href":"http:\/\/www.projet-decroissance.net\/index.php?rest_route=\/wp\/v2\/posts"}],"about":[{"href":"http:\/\/www.projet-decroissance.net\/index.php?rest_route=\/wp\/v2\/types\/post"}],"author":[{"embeddable":true,"href":"http:\/\/www.projet-decroissance.net\/index.php?rest_route=\/wp\/v2\/users\/2"}],"replies":[{"embeddable":true,"href":"http:\/\/www.projet-decroissance.net\/index.php?rest_route=%2Fwp%2Fv2%2Fcomments&post=1334"}],"version-history":[{"count":4,"href":"http:\/\/www.projet-decroissance.net\/index.php?rest_route=\/wp\/v2\/posts\/1334\/revisions"}],"predecessor-version":[{"id":1346,"href":"http:\/\/www.projet-decroissance.net\/index.php?rest_route=\/wp\/v2\/posts\/1334\/revisions\/1346"}],"wp:attachment":[{"href":"http:\/\/www.projet-decroissance.net\/index.php?rest_route=%2Fwp%2Fv2%2Fmedia&parent=1334"}],"wp:term":[{"taxonomy":"category","embeddable":true,"href":"http:\/\/www.projet-decroissance.net\/index.php?rest_route=%2Fwp%2Fv2%2Fcategories&post=1334"},{"taxonomy":"post_tag","embeddable":true,"href":"http:\/\/www.projet-decroissance.net\/index.php?rest_route=%2Fwp%2Fv2%2Ftags&post=1334"}],"curies":[{"name":"wp","href":"https:\/\/api.w.org\/{rel}","templated":true}]}}