{"id":1369,"date":"2012-10-03T08:52:46","date_gmt":"2012-10-03T08:52:46","guid":{"rendered":"http:\/\/www.projet-decroissance.net\/?p=1369"},"modified":"2013-11-22T08:37:20","modified_gmt":"2013-11-22T08:37:20","slug":"un-projet-de-decroissance-a-bruxelles-le-samedi-19-octobre-a-17h","status":"publish","type":"post","link":"http:\/\/www.projet-decroissance.net\/?p=1369","title":{"rendered":"Un Projet de D\u00e9croissance au Th\u00e9\u00e2tre National de Bruxelles le samedi 19 octobre \u00e0 18h, au Festival des Libert\u00e9s"},"content":{"rendered":"<p><a href=\"http:\/\/www.festivaldeslibertes.be\/2013\/fase6.php?event=760\" target=\"_blank\"><img loading=\"lazy\" decoding=\"async\" class=\"alignleft\" alt=\"\" src=\"http:\/\/www.festivaldeslibertes.be\/2013\/img\/photos\/760_stress_engagement.jpg\" width=\"168\" height=\"168\" \/><\/a><span style=\"font-size: 16px;\"><img loading=\"lazy\" decoding=\"async\" class=\"alignright\" alt=\"\" src=\"http:\/\/www.projet-decroissance.net\/wp-content\/uploads\/2012\/12\/manifeste-dia-couverture140.jpg\" width=\"108\" height=\"177\" \/>SORTIR DES PRESSIONS DE LA VIE CONTEMPORAINE ?<\/span><\/p>\n<p>Le samedi 19 octobre \u00e0 18h<br \/>\nTh\u00e9atre National de Bruxelles<br \/>\nBd Emile Jacqmain 111-115<a href=\"http:\/\/www.festivaldeslibertes.be\/2013\/fase6.php?event=760\" target=\"_blank\"><br \/>\nAu Festival des Libert\u00e9<\/a><\/p>\n<p>Avec Emeline de Bouver (chercheuse \u00e0 l\u2019UCL), Mat\u00e9o Alaluf (sociologue), <a href=\"http:\/\/www.projet-decroissance.net\/?page_id=28\" target=\"_blank\">Vincent Liegey<\/a> (ing\u00e9nieur d\u00e9croissant) et Ezio Gandin (pr\u00e9sident des Amis de la terre).<\/p>\n<p>Les rythmes infernaux et le stress qu\u2019imposent les \u00e9tudes, le travail ou la d\u00e9brouille et la vie de famille souvent recompos\u00e9e laissent peu d\u2019\u00e9nergie et de temps pour l\u2019engagement et pour amorcer des processus progressistes de changement. Comment sortir de la logique de pressurisation ? Simplicit\u00e9 volontaire ? Allocation universelle ? Slow attitude ?<br \/>\n<!--more--><\/p>\n<p>A lire et \u00e9couter sur Un Projet de D\u00e9croissance :<\/p>\n<div>\n<ul>\n<li><a href=\"http:\/\/www.projet-decroissance.net\/?p=930\" target=\"_blank\">Un Projet de D\u00e9croissance sur France Culture<\/a>\u00a0: Terre \u00e0 Terre, avec Vincent Liegey par Ruth St\u00e9gassy<\/li>\n<li><a href=\"http:\/\/www.projet-decroissance.net\/?p=943\" target=\"_blank\">Un Projet de D\u00e9croissance dans Lib\u00e9ration<\/a>\u00a0: Vincent Liegey: \u00abOn ne peut plus cro\u00eetre dans un monde fini\u00bb<\/li>\n<li><a href=\"http:\/\/www.projet-decroissance.net\/?p=822\" target=\"_blank\">Un Projet de D\u00e9croissance dans Le Monde<\/a>\u00a0:\u00a0La d\u00e9croissance, mode d\u2019emploi<\/li>\n<li><a title=\"Lien permanent vers Un Projet de D\u00e9croissance sur Slate.fr : Pour en finir avec le Dieu Croissance\" href=\"http:\/\/www.projet-decroissance.net\/?p=1153\" rel=\"bookmark\">Un Projet de D\u00e9croissance sur Slate.fr : Pour en finir avec le Dieu Croissance<\/a><\/li>\n<li><a title=\"Lien permanent vers La transition est en marche ! \u2013 Sur Reporterre.net\" href=\"http:\/\/www.projet-decroissance.net\/?p=672\" target=\"_blank\" rel=\"bookmark\">La transition est en marche ! \u2013 Sur Reporterre.net<\/a><\/li>\n<\/ul>\n<\/div>\n<p><em>\u00ab\u00a0[&#8230;] La condition pour r\u00e9ussir cette transformation radicale de l\u2019\u00e9conomie est\u00a0<em>\u00ab\u00a0une forte adh\u00e9sion de tous et une participation \u00e0 cette volont\u00e9 de changement\u00a0\u00bb<\/em>.\u00a0Pour le moins\u2026\u00a0Mais il faut bien commencer un jour, et ce petit livre stimulant y contribue incontestablement.\u00a0\u00bb\u00a0<strong>Herv\u00e9 Kempf dans\u00a0<a href=\"http:\/\/www.lemonde.fr\/economie\/article\/2013\/03\/11\/la-decroissance-mode-d-emploi_1845977_3234.html?xtmc=liegey&amp;xtcr=1\" target=\"_blank\">Le Monde<\/a><em>.<\/em><\/strong><\/em><\/p>\n","protected":false},"excerpt":{"rendered":"<p>SORTIR DES PRESSIONS DE LA VIE CONTEMPORAINE ? Le samedi 19 octobre \u00e0 18h Th\u00e9atre National de Bruxelles Bd Emile Jacqmain 111-115 Au Festival des Libert\u00e9 Avec Emeline de Bouver (chercheuse \u00e0 l\u2019UCL), Mat\u00e9o Alaluf (sociologue), Vincent Liegey (ing\u00e9nieur d\u00e9croissant) &hellip; <a href=\"http:\/\/www.projet-decroissance.net\/?p=1369\">Continuer la lecture <span class=\"meta-nav\">&rarr;<\/span><\/a><\/p>\n","protected":false},"author":3,"featured_media":0,"comment_status":"closed","ping_status":"open","sticky":false,"template":"","format":"standard","meta":{"footnotes":""},"categories":[6],"tags":[],"class_list":["post-1369","post","type-post","status-publish","format-standard","hentry","category-agenda"],"_links":{"self":[{"href":"http:\/\/www.projet-decroissance.net\/index.php?rest_route=\/wp\/v2\/posts\/1369","targetHints":{"allow":["GET"]}}],"collection":[{"href":"http:\/\/www.projet-decroissance.net\/index.php?rest_route=\/wp\/v2\/posts"}],"about":[{"href":"http:\/\/www.projet-decroissance.net\/index.php?rest_route=\/wp\/v2\/types\/post"}],"author":[{"embeddable":true,"href":"http:\/\/www.projet-decroissance.net\/index.php?rest_route=\/wp\/v2\/users\/3"}],"replies":[{"embeddable":true,"href":"http:\/\/www.projet-decroissance.net\/index.php?rest_route=%2Fwp%2Fv2%2Fcomments&post=1369"}],"version-history":[{"count":4,"href":"http:\/\/www.projet-decroissance.net\/index.php?rest_route=\/wp\/v2\/posts\/1369\/revisions"}],"predecessor-version":[{"id":1373,"href":"http:\/\/www.projet-decroissance.net\/index.php?rest_route=\/wp\/v2\/posts\/1369\/revisions\/1373"}],"wp:attachment":[{"href":"http:\/\/www.projet-decroissance.net\/index.php?rest_route=%2Fwp%2Fv2%2Fmedia&parent=1369"}],"wp:term":[{"taxonomy":"category","embeddable":true,"href":"http:\/\/www.projet-decroissance.net\/index.php?rest_route=%2Fwp%2Fv2%2Fcategories&post=1369"},{"taxonomy":"post_tag","embeddable":true,"href":"http:\/\/www.projet-decroissance.net\/index.php?rest_route=%2Fwp%2Fv2%2Ftags&post=1369"}],"curies":[{"name":"wp","href":"https:\/\/api.w.org\/{rel}","templated":true}]}}