{"id":1374,"date":"2013-10-03T14:18:08","date_gmt":"2013-10-03T14:18:08","guid":{"rendered":"http:\/\/www.projet-decroissance.net\/?p=1374"},"modified":"2013-11-09T15:02:00","modified_gmt":"2013-11-09T15:02:00","slug":"lautomne-avec-un-projet-de-decroissance-les-rendez-vous-doctobre","status":"publish","type":"post","link":"http:\/\/www.projet-decroissance.net\/?p=1374","title":{"rendered":"L&rsquo;automne avec \u00ab\u00a0Un Projet de D\u00e9croissance\u00a0\u00bb : les rendez-vous \u00e0 Gen\u00e8ve, Grenoble, Montpellier, Nice, Bruxelles, Li\u00e8ge et dans le Sud-Ouest&#8230;"},"content":{"rendered":"<p><a href=\"http:\/\/www.projet-decroissance.net\/wp-content\/uploads\/2013\/04\/projet-decroissance-clermont-ferrand.jpg\"><img loading=\"lazy\" decoding=\"async\" class=\"alignleft\" alt=\"projet decroissance clermont ferrand\" src=\"http:\/\/www.projet-decroissance.net\/wp-content\/uploads\/2013\/04\/projet-decroissance-clermont-ferrand.jpg\" width=\"277\" height=\"184\" \/><\/a>Apr\u00e8s un mois de septembre riche et intense en rencontres et discussions autour d&rsquo; \u00ab\u00a0<a href=\"http:\/\/www.projet-decroissance.net\/\" target=\"_blank\">Un Projet de D\u00e9croissance<\/a>\u00a0\u00bb et sur des sujets comme <a href=\"http:\/\/www.projet-decroissance.net\/?p=1334\" target=\"_blank\">transition et politique<\/a>, les terrains de r\u00e9sistance, Revenu de Base et Dotation Inconditionnelle d&rsquo;Autonomie, le <a href=\"http:\/\/www.projet-decroissance.net\/?p=1337\" target=\"_blank\">d\u00e9bat sur les gratuit\u00e9s<\/a> comme espoir \u00e9mancipateur, nous vous invitons \u00e0 nos prochains \u00e9v\u00e9nements :<\/p>\n<ul>\n<li>Le dimanche 6 \u00e0 Bayonne \u00e0 l\u2019occasion des grandes rencontres\u00a0<a href=\"http:\/\/www.bizimugi.eu\/fr\/alternatiba\/\" target=\"_blank\">Aternatiba<\/a>\u00a0organis\u00e9es par nos amis\u00a0de\u00a0<a href=\"http:\/\/www.bizimugi.eu\/\" target=\"_blank\">Bizi<\/a>.<\/li>\n<li>Le mercredi 9\u00a0<a href=\"http:\/\/www.projet-decroissance.net\/?p=1362\" rel=\"bookmark\">\u00e0 Gen\u00e8ve \u00e0 17h30, \u00e0 la Fureur de Lire<\/a>.<\/li>\n<li>Le jeudi 10\u00a0\u00e0 <a href=\"http:\/\/www.projet-decroissance.net\/?p=1366\" target=\"_blank\">Voiron \u00e0 19h avec le Slow Management<\/a>.<\/li>\n<li>Le vendredi 11 \u00e0 <a href=\"http:\/\/www.projet-decroissance.net\/?p=1387\" target=\"_blank\">Montpellier \u00e0 19h30 \u00e0 la Minga<\/a>.<\/li>\n<li>Le samedi 12\u00a0<a href=\"http:\/\/www.projet-decroissance.net\/?p=1347\" rel=\"bookmark\">\u00e0 Nice \u00e0 17h, au forum social du 06<\/a>.<\/li>\n<li>Le mercredi 16 <a href=\"http:\/\/www.projet-decroissance.net\/?p=1392\" target=\"_blank\">\u00e0 Bruxelles, \u00e0 l&rsquo;Imagin&rsquo;air Art Caf\u00e9 \u00e0 19h30 avec le Parti de Gauche Benelux<\/a>.<\/li>\n<li>Le jeudi 17\u00a0<a href=\"http:\/\/lecolibri.info\/les-conferences\/la-decroissance\" target=\"_blank\">\u00e0\u00a0la ferme des arts \u00e0 Vert Saint Denis\u00a0(77)<\/a>.<\/li>\n<li>Le jeudi 17 \u00e0 Li\u00e8ge (repouss\u00e9).<\/li>\n<li>Le samedi 19 <a href=\"http:\/\/www.projet-decroissance.net\/?p=1369\" rel=\"bookmark\">au Th\u00e9\u00e2tre National de Bruxelles \u00e0 18h, au Festival des Libert\u00e9s<\/a>.<\/li>\n<li>Le mercredi 23\u00a0<a href=\"http:\/\/www.projet-decroissance.net\/?p=1353\" target=\"_blank\">\u00e0 Toulouse \u00e0 19h, \u00e0 la librairie Terra-Nova<\/a>.<\/li>\n<li>Le samedi 26 \u00e0 Belin-Beliet avec\u00a0<a href=\"http:\/\/courant.alternatif.over-blog.com\/un_projet_de_decroissance_a_belin-beliet\">Courant Alternatif<\/a>.<\/li>\n<li>Le mardi 29 \u00e0 Bordeaux avec\u00a0<a href=\"http:\/\/www.lesamovar.ouvaton.org\/\" target=\"_blank\">Le Samovar<\/a>, salon de tisanes et de lectures associatif et solidaire.<\/li>\n<li>Le jeudi 31 \u00e0 Bayonne avec nos amis de\u00a0<a href=\"http:\/\/www.bizimugi.eu\/\" target=\"_blank\">Bizi<\/a>.<\/li>\n<li>Le mardi 5 novembre\u00a0<a href=\"http:\/\/www.projet-decroissance.net\/?p=1357\" rel=\"bookmark\">aux \u00ab\u00a0caf\u00e9s de la non violence\u00a0\u00bb de Rouen<\/a>.<\/li>\n<li>Toute la journ\u00e9e du lundi 18 novembre, \u00e0 Pont-Audemer. Interventions dans des lyc\u00e9es et coll\u00e8ges et soir\u00e9e projection-d\u00e9bat sur le th\u00e8me des \u00ab\u00a0<a href=\"http:\/\/vimeo.com\/59534784\">Culture en transition<\/a>\u00ab\u00a0, dans le cadre de la <i>\u00ab\u00a0<a href=\" http:\/\/www.lasemaine.org\/la-semaine-pres-de-chez-vous\/animation?id_animation=8086\">semaine de la solidarit\u00e9 internationale<\/a>\u00ab\u00a0<\/i><\/li>\n<li>Etc\u2026<\/li>\n<\/ul>\n<p><!--more--><br \/>\nLes d\u00e9bats continuent, \u00e0 tr\u00e8s bient\u00f4t, plus de d\u00e9tails \u00e0 venir\u2026<\/p>\n<p><strong>Vincent Liegey, St\u00e9phane Madelaine, Christophe Ondet, Anne-Isabelle Veillot<\/strong>.<br \/>\n<strong><em>Un projet de d\u00e9croissance. Manifeste pour une dotation inconditionnel<\/em><\/strong><strong><em>le d\u2019autonomie<\/em>, pr\u00e9face de Paul Ari\u00e8s. Les \u00e9ditions Utopia, 150 pages, 7 euros.<\/strong><\/p>\n<p><em><img loading=\"lazy\" decoding=\"async\" class=\"alignleft\" alt=\"\" src=\"http:\/\/www.projet-decroissance.net\/wp-content\/uploads\/2012\/12\/manifeste-dia-couverture140.jpg\" width=\"108\" height=\"177\" \/>\u00ab\u00a0[&#8230;] La condition pour r\u00e9ussir cette transformation radicale de l\u2019\u00e9conomie est\u00a0<em>\u00ab\u00a0une forte adh\u00e9sion de tous et une participation \u00e0 cette volont\u00e9 de changement\u00a0\u00bb<\/em>.\u00a0Pour le moins\u2026\u00a0Mais il faut bien commencer un jour, et ce petit livre stimulant y contribue incontestablement.\u00a0\u00bb\u00a0<strong>Herv\u00e9 Kempf dans\u00a0<a href=\"http:\/\/www.lemonde.fr\/economie\/article\/2013\/03\/11\/la-decroissance-mode-d-emploi_1845977_3234.html?xtmc=liegey&amp;xtcr=1\" target=\"_blank\">Le Monde<\/a><em>.<\/em><\/strong><\/em><\/p>\n<p><em>\u00ab\u00a0<em>[&#8230;]\u00a0<\/em>Et le\u00a0<a href=\"http:\/\/www.projet-decroissance.net\/?p=954#more-954\">succ\u00e8s rencontr\u00e9 par l\u2019ouvrage<\/a>\u00a0peut laisser penser que\u00a0\u00abla transition est bel et bien en marche\u00bb.\u00a0\u00a0\u00bb\u00a0<\/em><em><strong>Emmanuel Daniel sur\u00a0<\/strong><\/em><em><strong><a href=\"http:\/\/www.slate.fr\/story\/74453\/decroissant\" target=\"_blank\">Slate.fr<\/a>.<\/strong><\/em><\/p>\n<p>A lire et \u00e9couter :<\/p>\n<ul>\n<li><a href=\"http:\/\/www.projet-decroissance.net\/?p=822\" target=\"_blank\">Un Projet de D\u00e9croissance dans Le Monde<\/a>\u00a0:\u00a0La d\u00e9croissance, mode d\u2019emploi<\/li>\n<li><a href=\"http:\/\/www.projet-decroissance.net\/?p=930\" target=\"_blank\">Un Projet de D\u00e9croissance sur France Culture<\/a>\u00a0: Terre \u00e0 Terre, avec Vincent Liegey par Ruth St\u00e9gassy<\/li>\n<li><a href=\"http:\/\/www.projet-decroissance.net\/?p=943\" target=\"_blank\">Un Projet de D\u00e9croissance dans Lib\u00e9ration<\/a>\u00a0: Vincent Liegey: \u00abOn ne peut plus cro\u00eetre dans un monde fini\u00bb<\/li>\n<li><a title=\"\u00ab Un projet de d\u00e9croissance \u00bb sur Radio France Internationale (RFI), interview de Vincent Liegey par Christine Siebert\" href=\"http:\/\/www.projet-decroissance.net\/?p=1081\">\u00ab Un projet de d\u00e9croissance \u00bb sur Radio France Internationale (RFI), interview de Vincent Liegey par Christine Siebert<\/a><\/li>\n<li><a title=\"Lien permanent vers Radio : Un Projet de D\u00e9croissance \u00e0 l\u2019appel de l\u2019Escargot \u2013 Interview de Vincent Liegey sur Radio Campus Lille avec les OC Lille\" href=\"http:\/\/www.projet-decroissance.net\/?p=1152\" rel=\"bookmark\">Un Projet de D\u00e9croissance \u00e0 l\u2019appel de l\u2019Escargot \u2013 Interview de Vincent Liegey sur Radio Campus Lille avec les OC Lille<\/a><\/li>\n<li><a title=\"Lien permanent vers Un Projet de D\u00e9croissance sur Slate.fr : Pour en finir avec le Dieu Croissance\" href=\"http:\/\/www.projet-decroissance.net\/?p=1153\" rel=\"bookmark\">Un Projet de D\u00e9croissance sur Slate.fr : Pour en finir avec le Dieu Croissance<\/a><\/li>\n<li><a href=\"http:\/\/www.projet-decroissance.net\/?p=860\" target=\"_blank\">Un Projet de D\u00e9croissance dans BastaMag<\/a>\u00a0: \u00ab La libert\u00e9 de consommer est une illusion bien cher pay\u00e9e \u00bb<\/li>\n<li><a title=\"Lien permanent vers Rue89 : Un projet provocateur : \u00ab Faire payer le prix r\u00e9el de ce qu\u2019on consomme \u00bb\" href=\"http:\/\/www.projet-decroissance.net\/?p=692\" target=\"_blank\" rel=\"bookmark\">Rue89 : Un projet provocateur : \u00ab Faire payer le prix r\u00e9el de ce qu\u2019on consomme \u00bb<\/a><\/li>\n<li><a title=\"Lien permanent vers La transition est en marche ! \u2013 Sur Reporterre.net\" href=\"http:\/\/www.projet-decroissance.net\/?p=672\" target=\"_blank\" rel=\"bookmark\">La transition est en marche ! \u2013 Sur Reporterre.net<\/a><\/li>\n<\/ul>\n","protected":false},"excerpt":{"rendered":"<p>Apr\u00e8s un mois de septembre riche et intense en rencontres et discussions autour d&rsquo; \u00ab\u00a0Un Projet de D\u00e9croissance\u00a0\u00bb et sur des sujets comme transition et politique, les terrains de r\u00e9sistance, Revenu de Base et Dotation Inconditionnelle d&rsquo;Autonomie, le d\u00e9bat sur &hellip; <a href=\"http:\/\/www.projet-decroissance.net\/?p=1374\">Continuer la lecture <span class=\"meta-nav\">&rarr;<\/span><\/a><\/p>\n","protected":false},"author":3,"featured_media":0,"comment_status":"closed","ping_status":"open","sticky":false,"template":"","format":"standard","meta":{"footnotes":""},"categories":[1,6],"tags":[],"class_list":["post-1374","post","type-post","status-publish","format-standard","hentry","category-actualites","category-agenda"],"_links":{"self":[{"href":"http:\/\/www.projet-decroissance.net\/index.php?rest_route=\/wp\/v2\/posts\/1374","targetHints":{"allow":["GET"]}}],"collection":[{"href":"http:\/\/www.projet-decroissance.net\/index.php?rest_route=\/wp\/v2\/posts"}],"about":[{"href":"http:\/\/www.projet-decroissance.net\/index.php?rest_route=\/wp\/v2\/types\/post"}],"author":[{"embeddable":true,"href":"http:\/\/www.projet-decroissance.net\/index.php?rest_route=\/wp\/v2\/users\/3"}],"replies":[{"embeddable":true,"href":"http:\/\/www.projet-decroissance.net\/index.php?rest_route=%2Fwp%2Fv2%2Fcomments&post=1374"}],"version-history":[{"count":20,"href":"http:\/\/www.projet-decroissance.net\/index.php?rest_route=\/wp\/v2\/posts\/1374\/revisions"}],"predecessor-version":[{"id":1421,"href":"http:\/\/www.projet-decroissance.net\/index.php?rest_route=\/wp\/v2\/posts\/1374\/revisions\/1421"}],"wp:attachment":[{"href":"http:\/\/www.projet-decroissance.net\/index.php?rest_route=%2Fwp%2Fv2%2Fmedia&parent=1374"}],"wp:term":[{"taxonomy":"category","embeddable":true,"href":"http:\/\/www.projet-decroissance.net\/index.php?rest_route=%2Fwp%2Fv2%2Fcategories&post=1374"},{"taxonomy":"post_tag","embeddable":true,"href":"http:\/\/www.projet-decroissance.net\/index.php?rest_route=%2Fwp%2Fv2%2Ftags&post=1374"}],"curies":[{"name":"wp","href":"https:\/\/api.w.org\/{rel}","templated":true}]}}