{"id":1387,"date":"2013-10-25T10:17:36","date_gmt":"2013-10-25T10:17:36","guid":{"rendered":"http:\/\/www.projet-decroissance.net\/?p=1387"},"modified":"2013-10-27T10:42:59","modified_gmt":"2013-10-27T10:42:59","slug":"un-projet-de-decroissance-a-montpellier-le-vendredi-11-octobre-a-19h30","status":"publish","type":"post","link":"http:\/\/www.projet-decroissance.net\/?p=1387","title":{"rendered":"Conf\u00e9rence audio : Un Projet de D\u00e9croissance \u00e0 Montpellier le vendredi 11 octobre \u00e0 19h30, \u00e0 la Minga"},"content":{"rendered":"<p><img loading=\"lazy\" decoding=\"async\" class=\"alignleft\" alt=\"\" src=\"http:\/\/www.projet-decroissance.net\/wp-content\/uploads\/2012\/12\/escargot-bleu-marron.jpg\" width=\"150\" height=\"120\" \/><strong><a href=\"http:\/\/www.projet-decroissance.net\/wp-content\/uploads\/2013\/10\/Projet-decroissance-liegey-montpellier1.jpeg\"><img loading=\"lazy\" decoding=\"async\" class=\" wp-image-1440 alignright\" alt=\"Projet-decroissance-liegey-montpellier\" src=\"http:\/\/www.projet-decroissance.net\/wp-content\/uploads\/2013\/10\/Projet-decroissance-liegey-montpellier1.jpeg\" width=\"194\" height=\"145\" srcset=\"http:\/\/www.projet-decroissance.net\/wp-content\/uploads\/2013\/10\/Projet-decroissance-liegey-montpellier1.jpeg 960w, http:\/\/www.projet-decroissance.net\/wp-content\/uploads\/2013\/10\/Projet-decroissance-liegey-montpellier1-300x225.jpeg 300w\" sizes=\"auto, (max-width: 194px) 100vw, 194px\" \/><\/a>Un Grand merci pour l&rsquo;invitation. Voici l&rsquo;enregistrement de la conf\u00e9rence :<\/strong><\/p>\n[audio:http:\/\/www.partipourladecroissance.net\/wp-content\/uploads\/2013\/10\/Vincent_Liegey_11_10_2013_Projet_Decroissance_Montpellier.mp3]\n<p><strong>Nous vous invitons toutes et tous \u00e0 la soir\u00e9e de discussion autour du livre\u00a0<\/strong><strong><em><a href=\"http:\/\/www.projet-decroissance.net\/\" target=\"_blank\">Un projet de D\u00e9croissance<\/a><\/em><\/strong><\/p>\n<p><strong><em><\/em>Avec\u00a0<a href=\"http:\/\/www.projet-decroissance.net\/?page_id=28\" target=\"_blank\">Vincent Liegey<\/a>, l\u2019un des co-auteurs.<\/strong><br \/>\nLe\u00a0vendredi 11 octobre \u00e0 19h30<br \/>\nA la Minga, 10bis rue Dom Vaissette, Montpellier<br \/>\n<!--more--><br \/>\nDepuis le d\u00e9but des ann\u00e9es 2000 a \u00e9merg\u00e9 un nouveau mouvement de pens\u00e9e autour du slogan provocateur \u00ab D\u00e9croissance \u00bb. A travers la critique radicale de la soci\u00e9t\u00e9 de croissance et de son impasse, cet OVNI politique a su enrichir les d\u00e9bats et les discussions.<\/p>\n<p>Ces r\u00e9flexions ont d\u00e9bouch\u00e9 sur une proposition appel\u00e9e Dotation Inconditionnelle d\u2019Autonomie (DIA), coupl\u00e9e \u00e0 un Revenu Maximum Acceptable. Ce manifeste pour une DIA part des origines de la D\u00e9croissance et propose des pistes, des r\u00e9flexions susceptibles d\u2019initier une transition sereine et d\u00e9mocratique vers des soci\u00e9t\u00e9s \u00e9cologiquement soutenables et socialement justes. Il repr\u00e9sente en cela un projet de D\u00e9croissance.<\/p>\n<p>A lire et \u00e9couter sur Un Projet de D\u00e9croissance :<\/p>\n<div>\n<ul>\n<li><a href=\"http:\/\/www.projet-decroissance.net\/?p=930\" target=\"_blank\">Un Projet de D\u00e9croissance sur France Culture<\/a>\u00a0: Terre \u00e0 Terre, avec Vincent Liegey par Ruth St\u00e9gassy<\/li>\n<li><a href=\"http:\/\/www.projet-decroissance.net\/?p=943\" target=\"_blank\">Un Projet de D\u00e9croissance dans Lib\u00e9ration<\/a>\u00a0: Vincent Liegey: \u00abOn ne peut plus cro\u00eetre dans un monde fini\u00bb<\/li>\n<li><a href=\"http:\/\/www.projet-decroissance.net\/?p=822\" target=\"_blank\">Un Projet de D\u00e9croissance dans Le Monde<\/a>\u00a0:\u00a0La d\u00e9croissance, mode d\u2019emploi<\/li>\n<li><a title=\"Lien permanent vers Un Projet de D\u00e9croissance sur Slate.fr : Pour en finir avec le Dieu Croissance\" href=\"http:\/\/www.projet-decroissance.net\/?p=1153\" rel=\"bookmark\">Un Projet de D\u00e9croissance sur Slate.fr : Pour en finir avec le Dieu Croissance<\/a><\/li>\n<li><a title=\"Lien permanent vers La transition est en marche ! \u2013 Sur Reporterre.net\" href=\"http:\/\/www.projet-decroissance.net\/?p=672\" target=\"_blank\" rel=\"bookmark\">La transition est en marche ! \u2013 Sur Reporterre.net<\/a><\/li>\n<\/ul>\n<\/div>\n<p><em>\u00ab\u00a0[&#8230;] La condition pour r\u00e9ussir cette transformation radicale de l\u2019\u00e9conomie est\u00a0<em>\u00ab\u00a0une forte adh\u00e9sion de tous et une participation \u00e0 cette volont\u00e9 de changement\u00a0\u00bb<\/em>.\u00a0Pour le moins\u2026\u00a0Mais il faut bien commencer un jour, et ce petit livre stimulant y contribue incontestablement.\u00a0\u00bb\u00a0<strong>Herv\u00e9 Kempf dans\u00a0<a href=\"http:\/\/www.lemonde.fr\/economie\/article\/2013\/03\/11\/la-decroissance-mode-d-emploi_1845977_3234.html?xtmc=liegey&amp;xtcr=1\" target=\"_blank\">Le Monde<\/a><em>.<\/em><\/strong><\/em><\/p>\n","protected":false},"excerpt":{"rendered":"<p>Un Grand merci pour l&rsquo;invitation. Voici l&rsquo;enregistrement de la conf\u00e9rence : [audio:http:\/\/www.partipourladecroissance.net\/wp-content\/uploads\/2013\/10\/Vincent_Liegey_11_10_2013_Projet_Decroissance_Montpellier.mp3] Nous vous invitons toutes et tous \u00e0 la soir\u00e9e de discussion autour du livre\u00a0Un projet de D\u00e9croissance Avec\u00a0Vincent Liegey, l\u2019un des co-auteurs. Le\u00a0vendredi 11 octobre \u00e0 19h30 A &hellip; <a href=\"http:\/\/www.projet-decroissance.net\/?p=1387\">Continuer la lecture <span class=\"meta-nav\">&rarr;<\/span><\/a><\/p>\n","protected":false},"author":3,"featured_media":0,"comment_status":"closed","ping_status":"open","sticky":false,"template":"","format":"standard","meta":{"footnotes":""},"categories":[6],"tags":[],"class_list":["post-1387","post","type-post","status-publish","format-standard","hentry","category-agenda"],"_links":{"self":[{"href":"http:\/\/www.projet-decroissance.net\/index.php?rest_route=\/wp\/v2\/posts\/1387","targetHints":{"allow":["GET"]}}],"collection":[{"href":"http:\/\/www.projet-decroissance.net\/index.php?rest_route=\/wp\/v2\/posts"}],"about":[{"href":"http:\/\/www.projet-decroissance.net\/index.php?rest_route=\/wp\/v2\/types\/post"}],"author":[{"embeddable":true,"href":"http:\/\/www.projet-decroissance.net\/index.php?rest_route=\/wp\/v2\/users\/3"}],"replies":[{"embeddable":true,"href":"http:\/\/www.projet-decroissance.net\/index.php?rest_route=%2Fwp%2Fv2%2Fcomments&post=1387"}],"version-history":[{"count":4,"href":"http:\/\/www.projet-decroissance.net\/index.php?rest_route=\/wp\/v2\/posts\/1387\/revisions"}],"predecessor-version":[{"id":1441,"href":"http:\/\/www.projet-decroissance.net\/index.php?rest_route=\/wp\/v2\/posts\/1387\/revisions\/1441"}],"wp:attachment":[{"href":"http:\/\/www.projet-decroissance.net\/index.php?rest_route=%2Fwp%2Fv2%2Fmedia&parent=1387"}],"wp:term":[{"taxonomy":"category","embeddable":true,"href":"http:\/\/www.projet-decroissance.net\/index.php?rest_route=%2Fwp%2Fv2%2Fcategories&post=1387"},{"taxonomy":"post_tag","embeddable":true,"href":"http:\/\/www.projet-decroissance.net\/index.php?rest_route=%2Fwp%2Fv2%2Ftags&post=1387"}],"curies":[{"name":"wp","href":"https:\/\/api.w.org\/{rel}","templated":true}]}}