{"id":1392,"date":"2012-10-05T16:03:27","date_gmt":"2012-10-05T16:03:27","guid":{"rendered":"http:\/\/www.projet-decroissance.net\/?p=1392"},"modified":"2013-11-22T08:39:16","modified_gmt":"2013-11-22T08:39:16","slug":"un-projet-de-decroissance-a-bruxelles-a-limaginair-art-cafe-le-mercredi-16-octobre-a-19h30-avec-le-parti-de-gauche-benelux","status":"publish","type":"post","link":"http:\/\/www.projet-decroissance.net\/?p=1392","title":{"rendered":"Un Projet de D\u00e9croissance \u00e0 Bruxelles, \u00e0 l&rsquo;Imagin&rsquo;air Art Caf\u00e9, le mercredi 16 octobre \u00e0 19h30 avec le Parti de Gauche Benelux"},"content":{"rendered":"<div><a href=\"https:\/\/www.facebook.com\/events\/744244355589238\" target=\"_blank\"><strong><img loading=\"lazy\" decoding=\"async\" class=\"alignleft\" alt=\"\" src=\"http:\/\/19.lepartidegauche.fr\/images\/stories\/logo\/cid_part3_09090704_08090308wanadoo.png\" width=\"182\" height=\"63\" \/><\/strong><\/a><\/div>\n<p style=\"text-align: center;\">Nous vous invitons toutes et tous \u00e0 la soir\u00e9e de discussion autour du livre\u00a0<a href=\"http:\/\/www.projet-decroissance.net\/\" target=\"_blank\">Un projet de D\u00e9croissance<\/a><\/p>\n<p style=\"text-align: center;\">Avec\u00a0<a href=\"http:\/\/www.projet-decroissance.net\/?page_id=28\" target=\"_blank\">Vincent Liegey<\/a>, l\u2019un des co-auteurs.<\/p>\n<p style=\"text-align: center;\">Le mercredi 16 octobre \u00e0 19h30<br \/>\nA l&rsquo;Imagin&rsquo;air Art Caf\u00e9<br \/>\nPlace Fernand Cocq 6, 1050 Elsene, Bruxelles<br \/>\nAvec le Parti de Gauche Benelux<\/p>\n<p><a href=\"https:\/\/www.facebook.com\/events\/744244355589238\" target=\"_blank\"><img loading=\"lazy\" decoding=\"async\" class=\"alignright\" id=\"irc_mi\" alt=\"\" src=\"http:\/\/www.pg87.fr\/wp-content\/uploads\/2013\/02\/ecosocialisme.png\" width=\"316\" height=\"55\" \/><\/a>Vous connaissez l&rsquo;Ecosocialisme ? La D\u00e9croissance ? Vous \u00eates adh\u00e9rents, sympathisants ou simplement interess\u00e9s par ces enjeux de demain ? Ceci est pour vous.<\/p>\n<p>Le PG Benelux vous invite \u00e0 leur formation sur la D\u00e9croissance, en pr\u00e9sence de <a href=\"http:\/\/www.projet-decroissance.net\/?page_id=28\" target=\"_blank\">Vincent Li\u00e9gey<\/a>, co-auteur de \u00ab\u00a0Un projet de D\u00e9croissance, Manifeste pour une Dotation Inconditionnelle d&rsquo;Autonomie\u00a0\u00bb.<\/p>\n<p>Vincent a rejoint le Parti Pour La D\u00e9croissance en 2008 et devient l\u2019un des porte-parole nationaux. Il participe \u00e0 la cr\u00e9ation du collectif parisien pour\u00a0la D\u00e9croissance et r\u00e9alise le documentaire Hommage \u00e0 Nicholas Georgescu-Roegen. Fin 2008, avec Paul Ari\u00e8s notamment, il lance l\u2019appel Europe-D\u00e9croissance. Il habite aujourd\u2019hui \u00e0 Budapest o\u00f9 il effectue un doctorat \u00e0 l\u2019universit\u00e9 d\u2019\u00e9conomie et participe \u00e0 la cr\u00e9ation d\u2019un centre de recherche et d\u2019exp\u00e9rimentation sur la D\u00e9croissance et la transition.<\/p>\n<p>A lire et \u00e9couter sur Un Projet de D\u00e9croissance :<\/p>\n<div>\n<ul>\n<li><a href=\"http:\/\/www.projet-decroissance.net\/?p=930\" target=\"_blank\">Un Projet de D\u00e9croissance sur France Culture<\/a>\u00a0: Terre \u00e0 Terre, avec Vincent Liegey par Ruth St\u00e9gassy<\/li>\n<li><a href=\"http:\/\/www.projet-decroissance.net\/?p=943\" target=\"_blank\">Un Projet de D\u00e9croissance dans Lib\u00e9ration<\/a>\u00a0: Vincent Liegey: \u00abOn ne peut plus cro\u00eetre dans un monde fini\u00bb<\/li>\n<li><a href=\"http:\/\/www.projet-decroissance.net\/?p=822\" target=\"_blank\">Un Projet de D\u00e9croissance dans Le Monde<\/a>\u00a0:\u00a0La d\u00e9croissance, mode d\u2019emploi<\/li>\n<li><a title=\"Lien permanent vers Un Projet de D\u00e9croissance sur Slate.fr : Pour en finir avec le Dieu Croissance\" href=\"http:\/\/www.projet-decroissance.net\/?p=1153\" rel=\"bookmark\">Un Projet de D\u00e9croissance sur Slate.fr : Pour en finir avec le Dieu Croissance<\/a><\/li>\n<li><a title=\"Lien permanent vers La transition est en marche ! \u2013 Sur Reporterre.net\" href=\"http:\/\/www.projet-decroissance.net\/?p=672\" target=\"_blank\" rel=\"bookmark\">La transition est en marche ! \u2013 Sur Reporterre.net<\/a><\/li>\n<\/ul>\n<\/div>\n<p><em>\u00ab\u00a0[&#8230;] La condition pour r\u00e9ussir cette transformation radicale de l\u2019\u00e9conomie est\u00a0<em>\u00ab\u00a0une forte adh\u00e9sion de tous et une participation \u00e0 cette volont\u00e9 de changement\u00a0\u00bb<\/em>.\u00a0Pour le moins\u2026\u00a0Mais il faut bien commencer un jour, et ce petit livre stimulant y contribue incontestablement.\u00a0\u00bb\u00a0<strong>Herv\u00e9 Kempf dans\u00a0<a href=\"http:\/\/www.lemonde.fr\/economie\/article\/2013\/03\/11\/la-decroissance-mode-d-emploi_1845977_3234.html?xtmc=liegey&amp;xtcr=1\" target=\"_blank\">Le Monde<\/a><em>.<\/em><\/strong><\/em><\/p>\n","protected":false},"excerpt":{"rendered":"<p>Nous vous invitons toutes et tous \u00e0 la soir\u00e9e de discussion autour du livre\u00a0Un projet de D\u00e9croissance Avec\u00a0Vincent Liegey, l\u2019un des co-auteurs. Le mercredi 16 octobre \u00e0 19h30 A l&rsquo;Imagin&rsquo;air Art Caf\u00e9 Place Fernand Cocq 6, 1050 Elsene, Bruxelles Avec &hellip; <a href=\"http:\/\/www.projet-decroissance.net\/?p=1392\">Continuer la lecture <span class=\"meta-nav\">&rarr;<\/span><\/a><\/p>\n","protected":false},"author":3,"featured_media":0,"comment_status":"closed","ping_status":"open","sticky":false,"template":"","format":"standard","meta":{"footnotes":""},"categories":[6],"tags":[],"class_list":["post-1392","post","type-post","status-publish","format-standard","hentry","category-agenda"],"_links":{"self":[{"href":"http:\/\/www.projet-decroissance.net\/index.php?rest_route=\/wp\/v2\/posts\/1392","targetHints":{"allow":["GET"]}}],"collection":[{"href":"http:\/\/www.projet-decroissance.net\/index.php?rest_route=\/wp\/v2\/posts"}],"about":[{"href":"http:\/\/www.projet-decroissance.net\/index.php?rest_route=\/wp\/v2\/types\/post"}],"author":[{"embeddable":true,"href":"http:\/\/www.projet-decroissance.net\/index.php?rest_route=\/wp\/v2\/users\/3"}],"replies":[{"embeddable":true,"href":"http:\/\/www.projet-decroissance.net\/index.php?rest_route=%2Fwp%2Fv2%2Fcomments&post=1392"}],"version-history":[{"count":3,"href":"http:\/\/www.projet-decroissance.net\/index.php?rest_route=\/wp\/v2\/posts\/1392\/revisions"}],"predecessor-version":[{"id":1395,"href":"http:\/\/www.projet-decroissance.net\/index.php?rest_route=\/wp\/v2\/posts\/1392\/revisions\/1395"}],"wp:attachment":[{"href":"http:\/\/www.projet-decroissance.net\/index.php?rest_route=%2Fwp%2Fv2%2Fmedia&parent=1392"}],"wp:term":[{"taxonomy":"category","embeddable":true,"href":"http:\/\/www.projet-decroissance.net\/index.php?rest_route=%2Fwp%2Fv2%2Fcategories&post=1392"},{"taxonomy":"post_tag","embeddable":true,"href":"http:\/\/www.projet-decroissance.net\/index.php?rest_route=%2Fwp%2Fv2%2Ftags&post=1392"}],"curies":[{"name":"wp","href":"https:\/\/api.w.org\/{rel}","templated":true}]}}