{"id":1404,"date":"2012-10-08T20:26:13","date_gmt":"2012-10-08T20:26:13","guid":{"rendered":"http:\/\/www.projet-decroissance.net\/?p=1404"},"modified":"2013-11-22T08:37:12","modified_gmt":"2013-11-22T08:37:12","slug":"un-projet-de-decroissance-a-belin-beliet-le-samedi-26-octobre-avec-courant-alternatif","status":"publish","type":"post","link":"http:\/\/www.projet-decroissance.net\/?p=1404","title":{"rendered":"Un Projet de D\u00e9croissance \u00e0 Belin-Beliet, le samedi 26 octobre, avec Courant Alternatif"},"content":{"rendered":"<p style=\"text-align: center;\"><img loading=\"lazy\" decoding=\"async\" class=\"alignnone\" alt=\"\" src=\"http:\/\/img.over-blog-kiwi.com\/0\/76\/36\/57\/201310\/ob_ff80a0_soiree-decroissance-2013-n-b.jpg\" width=\"467\" height=\"661\" \/><br \/>\nUn projet de D\u00e9croissance \u00e0 Belin-B\u00e9liet<\/p>\n<div>\n<p style=\"text-align: center;\"><strong><span style=\"text-decoration: underline;\">Samedi 26 octobre,\u00a0<\/span><\/strong><strong><span style=\"text-decoration: underline;\">20h30 \u00e0 Belin-B\u00e9liet\u00a0<\/span><\/strong><strong><span style=\"text-decoration: underline;\">(33830)<\/span><\/strong><\/p>\n<p style=\"text-align: center;\">salle des f\u00eates de B\u00e9liet, 6 place des Fr\u00e8res Estr\u00e9m\u00e9<!--more--><\/p>\n<p style=\"text-align: center;\">Soir\u00e9e-d\u00e9bat organis\u00e9e autour du livre :<\/p>\n<p><strong><em>Un projet de D\u00e9croissance,\u00a0<\/em><\/strong><strong><em>Manifeste pour une Dotation Inconditionnelle d\u2019Autonomie (DIA),\u00a0<\/em><\/strong>paru aux \u00e9ditions Utopia en janvier 2013,\u00a0en pr\u00e9sence de St\u00e9phane Madelaine, l&rsquo;un des quatre co-auteurs.<\/p>\n<p style=\"text-align: center;\"><a href=\"http:\/\/img.over-blog-kiwi.com\/0\/76\/36\/57\/201309\/ob_b134bf7d0a2b8313db7424516d398406_decroissance-2013.jpg\" rel=\"fancybox\"><img decoding=\"async\" alt=\"Un Projet de D\u00e9croissance &amp; Courant Alternatif\" src=\"http:\/\/img.over-blog-kiwi.com\/0\/76\/36\/57\/201309\/ob_b134bf7d0a2b8313db7424516d398406_decroissance-2013.jpg\" \/><\/a><br \/>\n<em>Un Projet de D\u00e9croissance &amp; Courant Alternatif<\/em><\/p>\n<p align=\"center\"><em>\u00ab\u00a0Sans un minimum de ressources,\u00a0<\/em><em>le nouveau citoyen ne peut vivre pleinement les principes r\u00e9publicains de libert\u00e9, d\u2019\u00e9galit\u00e9 et de fraternit\u00e9\u00a0\u00bb<\/em>,<\/p>\n<p align=\"center\">d\u00e9clarait Thomas Paine en 1792.<\/p>\n<p>&#8230; Et pourtant deux si\u00e8cles plus tard cette id\u00e9e semble \u00eatre rest\u00e9e lettre morte. Les produits de haute n\u00e9cessit\u00e9 ne sont toujours pas accessibles \u00e0 tous : logement, alimentation, v\u00eatements, \u00e9nergie et eau potable, \u00e9ducation, sant\u00e9, convivialit\u00e9.<\/p>\n<p>&#8230; Et pourtant nos soci\u00e9t\u00e9s, qui n\u2019ont jamais \u00e9t\u00e9 aussi riches, s\u2019arcboutent sur l\u2019accumulation croissante de richesses pour atteindre cet id\u00e9al. Et si la r\u00e9solution des in\u00e9galit\u00e9s ne passait pas par une croissance infinie ?<\/p>\n<p>A travers la critique radicale de la soci\u00e9t\u00e9 de Croissance, du d\u00e9veloppement, du capitalisme et du productivisme, les objecteurs de croissance proposent un outil \u00e9conomique, social et d\u2019\u00e9mancipation, permettant d\u2019\u00e9chapper aux effets d\u2019une r\u00e9cession sans en appeler \u00e0 toujours plus de croissance. La DIA (Dotation Inconditionnelle d\u2019Autonomie), coupl\u00e9e \u00e0 un Revenu Maximum Acceptable (RMA), est un outil pour sortir de l\u2019impasse destructrice vers laquelle nous entra\u00eene toujours plus vite la soci\u00e9t\u00e9 de Croissance.<\/p>\n<p>Au-del\u00e0 d\u2019un simple correctif, la DIA vise \u00e0 susciter dialogues et d\u00e9bats sur ce qu\u2019est le \u00ab vivre ensemble \u00bb, sur la mani\u00e8re de cr\u00e9er \u00ab plus de liens \u00bb sans pour autant cr\u00e9er \u00ab plus de biens \u00bb. C&rsquo;est ce que nous vous proposons \u00e0 l&rsquo;occasion de cette rencontre. (source :\u00a0<a href=\"http:\/\/www.projet-decroissance.net\/\">http:\/\/www.projet-decroissance.net\/<\/a>)<\/p>\n<p>Nous partagerons en fin de soir\u00e9e les sp\u00e9cialit\u00e9s sucr\u00e9es et breuvages que chacun aura apport\u00e9s ! \u00a0<strong>Une zone de gratuit\u00e9 temporaire sera \u00e9tablie pour l&rsquo;occasion.<\/strong><\/p>\n<\/div>\n<div>\n<div><\/div>\n<div><a href=\"http:\/\/courant.alternatif.over-blog.com\/un_projet_de_decroissance_a_belin-beliet\"><img loading=\"lazy\" decoding=\"async\" class=\"aligncenter\" alt=\"\" src=\"http:\/\/img.over-blog-kiwi.com\/1000x288-ct\/0\/76\/36\/57\/201309\/ob_92c9eb_bandeau-blog-courant-alternatif.jpg\" width=\"528\" height=\"152\" \/><\/a><\/div>\n<p style=\"text-align: center;\"><a href=\"http:\/\/courant.alternatif.over-blog.com\/un_projet_de_decroissance_a_belin-beliet\">http:\/\/courant.alternatif.over-blog.com\/<\/a><\/p>\n<p>&nbsp;<\/p>\n<p>&nbsp;<\/p>\n<p>&nbsp;<\/p>\n<\/div>\n","protected":false},"excerpt":{"rendered":"<p>Un projet de D\u00e9croissance \u00e0 Belin-B\u00e9liet Samedi 26 octobre,\u00a020h30 \u00e0 Belin-B\u00e9liet\u00a0(33830) salle des f\u00eates de B\u00e9liet, 6 place des Fr\u00e8res Estr\u00e9m\u00e9<\/p>\n","protected":false},"author":2,"featured_media":0,"comment_status":"closed","ping_status":"open","sticky":false,"template":"","format":"standard","meta":{"footnotes":""},"categories":[6],"tags":[],"class_list":["post-1404","post","type-post","status-publish","format-standard","hentry","category-agenda"],"_links":{"self":[{"href":"http:\/\/www.projet-decroissance.net\/index.php?rest_route=\/wp\/v2\/posts\/1404","targetHints":{"allow":["GET"]}}],"collection":[{"href":"http:\/\/www.projet-decroissance.net\/index.php?rest_route=\/wp\/v2\/posts"}],"about":[{"href":"http:\/\/www.projet-decroissance.net\/index.php?rest_route=\/wp\/v2\/types\/post"}],"author":[{"embeddable":true,"href":"http:\/\/www.projet-decroissance.net\/index.php?rest_route=\/wp\/v2\/users\/2"}],"replies":[{"embeddable":true,"href":"http:\/\/www.projet-decroissance.net\/index.php?rest_route=%2Fwp%2Fv2%2Fcomments&post=1404"}],"version-history":[{"count":4,"href":"http:\/\/www.projet-decroissance.net\/index.php?rest_route=\/wp\/v2\/posts\/1404\/revisions"}],"predecessor-version":[{"id":1410,"href":"http:\/\/www.projet-decroissance.net\/index.php?rest_route=\/wp\/v2\/posts\/1404\/revisions\/1410"}],"wp:attachment":[{"href":"http:\/\/www.projet-decroissance.net\/index.php?rest_route=%2Fwp%2Fv2%2Fmedia&parent=1404"}],"wp:term":[{"taxonomy":"category","embeddable":true,"href":"http:\/\/www.projet-decroissance.net\/index.php?rest_route=%2Fwp%2Fv2%2Fcategories&post=1404"},{"taxonomy":"post_tag","embeddable":true,"href":"http:\/\/www.projet-decroissance.net\/index.php?rest_route=%2Fwp%2Fv2%2Ftags&post=1404"}],"curies":[{"name":"wp","href":"https:\/\/api.w.org\/{rel}","templated":true}]}}