{"id":1493,"date":"2013-11-28T09:57:27","date_gmt":"2013-11-28T09:57:27","guid":{"rendered":"http:\/\/www.projet-decroissance.net\/?p=1493"},"modified":"2013-11-28T10:33:21","modified_gmt":"2013-11-28T10:33:21","slug":"contre-la-deprime-de-lausterite-lespoir-de-la-decroissance-dans-les-zindignees","status":"publish","type":"post","link":"http:\/\/www.projet-decroissance.net\/?p=1493","title":{"rendered":"\u00ab\u00a0Contre la d\u00e9prime de l&rsquo;aust\u00e9rit\u00e9, l&rsquo;espoir de la d\u00e9croissance\u00a0\u00bb dans Les Zindign\u00e9(e)s!"},"content":{"rendered":"<p style=\"text-align: center;\"><strong>Dans le num\u00e9ro 9 des <span style=\"color: #ff6600;\">Zindign\u00e9(e)s!<\/span> en vente libre<br \/>\n<a href=\"http:\/\/www.les-indignes-revue.fr\/\">http:\/\/www.les-indignes-revue.fr\/<\/a><\/strong><\/p>\n<p><a href=\"http:\/\/www.projet-decroissance.net\/wp-content\/uploads\/2013\/11\/contre-la-d\u00e9prime-de-laust\u00e9rit\u00e9.jpg\"><img loading=\"lazy\" decoding=\"async\" class=\"aligncenter\" alt=\"\" src=\"http:\/\/www.projet-decroissance.net\/wp-content\/uploads\/2013\/11\/contre-la-d\u00e9prime-de-laust\u00e9rit\u00e9-.jpg\" width=\"500\" height=\"688\" \/><\/a><\/p>\n<p><!--more--><\/p>\n<p><span style=\"color: #ff6600;\"><strong>Contre la d\u00e9prime de l\u2019aust\u00e9rit\u00e9, l\u2019espoir de la D\u00e9croissance<\/strong><\/span><\/p>\n<p><strong>D&rsquo;une r\u00e9cession subie \u00e0 des D\u00e9croissances choisies<\/strong><\/p>\n<p>La ville de D\u00e9troit, aux \u00c9tats-Unis, la Gr\u00e8ce ou encore l&rsquo;Espagne continuent de conna\u00eetre les maux d\u2019une r\u00e9cession subie et les effets d\u00e9vastateurs des plans d\u2019aust\u00e9rit\u00e9 avec la destruction des solidarit\u00e9s institutionnelles, le ch\u00f4mage, les expulsions et leurs cons\u00e9quences humaines terribles. Pourtant, nous assistons \u00e0 un renouveau post-industrialisme \u00e0 D\u00e9troit ou encore l&rsquo;\u00e9mergence, \u00e0 l&rsquo;\u00e9chelon local, de nouvelles formes d&rsquo;organisations de la soci\u00e9t\u00e9 en Gr\u00e8ce ou en Espagne. Ces cas sont exemplaires d&rsquo;une convergence entre d&rsquo;une part les r\u00e9actions des citoyens face \u00e0 une r\u00e9cession subie et d&rsquo;autre part les actions entreprises par des collectifs recherchant de nouveau mode de vivre ensemble dans les pays moins touch\u00e9s par les plans d&rsquo;aust\u00e9rit\u00e9 europ\u00e9ens. Le r\u00e9sultat est parfois le m\u00eame, ne divergent que les chemins.<\/p>\n<p>Toutefois, ces exp\u00e9riences sont des laboratoires de transition qui ne doivent pas nous faire tomber dans un romantisme b\u00e9at car elles sont aussi les cons\u00e9quences de ce que nous ne voulons pas : une r\u00e9cession subie.<\/p>\n<p>Par contre, elles repr\u00e9sentent bien des espoirs, des pistes pour travailler aux transitions, non pas seulement la transition \u00e9nerg\u00e9tique, mais aussi une transition d\u00e9mocratique, \u00e9conomique pour s&rsquo;engager dans un processus de r\u00e9appropriation de la vie publique et du sens que nous souhaitons donner \u00e0 nos vies. D\u00e9j\u00e0 pr\u00e9sent dans nos soci\u00e9t\u00e9s, la r\u00e9cession avec la croissance des in\u00e9galit\u00e9s ne va qu&rsquo;amplifier la mis\u00e8re, le mal-\u00eatre, la violence, la solitude, la perte de sens et de rep\u00e8res ou encore le stress qui rongent nos vies.<\/p>\n<p>Quant \u00e0 l&rsquo;aust\u00e9rit\u00e9, elle nous est justement pr\u00e9sent\u00e9e comme la solution in\u00e9luctable pour nous sortir des crises de la dette, pour sauver une soci\u00e9t\u00e9 pas plus soutenable que d\u00e9sirable. Relancer la croissance par l&rsquo;aust\u00e9rit\u00e9 est d&rsquo;une irrationalit\u00e9 aussi invraisemblable qu&rsquo;absurde, au m\u00eame niveau que de croire qu&rsquo;une croissance infinie dans un monde fini soit possible. C&rsquo;est encore pire que \u00e7a fasse sens. L&rsquo;aust\u00e9rit\u00e9 est une illusion, celle de croire que nous pouvons relancer la soci\u00e9t\u00e9 de croissance, pourtant dans une impasse \u00e9cologique, sociale, culturelle.<\/p>\n<p>Ainsi, plut\u00f4t que de continuer \u00e0 nous enfoncer toujours plus avec l&rsquo;aust\u00e9rit\u00e9, \u00e0 renforcer les in\u00e9galit\u00e9s, \u00e0 d\u00e9fendre les int\u00e9r\u00eats d&rsquo;une oligarchie toujours plus forte et \u00e0 entretenir le mythe d&rsquo;une pseudo-relance qui ne r\u00e9soudrait rien, nous proposons un pas de c\u00f4t\u00e9.<\/p>\n<p><strong>Sortir de la religion de l&rsquo;\u00e9conomie<\/strong><\/p>\n<p>Il faut remettre l\u2019\u00e9conomie \u00e0 sa place, au service de la soci\u00e9t\u00e9, de la politique et d\u2019une transition d\u00e9mocratique. Ainsi, il faut refuser cette impasse technocratique, oligarchique et productiviste dans laquelle se trouvent les institutions europ\u00e9ennes et ouvrir le d\u00e9bat pour l\u2019annulation des dettes publiques, la r\u00e9appropriation de la cr\u00e9ation mon\u00e9taire et la mise en place de monnaies locales compl\u00e9mentaires.<\/p>\n<p><strong>La premi\u00e8re des d\u00e9croissances doit \u00eatre celles des in\u00e9galit\u00e9s !<\/strong><\/p>\n<p>Nous soutenons toutes les d\u00e9marches permettant plus de partages afin de nous r\u00e9approprier l\u2019espoir et la s\u00e9curit\u00e9 et ainsi devenir acteur de la transformation. Nous soutenons la mise en place progressive d\u2019une Dotation Inconditionnelle d\u2019Autonomie coupl\u00e9e \u00e0 un Revenu Maximum Acceptable : dans un premier temps nous proposons de travailler moins pour travailler tou-te-s.<\/p>\n<p><strong>Pour une transition d\u00e9mocratique et sereine vers de nouvelles soci\u00e9t\u00e9s conviviales, soutenables et d\u00e9sirables.<\/strong><\/p>\n<p>Ainsi nous soutenons une relocalisation, ouverte, de nos activit\u00e9s \u00e9conomiques et productives et de nos d\u00e9cisions en s\u2019appuyant sur une logique d\u2019espaces \u00e9cologiques en nous basant sur la transition qui est d\u00e9j\u00e0 en marche \u00e0 travers l\u2019ensemble des initiatives citoyennes que l\u2019on voit \u00e9merger partout. C\u2019est \u00e9videmment la solidarit\u00e9 et la coop\u00e9ration entre les territoires et l\u2019ouverture culturelle qui alimentera une telle relocalisation.<\/p>\n<p><strong>Contre la d\u00e9prime de l\u2019aust\u00e9rit\u00e9, l\u2019espoir de la D\u00e9croissance<\/strong><\/p>\n<p>Il y a de nombreuses raisons d\u2019\u00eatre pessimistes lorsque l\u2019on regarde tous les indicateurs environnementaux, sociaux, \u00e9nerg\u00e9tiques mais aussi politiques avec la mont\u00e9e des extr\u00eames-droites. Lutter contre cette aust\u00e9rit\u00e9 oligarchique c\u2019est rompre avec le renoncement, la mis\u00e8re, la peur qui nous bloque et se r\u00e9approprier la chance de devenir actrices et acteurs des transformations qui sont devant nous. Ainsi, non \u00e0 l\u2019aust\u00e9rit\u00e9, oui \u00e0 la r\u00e9appropriation d\u00e9mocratique des outils \u00e9conomiques pour construire ensemble, cr\u00e9er et exp\u00e9rimenter de nouvelles soci\u00e9t\u00e9s d\u00e9mocratique, conviviales et autonomes. Contre l\u2019aust\u00e9rit\u00e9, d\u00e9colonisons nos imaginaires et\u00a0 inventons le bien vivre de soci\u00e9t\u00e9s d\u2019abondance frugale solidaires et soutenables.<\/p>\n<p><strong>Vincent Liegey, St\u00e9phane Madelaine, Christophe Ondet, Anne-Isabelle Veillot<\/strong>.<br \/>\n<strong>Co-auteurs d&rsquo; \u00ab\u00a0<a href=\"http:\/\/www.projet-decroissance.net\/\" target=\"_blank\"><em>Un projet de d\u00e9croissance. Manifeste pour une dotation inconditionnel<\/em><\/a><\/strong><strong><a href=\"http:\/\/www.projet-decroissance.net\/\" target=\"_blank\"><em>le d\u2019autonomie<\/em><\/a>\u00ab\u00a0, pr\u00e9face de Paul Ari\u00e8s. Les \u00e9ditions Utopia, 150 pages, 7 euros.<\/strong><\/p>\n","protected":false},"excerpt":{"rendered":"<p>Dans le num\u00e9ro 9 des Zindign\u00e9(e)s! en vente libre http:\/\/www.les-indignes-revue.fr\/<\/p>\n","protected":false},"author":2,"featured_media":0,"comment_status":"closed","ping_status":"open","sticky":false,"template":"","format":"standard","meta":{"footnotes":""},"categories":[1,7],"tags":[],"class_list":["post-1493","post","type-post","status-publish","format-standard","hentry","category-actualites","category-dans-la-presse-et-sur-la-toile"],"_links":{"self":[{"href":"http:\/\/www.projet-decroissance.net\/index.php?rest_route=\/wp\/v2\/posts\/1493","targetHints":{"allow":["GET"]}}],"collection":[{"href":"http:\/\/www.projet-decroissance.net\/index.php?rest_route=\/wp\/v2\/posts"}],"about":[{"href":"http:\/\/www.projet-decroissance.net\/index.php?rest_route=\/wp\/v2\/types\/post"}],"author":[{"embeddable":true,"href":"http:\/\/www.projet-decroissance.net\/index.php?rest_route=\/wp\/v2\/users\/2"}],"replies":[{"embeddable":true,"href":"http:\/\/www.projet-decroissance.net\/index.php?rest_route=%2Fwp%2Fv2%2Fcomments&post=1493"}],"version-history":[{"count":7,"href":"http:\/\/www.projet-decroissance.net\/index.php?rest_route=\/wp\/v2\/posts\/1493\/revisions"}],"predecessor-version":[{"id":1500,"href":"http:\/\/www.projet-decroissance.net\/index.php?rest_route=\/wp\/v2\/posts\/1493\/revisions\/1500"}],"wp:attachment":[{"href":"http:\/\/www.projet-decroissance.net\/index.php?rest_route=%2Fwp%2Fv2%2Fmedia&parent=1493"}],"wp:term":[{"taxonomy":"category","embeddable":true,"href":"http:\/\/www.projet-decroissance.net\/index.php?rest_route=%2Fwp%2Fv2%2Fcategories&post=1493"},{"taxonomy":"post_tag","embeddable":true,"href":"http:\/\/www.projet-decroissance.net\/index.php?rest_route=%2Fwp%2Fv2%2Ftags&post=1493"}],"curies":[{"name":"wp","href":"https:\/\/api.w.org\/{rel}","templated":true}]}}