{"id":1502,"date":"2013-12-02T20:51:17","date_gmt":"2013-12-02T20:51:17","guid":{"rendered":"http:\/\/www.projet-decroissance.net\/?p=1502"},"modified":"2014-01-09T17:14:43","modified_gmt":"2014-01-09T17:14:43","slug":"avec-un-projet-de-decroissance-consommer-moins-pour-plus-de-convivialite","status":"publish","type":"post","link":"http:\/\/www.projet-decroissance.net\/?p=1502","title":{"rendered":"Vous voulez toujours de la neige \u00e0 No\u00ebl ? Offrez \u00ab\u00a0Un Projet de D\u00e9croissance\u00a0\u00bb"},"content":{"rendered":"<p><img loading=\"lazy\" decoding=\"async\" class=\"wp-image-1503 alignleft\" alt=\"projet-decroissance-convivialite-liegey\" src=\"http:\/\/www.projet-decroissance.net\/wp-content\/uploads\/2013\/12\/39282_10200419867471989_1484511779_n.jpeg\" width=\"207\" height=\"277\" srcset=\"http:\/\/www.projet-decroissance.net\/wp-content\/uploads\/2013\/12\/39282_10200419867471989_1484511779_n.jpeg 720w, http:\/\/www.projet-decroissance.net\/wp-content\/uploads\/2013\/12\/39282_10200419867471989_1484511779_n-225x300.jpeg 225w\" sizes=\"auto, (max-width: 207px) 100vw, 207px\" \/>Il y a 11 mois sortait en librairie \u00ab <em>Un Projet de D\u00e9croissance<\/em> \u00bb. Depuis son lancement au Shakirail \u00e0 Paris le 26 janvier 2013, nous avons particip\u00e9 \u00e0 une cinquantaine de rencontres publiques en France, en Suisse, en Belgique mais aussi en Hongrie, en Slov\u00e9nie et m\u00eame au Qu\u00e9bec et en\u00a0Espagne par visioconf\u00e9rence.<\/p>\n<p>La diversit\u00e9 des partenaires et des rencontres \u00e9taient \u00e0 l&rsquo;image du mouvement de la D\u00e9croissance : \u00e0 la fois dans et \u00e0 l&rsquo;ext\u00e9rieur du syst\u00e8me. Elle s&rsquo;appuyait sur ce que l&rsquo;on appelle <a title=\"La D\u00e9croissance sans l\u2019aust\u00e8re, entretien avec Vincent Liegey par Val\u00e9rie de Saint-Do pour le journal HUM\" href=\"http:\/\/www.projet-decroissance.net\/?p=1471\" target=\"_blank\">les quatre niveaux politiques de la D\u00e9croissance<\/a>. Ce foisonnement a permis d&rsquo;atteindre des publics nouveaux, qui n&rsquo;\u00e9taient pas familiaris\u00e9s avec le discours de la D\u00e9croissance, et d&rsquo;enrichir d&rsquo;autant nos r\u00e9flexions et exp\u00e9riences r\u00e9ciproques.<br \/>\n<!--more--><a href=\"http:\/\/www.projet-decroissance.net\/wp-content\/uploads\/2013\/12\/428760_10200616141960440_1062258355_n.jpeg\"><img loading=\"lazy\" decoding=\"async\" class=\"alignright\" alt=\"projet-decroissance-humour\" src=\"http:\/\/www.projet-decroissance.net\/wp-content\/uploads\/2013\/12\/428760_10200616141960440_1062258355_n.jpeg\" width=\"207\" height=\"277\" \/><\/a>Ainsi, le d\u00e9bat s&rsquo;est ouvert dans des lieux vari\u00e9s et avec des partenaires divers :<br \/>\n&#8211; dans des lieux alternatifs et d&rsquo;exp\u00e9rimentations : <a href=\"http:\/\/www.projet-decroissance.net\/?p=648\" target=\"_blank\">squat<\/a>, fablab, <a href=\"http:\/\/www.projet-decroissance.net\/?p=1273\" target=\"_blank\">atelier v\u00e9lo<\/a>, centres culturel et\/ou politique autog\u00e9r\u00e9s, ferme&#8230; L\u00e0 o\u00f9 <a title=\"Lien permanent vers La transition est en marche ! \u2013 Sur Reporterre.net\" href=\"http:\/\/www.projet-decroissance.net\/?p=672\" target=\"_blank\" rel=\"bookmark\">la transition est d\u00e9j\u00e0 en marche<\/a>&#8230;<br \/>\n&#8211; \u00e0 l&rsquo;invitation d&rsquo;institutions publiques, parce que la D\u00e9croissance c&rsquo;est aussi ce jeu d&rsquo;\u00e9quilibriste qui consiste \u00e0 changer la soci\u00e9t\u00e9 par le bas, mais aussi avec les institutions : <a href=\"http:\/\/www.projet-decroissance.net\/?p=1290\" target=\"_blank\">ville<\/a>, festival, <a href=\"http:\/\/www.projet-decroissance.net\/?p=1369\" target=\"_blank\">th\u00e9\u00e2tre nationale<\/a>, <a href=\"http:\/\/www.projet-decroissance.net\/?p=1239\" target=\"_blank\">Alliance Fran\u00e7aise<\/a>&#8230;<br \/>\n&#8211; En relation avec des partis, mouvements politique et autres associations locales impliqu\u00e9es dans la transition : notre d\u00e9marche s&rsquo;inscrit dans une logique de dialogue et de convergences : au <a href=\"http:\/\/cadtm.org\/3e-Universite-d-ete-du-CADTM\" target=\"_blank\">CADTM<\/a>, avec <a href=\"http:\/\/www.bizimugi.eu\/fr\/alternatiba\/\" target=\"_blank\">Bizi<\/a>, l&rsquo;initiative pour le <a href=\"http:\/\/www.projet-decroissance.net\/?p=1283\" target=\"_blank\">Revenu de Base<\/a>, les indign\u00e9s, forum social, partis politiques (PG, les verts), mouvements (Utopia, Attac), etc.<br \/>\n&#8211; dans des \u00e9coles et des universit\u00e9s : que ce soit dans des master de sciences politiques, en lyc\u00e9e, en pr\u00e9pa HEC, des business schools ou encore des \u00e9coles doctorales et des conf\u00e9rences universitaires.<br \/>\n&#8211; enfin dans des librairies et bars ind\u00e9pendants ; en effet la D\u00e9croissance c&rsquo;est aussi la convivialit\u00e9, et il est important de soutenir ces lieux de rencontres et de proximit\u00e9.<\/p>\n<p><a href=\"http:\/\/nemnovekedes.net\/\" target=\"_blank\"><img loading=\"lazy\" decoding=\"async\" class=\"alignleft\" alt=\"jolet-degrowth-decroissance-nemnovekedes-liegey\" src=\"http:\/\/nemnovekedes.net\/wp-content\/uploads\/2013\/12\/jolet-degrowth-decroissance-nemnovekedes-liegey-194x300.jpg\" width=\"126\" height=\"194\" \/><\/a>Ainsi nous avons rencontr\u00e9 plus de 2000 personnes. Les d\u00e9bats furent riches et constructifs. Nous continuerons en 2014 et r\u00e9pondrons aux invitations et sollicitations que nous avons d\u00e9j\u00e0 re\u00e7ues et que nous ne manquerons pas de recevoir.<br \/>\n\u00ab\u00a0<em>Un Projet de D\u00e9croissance<\/em>\u00a0\u00bb\u00a0a suscit\u00e9 des d\u00e9bats constructifs dans les m\u00e9dias, dominants et alternatifs, et sur les r\u00e9seaux sociaux.<\/p>\n<p>Enfin, les \u00e9ditions \u00e9trang\u00e8res commencent \u00e0 arriver, avec le <a href=\"http:\/\/nemnovekedes.net\" target=\"_blank\">hongrois<\/a> et l&rsquo;espagnol qui sont sur le point d&rsquo;\u00eatre publi\u00e9s. Le livre est diffus\u00e9 aussi au <a href=\"http:\/\/www.ecosociete.org\/\" target=\"_blank\">Qu\u00e9bec chez Ecosoci\u00e9t\u00e9<\/a>. D&rsquo;autres traductions sont en cours en <a href=\"http:\/\/www.dnevnik.si\/objektiv\/vec-vsebin\/ni-casa-za-cakanje\" target=\"_blank\">slov\u00e8ne<\/a>, croate, portugais au Br\u00e9sil, bulgare en attendant <a href=\"http:\/\/www.projet-decroissance.net\/?cat=35\" target=\"_blank\">l&rsquo;anglais<\/a>, l&rsquo;allemand avec <a href=\"http:\/\/leipzig.degrowth.org\/\" target=\"_blank\">Leipzig 2014<\/a>, l&rsquo;italien, etc.<\/p>\n<p>Nous vous souhaitons de bonnes f\u00eates&#8230; en attendant que les d\u00e9bats reprennent en 2014 !<\/p>\n<p><strong>Vincent Liegey, St\u00e9phane Madelaine, Christophe Ondet, Anne-Isabelle Veillot<\/strong>.<br \/>\n<strong>Co-auteurs d&rsquo; \u00ab\u00a0<em>Un projet de d\u00e9croissance. Manifeste pour une dotation inconditionnelle d\u2019autonomie<\/em>\u00a0\u00bb , pr\u00e9face de Paul Ari\u00e8s. Les \u00e9ditions Utopia, 150 pages, 7 euros.<\/strong><\/p>\n<p><em><img loading=\"lazy\" decoding=\"async\" class=\"alignright\" alt=\"\" src=\"http:\/\/www.projet-decroissance.net\/wp-content\/uploads\/2012\/12\/manifeste-dia-couverture140.jpg\" width=\"108\" height=\"177\" \/>\u00ab\u00a0[&#8230;] La condition pour r\u00e9ussir cette transformation radicale de l\u2019\u00e9conomie est\u00a0<em>\u00ab\u00a0une forte adh\u00e9sion de tous et une participation \u00e0 cette volont\u00e9 de changement\u00a0\u00bb<\/em>.\u00a0Pour le moins\u2026\u00a0Mais il faut bien commencer un jour, et ce petit livre stimulant y contribue incontestablement.\u00a0\u00bb\u00a0<strong>Herv\u00e9 Kempf dans\u00a0<a href=\"http:\/\/www.lemonde.fr\/economie\/article\/2013\/03\/11\/la-decroissance-mode-d-emploi_1845977_3234.html?xtmc=liegey&amp;xtcr=1\" target=\"_blank\">Le Monde<\/a><em>.<\/em><\/strong><\/em><\/p>\n<p><em>\u00ab\u00a0<em>[&#8230;]\u00a0<\/em>Et le\u00a0<a href=\"http:\/\/www.projet-decroissance.net\/?p=954#more-954\">succ\u00e8s rencontr\u00e9 par l\u2019ouvrage<\/a>\u00a0peut laisser penser que\u00a0\u00abla transition est bel et bien en marche\u00bb.\u00a0\u00a0\u00bb\u00a0<\/em><em><strong>Emmanuel Daniel sur\u00a0<\/strong><\/em><em><strong><a href=\"http:\/\/www.slate.fr\/story\/74453\/decroissant\" target=\"_blank\">Slate.fr<\/a>.<\/strong><\/em><\/p>\n<p><strong>Nos derniers articles :<\/strong><\/p>\n<ul>\n<li><a href=\"http:\/\/www.projet-decroissance.net\/?p=1493\" rel=\"bookmark\">\u00ab\u00a0Contre la d\u00e9prime de l\u2019aust\u00e9rit\u00e9, l\u2019espoir de la d\u00e9croissance\u00a0\u00bb dans Les Zindign\u00e9(e)s!<\/a><\/li>\n<li><a href=\"http:\/\/www.projet-decroissance.net\/?p=1471\" rel=\"bookmark\">La D\u00e9croissance sans l\u2019aust\u00e8re, entretien avec Vincent Liegey par Val\u00e9rie de Saint-Do pour le journal HUM<\/a><\/li>\n<li><a href=\"http:\/\/www.projet-decroissance.net\/?p=1456\" rel=\"bookmark\">\u00ab\u00a0Transition et engagements politiques\u00a0\u00bb, notre contribution dans le dossier du mois de novembre de Silence!<\/a><\/li>\n<li><a href=\"http:\/\/www.projet-decroissance.net\/?p=1451\" rel=\"bookmark\">\u00ab\u00a0La D\u00e9croissance, malbouffer moins, s\u2019alimenter mieux\u00a0\u00bb dans Politis<\/a><\/li>\n<\/ul>\n<p><strong>Les essentiels :<\/strong><\/p>\n<ul>\n<li><a href=\"http:\/\/www.projet-decroissance.net\/?p=822\" target=\"_blank\">Un Projet de D\u00e9croissance dans Le Monde<\/a>\u00a0:\u00a0La d\u00e9croissance, mode d\u2019emploi<\/li>\n<li><a href=\"http:\/\/www.projet-decroissance.net\/?p=930\" target=\"_blank\">Un Projet de D\u00e9croissance sur France Culture<\/a>\u00a0: Terre \u00e0 Terre, avec Vincent Liegey par Ruth St\u00e9gassy<\/li>\n<li><a href=\"http:\/\/www.projet-decroissance.net\/?p=943\" target=\"_blank\">Un Projet de D\u00e9croissance dans Lib\u00e9ration<\/a>\u00a0: Vincent Liegey: \u00abOn ne peut plus cro\u00eetre dans un monde fini\u00bb<\/li>\n<li><a title=\"Lien permanent vers Un Projet de D\u00e9croissance sur Slate.fr : Pour en finir avec le Dieu Croissance\" href=\"http:\/\/www.projet-decroissance.net\/?p=1153\" rel=\"bookmark\">Un Projet de D\u00e9croissance sur Slate.fr : Pour en finir avec le Dieu Croissance<\/a><\/li>\n<li><a href=\"http:\/\/www.projet-decroissance.net\/?p=860\" target=\"_blank\">Un Projet de D\u00e9croissance dans BastaMag<\/a>\u00a0: \u00ab La libert\u00e9 de consommer est une illusion bien cher pay\u00e9e \u00bb<\/li>\n<li><a title=\"Lien permanent vers Rue89 : Un projet provocateur : \u00ab Faire payer le prix r\u00e9el de ce qu\u2019on consomme \u00bb\" href=\"http:\/\/www.projet-decroissance.net\/?p=692\" target=\"_blank\" rel=\"bookmark\">Rue89 : Un projet provocateur : \u00ab Faire payer le prix r\u00e9el de ce qu\u2019on consomme \u00bb<\/a><\/li>\n<li><a title=\"Lien permanent vers La transition est en marche ! \u2013 Sur Reporterre.net\" href=\"http:\/\/www.projet-decroissance.net\/?p=672\" target=\"_blank\" rel=\"bookmark\">La transition est en marche ! \u2013 Sur Reporterre.net<\/a><\/li>\n<\/ul>\n<p><em><a href=\"http:\/\/www.projet-decroissance.net\/wp-content\/uploads\/2013\/04\/Chat-projet-decroissance.jpeg\"><img loading=\"lazy\" decoding=\"async\" class=\"alignleft\" alt=\"Chat-projet-decroissance\" src=\"http:\/\/www.projet-decroissance.net\/wp-content\/uploads\/2013\/04\/Chat-projet-decroissance.jpeg\" width=\"277\" height=\"207\" \/><\/a><\/em><strong>Quelques questions soulev\u00e9es :<\/strong><\/p>\n<ul>\n<li>D\u00e9croissance et non violence : o\u00f9 sont les limites de la non-violence face \u00e0 une oligarchie toujours plus agressive ?<\/li>\n<li>Changer la soci\u00e9t\u00e9 sans prendre le pouvoir : si on prend le pouvoir, celui-ci risque de nous prendre\u2026 mais si on ne le prend pas ?<\/li>\n<li>D\u00e9croissance et propri\u00e9t\u00e9 priv\u00e9e : comment se r\u00e9-approprier le droit d\u2019usage sur le droit de propri\u00e9t\u00e9 ?<\/li>\n<li>D\u00e9croissance ou barbaries :\u00a0quelles r\u00e9ponses face aux barbaries d\u00e9j\u00e0 pr\u00e9sentes et aux catastrophes \u00e0 venir ?\u00a0Que faire face \u00e0 l\u2019urgence ?<\/li>\n<li>D\u00e9croissance et institutions : quelle place pour l\u2019\u00e9tat nation, l\u2019Union Europ\u00e9enne dans des soci\u00e9t\u00e9s de D\u00e9croissance ? Quels r\u00f4les dans la transition ?<\/li>\n<li>D\u00e9croissance dans les pays post-socialistes ?<\/li>\n<li>D\u00e9croissance et transition ?<\/li>\n<li>Etc.<\/li>\n<\/ul>\n","protected":false},"excerpt":{"rendered":"<p>Il y a 11 mois sortait en librairie \u00ab Un Projet de D\u00e9croissance \u00bb. Depuis son lancement au Shakirail \u00e0 Paris le 26 janvier 2013, nous avons particip\u00e9 \u00e0 une cinquantaine de rencontres publiques en France, en Suisse, en Belgique &hellip; <a href=\"http:\/\/www.projet-decroissance.net\/?p=1502\">Continuer la lecture <span class=\"meta-nav\">&rarr;<\/span><\/a><\/p>\n","protected":false},"author":3,"featured_media":0,"comment_status":"closed","ping_status":"open","sticky":false,"template":"","format":"standard","meta":{"footnotes":""},"categories":[1],"tags":[],"class_list":["post-1502","post","type-post","status-publish","format-standard","hentry","category-actualites"],"_links":{"self":[{"href":"http:\/\/www.projet-decroissance.net\/index.php?rest_route=\/wp\/v2\/posts\/1502","targetHints":{"allow":["GET"]}}],"collection":[{"href":"http:\/\/www.projet-decroissance.net\/index.php?rest_route=\/wp\/v2\/posts"}],"about":[{"href":"http:\/\/www.projet-decroissance.net\/index.php?rest_route=\/wp\/v2\/types\/post"}],"author":[{"embeddable":true,"href":"http:\/\/www.projet-decroissance.net\/index.php?rest_route=\/wp\/v2\/users\/3"}],"replies":[{"embeddable":true,"href":"http:\/\/www.projet-decroissance.net\/index.php?rest_route=%2Fwp%2Fv2%2Fcomments&post=1502"}],"version-history":[{"count":10,"href":"http:\/\/www.projet-decroissance.net\/index.php?rest_route=\/wp\/v2\/posts\/1502\/revisions"}],"predecessor-version":[{"id":1533,"href":"http:\/\/www.projet-decroissance.net\/index.php?rest_route=\/wp\/v2\/posts\/1502\/revisions\/1533"}],"wp:attachment":[{"href":"http:\/\/www.projet-decroissance.net\/index.php?rest_route=%2Fwp%2Fv2%2Fmedia&parent=1502"}],"wp:term":[{"taxonomy":"category","embeddable":true,"href":"http:\/\/www.projet-decroissance.net\/index.php?rest_route=%2Fwp%2Fv2%2Fcategories&post=1502"},{"taxonomy":"post_tag","embeddable":true,"href":"http:\/\/www.projet-decroissance.net\/index.php?rest_route=%2Fwp%2Fv2%2Ftags&post=1502"}],"curies":[{"name":"wp","href":"https:\/\/api.w.org\/{rel}","templated":true}]}}