{"id":1511,"date":"2013-12-11T09:20:28","date_gmt":"2013-12-11T09:20:28","guid":{"rendered":"http:\/\/www.projet-decroissance.net\/?p=1511"},"modified":"2014-05-20T10:21:09","modified_gmt":"2014-05-20T10:21:09","slug":"decroissance-et-egalite-des-sexes-interview-de-vincent-liegey-par-sarah-alzieu","status":"publish","type":"post","link":"http:\/\/www.projet-decroissance.net\/?p=1511","title":{"rendered":"D\u00e9croissance et \u00e9galit\u00e9 des sexes ? Interview de Vincent Liegey par Sarah Nemno"},"content":{"rendered":"<p><span style=\"font-family: arial, helvetica, sans-serif;\"><a href=\"http:\/\/www.projet-decroissance.net\/wp-content\/uploads\/2013\/12\/egalite.jpeg\"><img loading=\"lazy\" decoding=\"async\" class=\" wp-image-1517 alignleft\" alt=\"egalite\" src=\"http:\/\/www.projet-decroissance.net\/wp-content\/uploads\/2013\/12\/egalite.jpeg\" width=\"250\" height=\"221\" srcset=\"http:\/\/www.projet-decroissance.net\/wp-content\/uploads\/2013\/12\/egalite.jpeg 992w, http:\/\/www.projet-decroissance.net\/wp-content\/uploads\/2013\/12\/egalite-300x264.jpeg 300w\" sizes=\"auto, (max-width: 250px) 100vw, 250px\" \/><\/a>Vincent Liegey, ing\u00e9nieur de formation et doctorant en sciences \u00e9conomiques est membre du Parti Pour La D\u00e9croissance. Il est le co-auteur de l&rsquo;ouvrage\u00a0<em><a href=\"..\/?p=954\" target=\"_blank\">Un Projet de D\u00e9croissance, Manifeste pour une dotation inconditionnelle d&rsquo;autonomie<\/a><\/em>\u00a0et\u00a0r\u00e9pond aux questions de Sarah Nemno\u00a0sur sa perception des questions de genre.<\/span><\/p>\n<p><span style=\"color: #000000;\"><strong><span style=\"font-family: arial, helvetica, sans-serif;\"> Sarah Nemno\u00a0: Te sens-tu une responsabilit\u00e9 particuli\u00e8re vis-\u00e0-vis de la promotion de sujets tels que la r\u00e9duction des in\u00e9galit\u00e9s hommes\/femmes ?<\/span><\/strong><\/span><\/p>\n<p><span style=\"font-family: arial,helvetica,sans-serif;\">Vincent Liegey : Je suis objecteur de croissance et comme nous le disons souvent, la premi\u00e8re des d\u00e9croissances doit \u00eatre celle des in\u00e9galit\u00e9s. D\u00e8s lors, je me sens responsable vis-\u00e0-vis de la lutte contre toute forme d&rsquo;injustice et d&rsquo;in\u00e9galit\u00e9s, ce qui implique naturellement de se positionner sur le sujet de la lutte pour l&rsquo;\u00e9galit\u00e9 des sexes\u2026 Dans une soci\u00e9t\u00e9 de l&rsquo;argent roi, c&rsquo;est primordial : on peut citer, \u00e0 titre symbolique fort, les in\u00e9galit\u00e9s salariales entre hommes et femmes.<\/span><\/p>\n<p><strong>S. N. : Ce que tu pr\u00f4nes, cette d\u00e9croissance des in\u00e9galit\u00e9s, doit-elle n\u00e9cessairement passer par la d\u00e9construction des st\u00e9r\u00e9otypes de genre ?<\/strong><br \/>\n<!--more--><br \/>\nV.L. : La D\u00e9croissance passe, dans un prisme plus global, par une d\u00e9colonisation de nos imaginaires, en particulier occidentaux, d\u00e9veloppementistes, \u00e9conomicistes, utilitaristes&#8230; mais aussi, bien s\u00fbr, machistes et patriarcaux !<\/p>\n<p>Il nous appara\u00eet comme primordial de prendre du recul avec toutes formes de conditionnements dans lesquels nous sommes enferm\u00e9s en tant qu&rsquo;individus, que ce soit \u00e0 travers l&rsquo;\u00e9ducation, les traditions ou la culture&#8230; Mais aussi les m\u00e9dias ou la publicit\u00e9, v\u00e9ritables acteurs de la marchandisation du monde, qui n&rsquo;h\u00e9sitent aucunement \u00e0 instrumentaliser le sexisme pour faire tourner la megamachine. Dans la mesure o\u00f9 les st\u00e9r\u00e9otypes genr\u00e9s font partie de ces conditionnements, nous devons absolument oeuvrer \u00e0 les d\u00e9construire pour nous lib\u00e9rer ! C&rsquo;est-\u00e0-dire prendre conscience de qui nous sommes, dans la complexit\u00e9 de nos identit\u00e9s, ce qui est indispensable pour mieux les appr\u00e9hender et choisir le sens que nous souhaitons donner \u00e0 nos vies.<\/p>\n<p><span style=\"font-family: arial,helvetica,sans-serif;\">Ca doit se faire loin des pr\u00e9conceptions impos\u00e9es par la soci\u00e9t\u00e9&#8230; Il ne s&rsquo;agit pas d&rsquo;adapter les un-e-s ou les autres \u00e0 la soci\u00e9t\u00e9 de croissance, encore moins \u00e0 ses formes patriarcales, diff\u00e9rentialistes et clivantes, mais au contraire de la transformer, en mettant en avant la non-violence et que chacun-e puisse s&rsquo;y \u00e9panouir dans le respect des un-e-s et des autres.<\/span><br \/>\n<!--more--><br \/>\n<strong><span style=\"font-family: arial,helvetica,sans-serif;\">S. N. : Concr\u00e8tement, y a-t-il des outils ou des process mis en place au sein du\u00a0mouvement de la D\u00e9croissance\u00a0pour aboutir \u00e0 cette \u00e9galit\u00e9 ?<\/span><\/strong><\/p>\n<p>V. L. : Nous avons la chance d&rsquo;\u00eatre dans un mouvement, en particulier une petite structure (le PPLD), o\u00f9 la plupart des membres ont d\u00e9j\u00e0 fait une bonne partie du chemin.\u00a0Ainsi, cette \u00e9galit\u00e9 se met en place de mani\u00e8re assez naturelle. Nous avons tout de m\u00eame r\u00e9fl\u00e9chi \u00e0 la mise en place d&rsquo;un syst\u00e8me de parit\u00e9, notamment pour les porte-parole, lors de nos travaux sur les statuts et la charte de fonctionnement de l&rsquo;Association d&rsquo;Objecteur de Croissance.<\/p>\n<p>Mais l&rsquo;outil principal participant \u00e0 ce type d&rsquo;\u00e9galit\u00e9, c&rsquo;est la communication non-violente : \u00e9coute, tour de table, gestion des conflits par le dialogue, respect des d\u00e9saccords, prise de d\u00e9cision au consensus, transparence, etc. C&rsquo;est l&rsquo;outil le plus juste pour d\u00e9passer et d\u00e9construire sans brusquer les in\u00e9galit\u00e9s de genre, et de mani\u00e8re g\u00e9n\u00e9rale toutes forme d&rsquo;in\u00e9galit\u00e9s en soci\u00e9t\u00e9 !<\/p>\n<p><strong><span style=\"font-family: arial, helvetica, sans-serif;\">S. N. : \u00c0 propos de la parit\u00e9 que tu \u00e9voques, qu&rsquo;une femme participe \u00e0 l&rsquo;\u00e9criture du livre, c&rsquo;\u00e9tait voulu ?<\/span><\/strong><\/p>\n<p>V. L. : Pour \u00eatre honn\u00eate, je ne me suis jamais pos\u00e9 la question. Je dirais plut\u00f4t que j&rsquo;\u00e9cris, collabore avec des personnes qui partagent la m\u00eame conception que moi de la non-violence, du respect des diversit\u00e9s et des sensibilit\u00e9s. Cela va au del\u00e0 de la question des in\u00e9galit\u00e9s des sexes, tout en les prenant en compte. Mais oui, le fait que notre collectif soit mixte, ouvert et r\u00e9ceptif \u00e0 toutes et tous, et tout particuli\u00e8rement aux plus exploit\u00e9-e-s et aux victimes du syst\u00e8me, c&rsquo;est essentiel pour la coh\u00e9rence de nos r\u00e9flexions ! Et \u00e7a l&rsquo;est d&rsquo;autant plus dans le d\u00e9sir qui nous anime de construire une transition d\u00e9mocratique, sereine et conviviale\u00a0vers de nouveaux mod\u00e8les de soci\u00e9t\u00e9 socialement justes et \u00e9cologiquement soutenables.<\/p>\n<p><strong><span style=\"font-family: arial,helvetica,sans-serif;\">S. N. : Penses-tu que l&rsquo;ensemble de la sc\u00e8ne politique s&rsquo;est suffisamment empar\u00e9e de ces probl\u00e9matiques de d\u00e9construction des st\u00e9r\u00e9otypes de genre et d&rsquo;\u00e9galit\u00e9 des sexes ?<\/span><span style=\"font-family: arial,helvetica,sans-serif;\">\u00a0<\/span><\/strong><\/p>\n<p><span style=\"font-family: arial,helvetica,sans-serif;\">V. L. : Bien s\u00fbr que non. La parit\u00e9 souvent mise en avant est certes n\u00e9cessaire, m\u00eame si elle pose des probl\u00e8mes. Le comportement de certaines femmes de pouvoir n&rsquo;a par exemple rien \u00e0 envier en terme de violence, d&rsquo;autoritarisme et aussi de malhonn\u00eatet\u00e9 ou de suffisance \u00e0 leurs coll\u00e8gues, tous plus machos les uns que les autres ! Cette parit\u00e9 se contente d&rsquo;une \u00e9galit\u00e9 de fa\u00e7ade, int\u00e9grant les femmes \u00e0 un syst\u00e8me reposant sur des bases patriarcales et sexiste, lorsqu&rsquo;il s&rsquo;agirait d&rsquo;op\u00e9rer des changement de fond sur le syst\u00e8me pour l&rsquo;ouvrir \u00e0 tous et \u00e0 toutes. Il faut agir en amont et pr\u00f4ner une d\u00e9construction de ce qui pose probl\u00e8me \u00e0 la base,\u00a0et ainsi prendre en compte\u00a0celles et ceux\u00a0que la soci\u00e9t\u00e9 souhaite invisibiliser.<\/span><\/p>\n<p><strong><span style=\"font-family: arial,helvetica,sans-serif;\">S. N. : L&rsquo;actuel gouvernement est en train de mettre en place un programme exp\u00e9rimental de d\u00e9construction des st\u00e9r\u00e9otypes de genre : c&rsquo;est suffisant d&rsquo;apr\u00e8s toi?<\/span><\/strong><\/p>\n<p><span style=\"font-family: arial, helvetica, sans-serif;\">V. L. : Ce programme va dans la bonne direction mais il est loin, bien loin d&rsquo;\u00eatre suffisant. L&rsquo;enjeu est vraiment de nous d\u00e9sali\u00e9ner de cette soci\u00e9t\u00e9 de consommation, de comp\u00e9tition et de domination.Ca doit d&rsquo;abord passer par la suppression du pire outil de colonisation de nos imaginaires : la publicit\u00e9. Elle n&rsquo;est pas la derni\u00e8re \u00e0 v\u00e9hiculer,\u00a0renforcer,\u00a0<wbr \/>exploiter et jouer des st\u00e9r\u00e9otypes de genre&#8230;<\/span><\/p>\n<p><span style=\"font-family: arial, helvetica, sans-serif;\">En second lieu cela passe par une mesure \u00e9galitaire que nous nommons\u00a0<a href=\"..\/?p=700\" target=\"_blank\">Dotation Inconditionnelle d&rsquo;Autonomie<\/a>. C&rsquo;est un outil qui doit permettre \u00e0 toutes et \u00e0 tous de se r\u00e9approprier le sens que nous souhaitons donner \u00e0 nos vies. Sans cibler les femmes sp\u00e9cifiquement, cette mesure y contribue et peut aider \u00e0 se d\u00e9sali\u00e9ner des violences symboliques, mais aussi syst\u00e9miques que nos soci\u00e9t\u00e9s v\u00e9hiculent. La D\u00e9croissance est une pens\u00e9e qui se nourrit d&rsquo;alt\u00e9rit\u00e9 et de diversit\u00e9 pour aboutir au mieux-\u00eatre de tous et de toutes :\u00a0il est donc essentiel que toutes les\u00a0sensibilit\u00e9s, sans tenir compte des cat\u00e9gories de genre, d&rsquo;origine ou d&rsquo;orientation sexuelle y trouvent leur place.<\/span><\/p>\n<p><strong>Vincent Liegey, St\u00e9phane Madelaine, Christophe Ondet, Anne-Isabelle Veillot<\/strong>.<br \/>\n<strong>Co-auteurs d\u2019 \u00ab\u00a0<em>Un projet de d\u00e9croissance. Manifeste pour une dotation inconditionnelle d\u2019autonomie<\/em>\u00ab\u00a0, pr\u00e9face de Paul Ari\u00e8s. Les \u00e9ditions Utopia, 150 pages, 7 euros.<\/strong><\/p>\n<p><em><img loading=\"lazy\" decoding=\"async\" class=\"alignleft\" alt=\"\" src=\"http:\/\/www.projet-decroissance.net\/wp-content\/uploads\/2012\/12\/manifeste-dia-couverture140.jpg\" width=\"108\" height=\"177\" \/>\u00ab\u00a0[&#8230;] La condition pour r\u00e9ussir cette transformation radicale de l\u2019\u00e9conomie est\u00a0<em>\u00ab\u00a0une forte adh\u00e9sion de tous et une participation \u00e0 cette volont\u00e9 de changement\u00a0\u00bb<\/em>.\u00a0Pour le moins\u2026\u00a0Mais il faut bien commencer un jour, et ce petit livre stimulant y contribue incontestablement.\u00a0\u00bb\u00a0<strong>Herv\u00e9 Kempf dans\u00a0<a href=\"http:\/\/www.lemonde.fr\/economie\/article\/2013\/03\/11\/la-decroissance-mode-d-emploi_1845977_3234.html?xtmc=liegey&amp;xtcr=1\" target=\"_blank\">Le Monde<\/a><em>.<\/em><\/strong><\/em><\/p>\n<p><em>\u00ab\u00a0<em>[&#8230;]\u00a0<\/em>Et le\u00a0<a href=\"http:\/\/www.projet-decroissance.net\/?p=954#more-954\">succ\u00e8s rencontr\u00e9 par l\u2019ouvrage<\/a>\u00a0peut laisser penser que\u00a0\u00abla transition est bel et bien en marche\u00bb.\u00a0\u00a0\u00bb\u00a0<\/em><em><strong>Emmanuel Daniel sur\u00a0<\/strong><\/em><em><strong><a href=\"http:\/\/www.slate.fr\/story\/74453\/decroissant\" target=\"_blank\">Slate.fr<\/a>.<\/strong><\/em><\/p>\n","protected":false},"excerpt":{"rendered":"<p>Vincent Liegey, ing\u00e9nieur de formation et doctorant en sciences \u00e9conomiques est membre du Parti Pour La D\u00e9croissance. Il est le co-auteur de l&rsquo;ouvrage\u00a0Un Projet de D\u00e9croissance, Manifeste pour une dotation inconditionnelle d&rsquo;autonomie\u00a0et\u00a0r\u00e9pond aux questions de Sarah Nemno\u00a0sur sa perception des &hellip; <a href=\"http:\/\/www.projet-decroissance.net\/?p=1511\">Continuer la lecture <span class=\"meta-nav\">&rarr;<\/span><\/a><\/p>\n","protected":false},"author":3,"featured_media":0,"comment_status":"closed","ping_status":"open","sticky":false,"template":"","format":"standard","meta":{"footnotes":""},"categories":[1,7],"tags":[],"class_list":["post-1511","post","type-post","status-publish","format-standard","hentry","category-actualites","category-dans-la-presse-et-sur-la-toile"],"_links":{"self":[{"href":"http:\/\/www.projet-decroissance.net\/index.php?rest_route=\/wp\/v2\/posts\/1511","targetHints":{"allow":["GET"]}}],"collection":[{"href":"http:\/\/www.projet-decroissance.net\/index.php?rest_route=\/wp\/v2\/posts"}],"about":[{"href":"http:\/\/www.projet-decroissance.net\/index.php?rest_route=\/wp\/v2\/types\/post"}],"author":[{"embeddable":true,"href":"http:\/\/www.projet-decroissance.net\/index.php?rest_route=\/wp\/v2\/users\/3"}],"replies":[{"embeddable":true,"href":"http:\/\/www.projet-decroissance.net\/index.php?rest_route=%2Fwp%2Fv2%2Fcomments&post=1511"}],"version-history":[{"count":13,"href":"http:\/\/www.projet-decroissance.net\/index.php?rest_route=\/wp\/v2\/posts\/1511\/revisions"}],"predecessor-version":[{"id":1793,"href":"http:\/\/www.projet-decroissance.net\/index.php?rest_route=\/wp\/v2\/posts\/1511\/revisions\/1793"}],"wp:attachment":[{"href":"http:\/\/www.projet-decroissance.net\/index.php?rest_route=%2Fwp%2Fv2%2Fmedia&parent=1511"}],"wp:term":[{"taxonomy":"category","embeddable":true,"href":"http:\/\/www.projet-decroissance.net\/index.php?rest_route=%2Fwp%2Fv2%2Fcategories&post=1511"},{"taxonomy":"post_tag","embeddable":true,"href":"http:\/\/www.projet-decroissance.net\/index.php?rest_route=%2Fwp%2Fv2%2Ftags&post=1511"}],"curies":[{"name":"wp","href":"https:\/\/api.w.org\/{rel}","templated":true}]}}