{"id":1525,"date":"2013-12-06T18:46:58","date_gmt":"2013-12-06T18:46:58","guid":{"rendered":"http:\/\/www.projet-decroissance.net\/?p=1525"},"modified":"2013-12-06T18:47:29","modified_gmt":"2013-12-06T18:47:29","slug":"projection-debat-mercredi-18-decembre-2013-a-paris-avec-attac","status":"publish","type":"post","link":"http:\/\/www.projet-decroissance.net\/?p=1525","title":{"rendered":"Projection-d\u00e9bat mercredi 18 d\u00e9cembre 2013 \u00e0 Paris avec Attac"},"content":{"rendered":"<p><img loading=\"lazy\" decoding=\"async\" class=\"aligncenter\" alt=\"\" src=\"http:\/\/www.projet-decroissance.net\/wp-content\/uploads\/2013\/12\/attac-13.jpg\" width=\"563\" height=\"185\" \/><\/p>\n<p style=\"text-align: center;\">Invitation \u00e0 la projection du film<br \/>\nSimplicit\u00e9 volontaire et D\u00e9croissance<br \/>\nde Jean-Claude Decourt<\/p>\n<p>Suivi d\u2019un d\u00e9bat anim\u00e9 par <strong>St\u00e9phane Madelaine et Christophe Ondet<\/strong>, Objecteurs de Croissance et coauteurs de \u00ab\u00a0<em>Un projet de D\u00e9croissance, Manifeste pour une Dotation Inconditionnelle d\u2019Autonomie<\/em>\u00a0\u00bb<\/p>\n<p style=\"text-align: center;\"><strong>Mercredi 18 d\u00e9cembre 2013, \u00e0 19h30<\/strong><br \/>\n<span style=\"color: #ff6600;\">\u00c0 la Maison des associations, 11 rue Caillaux, 75013<\/span><br \/>\n<span style=\"color: #ff6600;\">M\u00e9tro : L7 : Maison Blanche, Tram T3 : Porte d\u2019Italie, Bus : 47 &amp; 62. Entr\u00e9e libre.<\/span><\/p>\n<p><strong>Voulons-nous contribuer \u00e0 plus de liens, moins de biens ?<\/strong><\/p>\n<p>Simplicit\u00e9 volontaire, sobri\u00e9t\u00e9 heureuse, socialisme gourmand, buen vivir, a-croissance, d\u00e9croissance, \u2026 tout autant de termes qui d\u00e9noncent le culte d\u2019une croissance infinie qui creuse les in\u00e9galit\u00e9s, d\u00e9t\u00e9riore les conditions de travail et de vie, \u00e9puise les ressources.<br \/>\nC\u2019est \u00e0 un d\u00e9bat ouvert sur la question de la justice \u00e9cologique, la centralit\u00e9 du travail, la gratuit\u00e9 des bons usages, les biens communs, le revenu universel,\u2026 auquel Attac Paris 13 vous invite ce soir en interrogeant l\u2019individuel, l\u2019institutionnel et le politique.<\/p>\n<p><!--more--><\/p>\n<p><em><img loading=\"lazy\" decoding=\"async\" class=\"aligncenter\" alt=\"\" src=\"http:\/\/www.projet-decroissance.net\/wp-content\/uploads\/2012\/12\/manifeste-dia-couverture140.jpg\" width=\"108\" height=\"177\" \/><\/em><\/p>\n<p><strong>Vincent Liegey, St\u00e9phane Madelaine, Christophe Ondet, Anne-Isabelle Veillot<\/strong>.<br \/>\n<strong><em>Un projet de d\u00e9croissance. Manifeste pour une dotation inconditionnel<\/em><\/strong><strong><em>le d\u2019autonomie<\/em>, pr\u00e9face de Paul Ari\u00e8s. Les \u00e9ditions Utopia, 150 pages, 7 euros.<\/strong><\/p>\n<p><em>\u00ab\u00a0[&#8230;] La condition pour r\u00e9ussir cette transformation radicale de l\u2019\u00e9conomie est\u00a0<em>\u00ab\u00a0une forte adh\u00e9sion de tous et une participation \u00e0 cette volont\u00e9 de changement\u00a0\u00bb<\/em>.\u00a0Pour le moins\u2026\u00a0Mais il faut bien commencer un jour, et ce petit livre stimulant y contribue incontestablement.\u00a0\u00bb\u00a0<strong>Herv\u00e9 Kempf dans\u00a0<a href=\"http:\/\/www.lemonde.fr\/economie\/article\/2013\/03\/11\/la-decroissance-mode-d-emploi_1845977_3234.html?xtmc=liegey&amp;xtcr=1\" target=\"_blank\">Le Monde<\/a><em>.<\/em><\/strong><\/em><\/p>\n<p><strong>A lire et \u00e9couter :<\/strong><\/p>\n<ul>\n<li><a href=\"http:\/\/www.projet-decroissance.net\/?p=822\" target=\"_blank\">Un Projet de D\u00e9croissance dans Le Monde<\/a>\u00a0:\u00a0La d\u00e9croissance, mode d\u2019emploi<\/li>\n<li><a href=\"http:\/\/www.projet-decroissance.net\/?p=930\" target=\"_blank\">Un Projet de D\u00e9croissance sur France Culture<\/a>\u00a0: Terre \u00e0 Terre, avec Vincent Liegey par Ruth St\u00e9gassy<\/li>\n<li><a href=\"http:\/\/www.projet-decroissance.net\/?p=943\" target=\"_blank\">Un Projet de D\u00e9croissance dans Lib\u00e9ration<\/a>\u00a0: Vincent Liegey: \u00abOn ne peut plus cro\u00eetre dans un monde fini\u00bb<\/li>\n<li><a title=\"\u00ab Un projet de d\u00e9croissance \u00bb sur Radio France Internationale (RFI), interview de Vincent Liegey par Christine Siebert\" href=\"http:\/\/www.projet-decroissance.net\/?p=1081\">\u00ab Un projet de d\u00e9croissance \u00bb sur Radio France Internationale (RFI), interview de Vincent Liegey par Christine Siebert<\/a><\/li>\n<li><a title=\"Lien permanent vers Radio : Un Projet de D\u00e9croissance \u00e0 l\u2019appel de l\u2019Escargot \u2013 Interview de Vincent Liegey sur Radio Campus Lille avec les OC Lille\" href=\"http:\/\/www.projet-decroissance.net\/?p=1152\" rel=\"bookmark\">Un Projet de D\u00e9croissance \u00e0 l\u2019appel de l\u2019Escargot \u2013 Interview de Vincent Liegey sur Radio Campus Lille avec les OC Lille<\/a><\/li>\n<li><a title=\"Lien permanent vers Un Projet de D\u00e9croissance sur Slate.fr : Pour en finir avec le Dieu Croissance\" href=\"http:\/\/www.projet-decroissance.net\/?p=1153\" rel=\"bookmark\">Un Projet de D\u00e9croissance sur Slate.fr : Pour en finir avec le Dieu Croissance<\/a><\/li>\n<li><a href=\"http:\/\/www.projet-decroissance.net\/?p=860\" target=\"_blank\">Un Projet de D\u00e9croissance dans BastaMag<\/a>\u00a0: \u00ab La libert\u00e9 de consommer est une illusion bien cher pay\u00e9e \u00bb<\/li>\n<li><a href=\"http:\/\/www.projet-decroissance.net\/?p=810\" target=\"_blank\">Un projet de D\u00e9croissance sur France Culture Plus<\/a>\u00a0:\u00a0Etat des lieux du mouvement d\u00e9croissant en Europe<\/li>\n<li><a title=\"Lien permanent vers Rue89 : Un projet provocateur : \u00ab Faire payer le prix r\u00e9el de ce qu\u2019on consomme \u00bb\" href=\"http:\/\/www.projet-decroissance.net\/?p=692\" target=\"_blank\" rel=\"bookmark\">Rue89 : Un projet provocateur : \u00ab Faire payer le prix r\u00e9el de ce qu\u2019on consomme \u00bb<\/a><\/li>\n<li><a title=\"Lien permanent vers La transition est en marche ! \u2013 Sur Reporterre.net\" href=\"http:\/\/www.projet-decroissance.net\/?p=672\" target=\"_blank\" rel=\"bookmark\">La transition est en marche ! \u2013 Sur Reporterre.net<\/a><\/li>\n<li><a title=\"Lien permanent vers Qu\u2019est-ce que la dotation inconditionnelle d\u2019autonomie ?\" href=\"http:\/\/www.projet-decroissance.net\/?p=700\" target=\"_blank\" rel=\"bookmark\">Qu\u2019est-ce que la dotation inconditionnelle d\u2019autonomie ?<\/a>\u00a0&#8211; Une minute, une question.<\/li>\n<\/ul>\n","protected":false},"excerpt":{"rendered":"<p>Invitation \u00e0 la projection du film Simplicit\u00e9 volontaire et D\u00e9croissance de Jean-Claude Decourt Suivi d\u2019un d\u00e9bat anim\u00e9 par St\u00e9phane Madelaine et Christophe Ondet, Objecteurs de Croissance et coauteurs de \u00ab\u00a0Un projet de D\u00e9croissance, Manifeste pour une Dotation Inconditionnelle d\u2019Autonomie\u00a0\u00bb Mercredi &hellip; <a href=\"http:\/\/www.projet-decroissance.net\/?p=1525\">Continuer la lecture <span class=\"meta-nav\">&rarr;<\/span><\/a><\/p>\n","protected":false},"author":2,"featured_media":0,"comment_status":"closed","ping_status":"open","sticky":false,"template":"","format":"standard","meta":{"footnotes":""},"categories":[1],"tags":[],"class_list":["post-1525","post","type-post","status-publish","format-standard","hentry","category-actualites"],"_links":{"self":[{"href":"http:\/\/www.projet-decroissance.net\/index.php?rest_route=\/wp\/v2\/posts\/1525","targetHints":{"allow":["GET"]}}],"collection":[{"href":"http:\/\/www.projet-decroissance.net\/index.php?rest_route=\/wp\/v2\/posts"}],"about":[{"href":"http:\/\/www.projet-decroissance.net\/index.php?rest_route=\/wp\/v2\/types\/post"}],"author":[{"embeddable":true,"href":"http:\/\/www.projet-decroissance.net\/index.php?rest_route=\/wp\/v2\/users\/2"}],"replies":[{"embeddable":true,"href":"http:\/\/www.projet-decroissance.net\/index.php?rest_route=%2Fwp%2Fv2%2Fcomments&post=1525"}],"version-history":[{"count":4,"href":"http:\/\/www.projet-decroissance.net\/index.php?rest_route=\/wp\/v2\/posts\/1525\/revisions"}],"predecessor-version":[{"id":1531,"href":"http:\/\/www.projet-decroissance.net\/index.php?rest_route=\/wp\/v2\/posts\/1525\/revisions\/1531"}],"wp:attachment":[{"href":"http:\/\/www.projet-decroissance.net\/index.php?rest_route=%2Fwp%2Fv2%2Fmedia&parent=1525"}],"wp:term":[{"taxonomy":"category","embeddable":true,"href":"http:\/\/www.projet-decroissance.net\/index.php?rest_route=%2Fwp%2Fv2%2Fcategories&post=1525"},{"taxonomy":"post_tag","embeddable":true,"href":"http:\/\/www.projet-decroissance.net\/index.php?rest_route=%2Fwp%2Fv2%2Ftags&post=1525"}],"curies":[{"name":"wp","href":"https:\/\/api.w.org\/{rel}","templated":true}]}}