{"id":1532,"date":"2013-12-11T09:14:30","date_gmt":"2013-12-11T09:14:30","guid":{"rendered":"http:\/\/www.projet-decroissance.net\/?p=1532"},"modified":"2013-12-13T08:08:30","modified_gmt":"2013-12-13T08:08:30","slug":"lancement-de-la-version-hongroise-d-un-projet-de-decroissance-le-jeudi-19-decembre-a-18h30-a-cyclonomia","status":"publish","type":"post","link":"http:\/\/www.projet-decroissance.net\/?p=1532","title":{"rendered":"Lancement de la version hongroise d&rsquo; \u00ab\u00a0Un Projet de D\u00e9croissance\u00a0\u00bb le jeudi 19 d\u00e9cembre \u00e0 18h30 \u00e0 Cyclonomia"},"content":{"rendered":"<p><a href=\"http:\/\/nemnovekedes.net\/\" target=\"_blank\"><img loading=\"lazy\" decoding=\"async\" class=\"alignleft\" alt=\"jolet-degrowth-decroissance-nemnovekedes-liegey\" src=\"http:\/\/nemnovekedes.net\/wp-content\/uploads\/2013\/12\/jolet-degrowth-decroissance-nemnovekedes-liegey-194x300.jpg\" width=\"126\" height=\"194\" \/><\/a>Nous vous invitons toutes et tous \u00e0 la pr\u00e9sentation de la version hongroise d&rsquo; \u00ab\u00a0<a href=\"http:\/\/www.projet-decroissance.net\/\" target=\"_blank\">Un Projet de D\u00e9croissance<\/a>\u00a0\u00bb le jeudi 19 d\u00e9cembre \u00e0 18h30 \u00e0 <a href=\"http:\/\/cyclonomia.org\/cyclonomia-en-francais\/\" target=\"_blank\">Cyclonomia<\/a>, atelier v\u00e9lo, incubateur du <a href=\"http:\/\/www.partipourladecroissance.net\/?p=8136\" target=\"_blank\">centre de recherche sur la D\u00e9croissance de Budapest<\/a> (Katona J\u00f3zsef utca 39.). Le livre sera pr\u00e9sent\u00e9 par Vincent Liegey, l&rsquo;un des 4 co-auteurs.<br \/>\nIl sera possible d&rsquo;acheter le livre pour 900 HUF.<br \/>\nUn pot sera offert apr\u00e8s la pr\u00e9sentation du livre.<\/p>\n<p>\u00ab\u00a0Un Projet de D\u00e9croissance\u00a0\u00bb est publi\u00e9 en suppl\u00e9ment du num\u00e9ro 100 de la revue historique Eszmelet, qui fait r\u00e9f\u00e9rence \u00e0 un po\u00e8me d&rsquo;Attila Jozsef et signifie en fran\u00e7ais conscience. Cette revue a \u00e9t\u00e9 cr\u00e9\u00e9e pendant l&rsquo;\u00e9t\u00e9 1956, quelques semaines avant le d\u00e9but de la r\u00e9volution. Elle a ensuite \u00e9t\u00e9 interdite, puis relanc\u00e9e dans les ann\u00e9es 90 apr\u00e8s la chute du mur.<\/p>\n<p><img loading=\"lazy\" decoding=\"async\" class=\"alignright\" alt=\"\" src=\"http:\/\/www.franceinter.fr\/sites\/default\/files\/imagecache\/scald_image_max_size\/2013\/03\/14\/586823\/images\/Hongrie%20photo.jpg\" width=\"383\" height=\"215\" \/>Nous esp\u00e9rons que le livre suscitera au moins autant de d\u00e9bats qu&rsquo;en France, qui plus est dans un contexte culturel, politique et social particulier. Les discussions devraient ainsi enrichir la pens\u00e9e de la D\u00e9croissance et ses r\u00e9flexions autour de la transition, de la relocalisation ouverte, de l&rsquo;autonomie et de la convivialit\u00e9. Notamment, il sera int\u00e9ressant de voir comment la critique du mod\u00e8le occidental, de l&rsquo;\u00e9conomie de march\u00e9, du techno-scientisme et du consum\u00e9risme sera accueillie dans une soci\u00e9t\u00e9 post-socialiste.<\/p>\n<p>Cette \u00e9dition sera suivie par d&rsquo;autres, en Espagne, au Quebec, au Br\u00e9sil puis en Slov\u00e9nie, Bulgarie et Croatie en attendant les versions anglaises, allemandes, italiennes ou finnoises.<br \/>\n<!--more--><br \/>\nEn attendant, rendez-vous \u00e0 <a href=\"http:\/\/www.projet-decroissance.net\/?p=1525\" target=\"_blank\">Paris le 18<\/a>, \u00e0 Budapest le 19 et&#8230; si <a href=\"http:\/\/www.projet-decroissance.net\/?p=1502\" rel=\"bookmark\">vous voulez toujours de la neige \u00e0 No\u00ebl ? Offrez \u00ab\u00a0Un Projet de D\u00e9croissance\u00a0\u00bb<\/a>&#8230;<\/p>\n<p><strong>Vincent Liegey, St\u00e9phane Madelaine, Christophe Ondet, Anne-Isabelle Veillot<\/strong>.<br \/>\n<strong>Co-auteurs d\u2019 \u00ab\u00a0<em>Un projet de d\u00e9croissance. Manifeste pour une dotation inconditionnelle d\u2019autonomie<\/em>\u00a0\u00bb , pr\u00e9face de Paul Ari\u00e8s. Les \u00e9ditions Utopia, 150 pages, 7 euros.<\/strong><\/p>\n<p><em><img loading=\"lazy\" decoding=\"async\" class=\"alignleft\" alt=\"\" src=\"http:\/\/www.projet-decroissance.net\/wp-content\/uploads\/2012\/12\/manifeste-dia-couverture140.jpg\" width=\"108\" height=\"177\" \/>\u00ab\u00a0[&#8230;] La condition pour r\u00e9ussir cette transformation radicale de l\u2019\u00e9conomie est\u00a0<em>\u00ab\u00a0une forte adh\u00e9sion de tous et une participation \u00e0 cette volont\u00e9 de changement\u00a0\u00bb<\/em>.\u00a0Pour le moins\u2026\u00a0Mais il faut bien commencer un jour, et ce petit livre stimulant y contribue incontestablement.\u00a0\u00bb\u00a0<strong>Herv\u00e9 Kempf dans\u00a0<a href=\"http:\/\/www.lemonde.fr\/economie\/article\/2013\/03\/11\/la-decroissance-mode-d-emploi_1845977_3234.html?xtmc=liegey&amp;xtcr=1\" target=\"_blank\">Le Monde<\/a><em>.<\/em><\/strong><\/em><\/p>\n<p><em>\u00ab\u00a0<em>[&#8230;]\u00a0<\/em>Et le\u00a0<a href=\"http:\/\/www.projet-decroissance.net\/?p=954#more-954\">succ\u00e8s rencontr\u00e9 par l\u2019ouvrage<\/a>\u00a0peut laisser penser que\u00a0\u00abla transition est bel et bien en marche\u00bb.\u00a0\u00a0\u00bb\u00a0<\/em><em><strong>Emmanuel Daniel sur\u00a0<\/strong><\/em><em><strong><a href=\"http:\/\/www.slate.fr\/story\/74453\/decroissant\" target=\"_blank\">Slate.fr<\/a>.<\/strong><\/em><\/p>\n","protected":false},"excerpt":{"rendered":"<p>Nous vous invitons toutes et tous \u00e0 la pr\u00e9sentation de la version hongroise d&rsquo; \u00ab\u00a0Un Projet de D\u00e9croissance\u00a0\u00bb le jeudi 19 d\u00e9cembre \u00e0 18h30 \u00e0 Cyclonomia, atelier v\u00e9lo, incubateur du centre de recherche sur la D\u00e9croissance de Budapest (Katona J\u00f3zsef &hellip; <a href=\"http:\/\/www.projet-decroissance.net\/?p=1532\">Continuer la lecture <span class=\"meta-nav\">&rarr;<\/span><\/a><\/p>\n","protected":false},"author":3,"featured_media":0,"comment_status":"closed","ping_status":"open","sticky":false,"template":"","format":"standard","meta":{"footnotes":""},"categories":[1,6],"tags":[],"class_list":["post-1532","post","type-post","status-publish","format-standard","hentry","category-actualites","category-agenda"],"_links":{"self":[{"href":"http:\/\/www.projet-decroissance.net\/index.php?rest_route=\/wp\/v2\/posts\/1532","targetHints":{"allow":["GET"]}}],"collection":[{"href":"http:\/\/www.projet-decroissance.net\/index.php?rest_route=\/wp\/v2\/posts"}],"about":[{"href":"http:\/\/www.projet-decroissance.net\/index.php?rest_route=\/wp\/v2\/types\/post"}],"author":[{"embeddable":true,"href":"http:\/\/www.projet-decroissance.net\/index.php?rest_route=\/wp\/v2\/users\/3"}],"replies":[{"embeddable":true,"href":"http:\/\/www.projet-decroissance.net\/index.php?rest_route=%2Fwp%2Fv2%2Fcomments&post=1532"}],"version-history":[{"count":5,"href":"http:\/\/www.projet-decroissance.net\/index.php?rest_route=\/wp\/v2\/posts\/1532\/revisions"}],"predecessor-version":[{"id":1546,"href":"http:\/\/www.projet-decroissance.net\/index.php?rest_route=\/wp\/v2\/posts\/1532\/revisions\/1546"}],"wp:attachment":[{"href":"http:\/\/www.projet-decroissance.net\/index.php?rest_route=%2Fwp%2Fv2%2Fmedia&parent=1532"}],"wp:term":[{"taxonomy":"category","embeddable":true,"href":"http:\/\/www.projet-decroissance.net\/index.php?rest_route=%2Fwp%2Fv2%2Fcategories&post=1532"},{"taxonomy":"post_tag","embeddable":true,"href":"http:\/\/www.projet-decroissance.net\/index.php?rest_route=%2Fwp%2Fv2%2Ftags&post=1532"}],"curies":[{"name":"wp","href":"https:\/\/api.w.org\/{rel}","templated":true}]}}