{"id":1555,"date":"2013-12-27T09:29:55","date_gmt":"2013-12-27T09:29:55","guid":{"rendered":"http:\/\/www.projet-decroissance.net\/?p=1555"},"modified":"2013-12-27T09:31:03","modified_gmt":"2013-12-27T09:31:03","slug":"green-european-journal-un-projet-de-decroissance-pour-repondre-a-la-crise","status":"publish","type":"post","link":"http:\/\/www.projet-decroissance.net\/?p=1555","title":{"rendered":"Green European Journal : \u00ab\u00a0Un Projet de D\u00e9croissance pour r\u00e9pondre \u00e0 la crise\u00a0\u00bb"},"content":{"rendered":"<p><a href=\"http:\/\/www.greeneuropeanjournal.eu\/degrowth-counter-crisis\/\" target=\"_blank\"><img loading=\"lazy\" decoding=\"async\" class=\"size-full wp-image-1556 alignleft\" alt=\"GEJ_LOGO\" src=\"http:\/\/www.projet-decroissance.net\/wp-content\/uploads\/2013\/12\/GEJ_LOGO.jpg\" width=\"280\" height=\"280\" srcset=\"http:\/\/www.projet-decroissance.net\/wp-content\/uploads\/2013\/12\/GEJ_LOGO.jpg 280w, http:\/\/www.projet-decroissance.net\/wp-content\/uploads\/2013\/12\/GEJ_LOGO-150x150.jpg 150w\" sizes=\"auto, (max-width: 280px) 100vw, 280px\" \/><\/a>Face \u00e0 une convergence de crises interconnect\u00e9es, que l\u2019on peut qualifi\u00e9 de crise anthropolique, la D\u00e9croissance, \u00e0 travers son \u201cmot obus\u201d mais surtout \u00e0 travers ses r\u00e9flexions et exp\u00e9riementations, cherche \u00e0 initier une transition d\u00e9mocratique et sereine vers de nouveaux mod\u00e8les de soci\u00e9t\u00e9s soutenables et souhaitables.<\/p>\n<p>C\u2019est ce que nous avons essayons de penser dans notre ouvrage collectif \u00ab Un projet de d\u00e9croissance, manifeste pour une dotation inconditionnelle d\u2019autonomie \u00bb. Ainsi, en nous appuyant sur nos r\u00e9flexions, d\u00e9bats, exp\u00e9riences et propositions nous soutenons l\u2019instauration d\u2019un revenu inconditionnel, mais sous conditions et d\u00e9mon\u00e9taris\u00e9, vers\u00e9 majoritairement en droit de tirage sur des ressources, droits d\u2019acc\u00e8s sur des services et en monnaie locale plut\u00f4t qu\u2019en euros.<\/p>\n<p>PR\u00d4NER LA D\u00c9CROISSANCE ALORS QUE LE CH\u00d4MAGE EXPLOSE, N\u2019EST-CE PAS IND\u00c9CENT ?<\/p>\n<p>La croissance n\u2019assure pas le plein-emploi, c\u2019est un mythe : depuis quarante ans, le PIB a augment\u00e9 mais le ch\u00f4mage s\u2019est accru. Ce qui est irresponsable, c\u2019est d\u2019imposer des plans d\u2019aust\u00e9rit\u00e9 aux cons\u00e9quences humaines d\u00e9vastatrices et d\u2019esp\u00e9rer le retour de la croissance en fermant les yeux sur l\u2019effondrement \u00e9cologique. On ne peut pas cro\u00eetre infiniment dans un monde fini.<\/p>\n<p>LE TERME D\u00c9CROISSANCE FAIT PEUR\u2026<!--more--><\/p>\n<p>C\u2019est un mot provocateur pour ouvrir un d\u00e9bat de fond. Que produit-on ? Comment ? Pourquoi ? La croissance nous impose de produire toujours plus de choses inutiles en \u00e9puisant les ressources. Comment en sortir, inventer une soci\u00e9t\u00e9 valorisant les relations humaines, un autre rapport \u00e0 l\u2019outil, la production, la nature ? Ce qui se passe en Am\u00e9rique latine autour du \u00abbuen vivir\u00bb [\u00abbien vivre\u00bb, ndlr] nous int\u00e9resse. Ce n\u2019est surtout pas revenir \u00e0 la bougie. La premi\u00e8re des d\u00e9croissances doit \u00eatre celle des in\u00e9galit\u00e9s.<\/p>\n<p>CONCR\u00c8TEMENT, COMMENT FAIRE?<\/p>\n<p>D\u2019abord sortir de la religion de l\u2019\u00e9conomie. Se r\u00e9approprier la cr\u00e9ation mon\u00e9taire, ne pas rembourser la part de la dette ill\u00e9gitime, nationaliser tout ou partie du syst\u00e8me bancaire, interdire les paradis fiscaux, taxer les transactions financi\u00e8res. Et instaurer un revenu maximum acceptable (RMA), autour de quatre fois le revenu minimum, contre un rapport de 1 \u00e0 4 000 aujourd\u2019hui. Parall\u00e8lement, nous proposons une dotation inconditionnelle d\u2019autonomie (DIA) afin de garantir \u00e0 chacun, de la naissance \u00e0 la mort, une vie d\u00e9cente et frugale.<\/p>\n<p>QU\u2019EST-CE QUE LA DOTATION INCONDITIONNELLE D\u2019AUTONOMIE (DIA)?<\/p>\n<p>L\u2019id\u00e9e est n\u00e9e au sein du mouvement de la D\u00e9croissance autour de propositions comme le revenu inconditionnel d\u2019existence, l\u2019extension des sph\u00e8res de la gratuit\u00e9, le bon usage et le m\u00e9susage des ressources et les alternatives concr\u00e8tes qui \u00e9mergent un peu partout. Nous avons aussi men\u00e9 une r\u00e9flexion autour du revenu maximum acceptable, sur la crise de la dette, la reprise en main d\u00e9mocratique du syst\u00e8me mon\u00e9taire et la sortie de la religion de l\u2019\u00e9conomie.<br \/>\nEn mettant tout \u00e7a ensemble, dans une logique de transition et de relocalisation de l\u2019\u00e9conomie, nous en sommes arriv\u00e9s \u00e0 l\u2019id\u00e9e du revenu d\u2019existence d\u00e9mon\u00e9taris\u00e9 donn\u00e9 principalement en droit de tirage sur les ressources et en monnaies locales.<\/p>\n<p>DOTATION INCONDITIONNELLE D\u2019AUTONOMIE ET REVENU DE BASE INCONDITIONNEL?<\/p>\n<p>Nous sommes favorables \u00e0 un revenu inconditionnel d\u2019existence pour des raisons de justice sociale parce qu\u2019il permettrait de r\u00e9duire les souffrances toujours plus terribles li\u00e9es aux in\u00e9galit\u00e9s et aux plans d\u2019aust\u00e9rit\u00e9. Nous y sommes \u00e9galement favorables car c\u2019est un outil pour se d\u00e9sali\u00e9ner du travail, sortir de la centralit\u00e9 de la valeur travail et tendre vers une soci\u00e9t\u00e9 d\u2019activit\u00e9s choisies.<br \/>\nPar contre on est tr\u00e8s prudent, car si une telle mesure est mise en place sans avoir en parall\u00e8le une r\u00e9flexion sur le sens de nos productions, de nos consommations ou encore sur la place tr\u00e8s importante de la publicit\u00e9 dans nos soci\u00e9t\u00e9s, \u00e7a risque de d\u00e9boucher sur quelque chose d\u2019assez inqui\u00e9tant o\u00f9 on relance la consommation de choses pas vraiment utiles. Et puis le revenu d\u2019existence, dans la version de Milton Friedman, pourrait aussi d\u00e9boucher sur la destruction d\u2019un certain nombre de minimas sociaux ou le droit du travail.<br \/>\nNous sommes donc enti\u00e8rement favorables au revenu d\u2019existence, \u00e0 condition qu\u2019il s\u2019inscrive dans un projet de soci\u00e9t\u00e9, une r\u00e9flexion beaucoup plus large autour d\u2019une transition vers de nouveaux mod\u00e8les \u00e9conomiques, locaux, alternatifs, qui prennent en compte les questions environnementales et ce questionnement qui est au centre de nos r\u00e9flexions : qu\u2019est-ce qu\u2019on produit ? Comment ? Pour quel usage ?<\/p>\n<p>LE REVENU DE BASE SERAIT DONC UNE \u00c9TAPE VERS LA DIA?<\/p>\n<p>On a d\u00e9velopp\u00e9 3 sc\u00e9narios de mise en place de la DIA. Dans le premier, on s\u2019appuie sur la transition d\u00e9j\u00e0 en marche, cet ensemble d\u2019alternatives concr\u00e8tes que l\u2019on voit \u00e9merger \u00e0 travers le monde (monnaies locales, permaculture, ateliers locaux de recyclage, syst\u00e8mes d\u2019\u00e9changes locaux\u2026). On peut, petit \u00e0 petit, d\u00e9velopper une nouvelle mani\u00e8re de produire, d\u2019autres mod\u00e8les \u00e9conomiques et mettre en place la DIA. Mais cette \u00e9tape, bien que n\u00e9cessaire, n\u2019est pas suffisante car elle ne pose pas la question du pouvoir, des conflits d\u2019int\u00e9r\u00eat et des rapports de force.<br \/>\nAinsi, dans le deuxi\u00e8me sc\u00e9nario on imagine, tout en continuant \u00e0 s\u2019int\u00e9resser aux alternatives concr\u00e8tes, une r\u00e9duction importante du temps de travail afin de partager le travail et en finir avec le ch\u00f4mage. Le temps libre ainsi lib\u00e9r\u00e9 pourrait \u00eatre investi pour continuer dans cette logique de d\u00e9veloppement de mod\u00e8les \u00e9conomiques locaux, de r\u00e9appropriation des outils et des productions au niveau local.<br \/>\nEnfin, le troisi\u00e8me sc\u00e9nario s\u2019appuie en effet sur l\u2019instauration d\u2019un revenu inconditionnel d\u2019existence. Quelque chose d\u2019assez facile techniquement \u00e0 mettre en place mais qui demande un courage politique assez important. Cela passerait par une r\u00e9appropriation du syst\u00e8me \u00e9conomique par le politique, par la d\u00e9mocratie., en particulier une r\u00e9flexion sur l\u2019annulation totale ou partielle des dettes et une r\u00e9appropriation des banques centrales et de la cr\u00e9ation mon\u00e9taire. On mettrait en place ce revenu inconditionnel d\u2019existence coupl\u00e9 \u00e0 un revenu maximum acceptable, et petit \u00e0 petit on d\u00e9clinerait ce revenu donn\u00e9 en euro en droit de tirage sur les ressources et en monnaies locales alternatives.<\/p>\n<p>COMMENT G\u00c9RER LES DISPARIT\u00c9S ENTRE TERRITOIRES?<\/p>\n<p>Avec la DIA, on offre plus de droits aux gens qui les utilisent pour organiser des d\u00e9lib\u00e9rations citoyennes locales, un renforcement de la d\u00e9mocratie et une r\u00e9flexion sur ce que l\u2019on consomme. On s\u2019interroge sur le niveau de consommation soutenable, comment produire cette \u00e9nergie, comment l\u2019acheminer et \u00e0 partir de quel niveau de consommation on peut consid\u00e9rer qu\u2019on doit faire payer un prix plus \u00e9lev\u00e9.<br \/>\nTout \u00e7a se met en place dans une logique de transition, dans la dur\u00e9e, pas du jour au lendemain, de mani\u00e8re autoritaire. On commence \u00e0 donner une partie du gaz, de l\u2019eau, de l\u2019\u00e9lectricit\u00e9, gratuitement et de mani\u00e8re progressive, on augmente les prix (en pr\u00e9venant de la courbe des augmentations sur dix ans par exemple), ce qui laisse le temps \u00e0 chacun de s\u2019adapter. \u00c7a permet \u00e9galement de changer son mode de vie, d\u2019habitation et son rapport \u00e0 l\u2019autre.<br \/>\nC\u2019est donc \u00e0 la fois une protection pour les plus pauvres qui permet d\u2019acc\u00e9der rapidement \u00e0 l\u2019essentiel de mani\u00e8re gratuite et c\u2019est en m\u00eame temps un outil de transition qui nous fait r\u00e9fl\u00e9chir sur comment on produit et utilise les \u00e9nergies et comment on peut changer son mode de vie pour changer de mani\u00e8re importante sa consommation.<\/p>\n<p>CELA NE RISQUE-T-IL PAS D\u2019ACCRO\u00ceTRE LA CONCURRENCE ENTRE LES TERRITOIRES ?<\/p>\n<p>Il y a un risque, mais aujourd\u2019hui la comp\u00e9tition existe, notamment sur la question de l\u2019eau et elle est extr\u00eamement violente. Elle n\u2019est pas g\u00e9r\u00e9e de mani\u00e8re d\u00e9mocratique et encore moins dans une logique de prise en compte des enjeux environnementaux, mais par le mythe totalement d\u00e9lirant de la main invisible. Un des enjeux de la DIA et de mani\u00e8re g\u00e9n\u00e9rale de la D\u00e9croissance est de mettre sur la table la r\u00e9flexion sur nos besoins r\u00e9els et la fa\u00e7on de s\u2019organiser localement, ou si ce n\u2019est pas possible, de mani\u00e8re ouverte avec des \u00e9changes avec d\u2019autres, pour produire ce dont on a besoin de mani\u00e8re durable.<br \/>\nDans une logique de transition, l\u2019enjeu est d\u2019aboutir \u00e0 une d\u00e9croissance de notre empreinte \u00e9cologique. Il est \u00e9vident que des solidarit\u00e9s vont devoir \u00eatre impos\u00e9es. Mais le but, \u00e0 terme, est de tendre vers des soci\u00e9t\u00e9s au maximum autonomes.<\/p>\n<p>EN VERSANT MAJORITAIREMENT LA DIA EN DROIT DE TIRAGE ET EN MONNAIES LOCALES, NE PRIVE-T-ON PAS LES INDIVIDUS DE LA LIBERT\u00c9 DE CONSOMMER UN PRODUIT QU\u2019ON NE TROUVE PAS LOCALEMENT ?<\/p>\n<p>Nous ne sommes pas contre le fait de maintenir des monnaies locales, r\u00e9gionales, nationales ou supranationales. Ce n\u2019est pas le tout local contre le tout global, c\u2019est essayer de trouver le bon \u00e9quilibre. Les monnaies locales, au-del\u00e0 d\u2019\u00eatre des outils \u00e9conomiques plus justes, sont des outils de r\u00e9appropriation de la politique, de repolitisation de la soci\u00e9t\u00e9, car on am\u00e8ne les gens \u00e0 se questionner sur la consommation, la production, les usages. Ce n\u2019est en aucun cas quelque chose qui s\u2019oppose \u00e0 la libert\u00e9 de mouvement et d\u2019\u00e9change car les autres monnaies continueront vraisemblablement \u00e0 exister. On n\u2019est pas pour l\u2019interdiction de l\u2019utilisation de gros 4X4 pour faire des rod\u00e9os dans la for\u00eat. Par contre il faut en payer le prix r\u00e9el, en terme de cons\u00e9quences environnementales, en terme de travail humain et de p\u00e9trole pour le faire fonctionner.<br \/>\n\u00c0 l\u2019\u00e9chelle mondiale, on est 20% \u00e0 s\u2019approprier 87% des ressources naturelles de la plan\u00e8te. On vit dans un cocon en Europe, notamment les plus riches, puisqu\u2019on ne voit jamais les externalit\u00e9s de nos actes de consommations. On paie tr\u00e8s cher cette illusion de libert\u00e9 de consommer, \u00e0 la fois sur le plan environnemental et sur celui de l\u2019exploitation et de la destruction de populations \u00e0 travers le monde. La logique de relocalisation de nos productions c\u2019est de rompre avec cette illusion de libert\u00e9. Car si des produits n\u00e9fastes pour l\u2019environnement et qui n\u00e9cessitent l\u2019exploitation de beaucoup de personnes sont produits localement, je me retrouve face \u00e0 face avec les cons\u00e9quences de mes faits et gestes.<\/p>\n<p>VOUS PARLEZ DE TRANSITION D\u00c9MOCRATIQUE SUR LE TEMPS LONG, D\u00c9NU\u00c9 DE TOUT AUTORITARISME, MAIS VOUS PROPOSEZ UN REVENU MAXIMUM ACCEPTABLE AINSI QU\u2019UNE R\u00c9QUISITION D\u2019UN CERTAIN NOMBRE DE LOGEMENTS. COMMENT FAITES-VOUS ACCEPTER CELA \u00c0 UNE PARTIE DE LA POPULATION QUI A TOUT \u00c0 Y PERDRE ?<\/p>\n<p>Le choix se situe entre d\u00e9croissance choisie et r\u00e9cession subie. C\u2019est pour l\u2019instant le deuxi\u00e8me option qui est impos\u00e9e par l\u2019Union europ\u00e9enne, de mani\u00e8re barbare \u00e0 travers les plans d\u2019aust\u00e9rit\u00e9. En Gr\u00e8ce, il y a une baisse de l\u2019empreinte \u00e9cologique parce que les gens n\u2019ont plus rien, ne consomment que le minimum, quand ils peuvent, ne travaillent plus, ne prennent plus leur voiture. Les cons\u00e9quences humaines sont d\u00e9vastatrices.<br \/>\nMais on voit \u00e9galement que les Grecs d\u00e9veloppent des mod\u00e8les \u00e9conomiques alternatifs. On a notamment l\u2019exemple de la r\u00e9volution des patates [vente directe producteurs\/consommateurs, ndlr]. Certains impriment des drachmes, d\u2019autres mettent en place des \u00e9changes de temps (un m\u00e9decin au ch\u00f4mage offre sa prestation au charpentier au ch\u00f4mage et inversement)\u2026 Cette r\u00e9cession subie m\u00e8ne au m\u00eame r\u00e9sultat que celui que nous poursuivons avec notre logique de d\u00e9croissance choisie. Mais le chemin \u00e0 parcourir est extr\u00eamement diff\u00e9rent.<\/p>\n<p><a href=\"http:\/\/www.projet-decroissance.net\/?page_id=28\" target=\"_blank\"><strong>Vincent Liegey<\/strong><\/a>, co-auteur d\u2019Un projet de d\u00e9croissance. Manifeste pour une dotation inconditionnelle d\u2019autonomie, pr\u00e9face de Paul Ari\u00e8s. Les \u00e9ditions Utopia.<br \/>\n<a href=\"www.projet-decroissance.net\" target=\"_blank\">www.projet-decroissance.net<\/a><\/p>\n<p>Questions et r\u00e9ponses librement inspir\u00e9es des interviews r\u00e9alis\u00e9es par <a href=\"http:\/\/www.projet-decroissance.net\/?p=967\" target=\"_blank\">Emmanuel Thomas pour le site du Revenu de base<\/a> et <a href=\"http:\/\/www.projet-decroissance.net\/?p=943\" target=\"_blank\">Coralie Schaub pour Lib\u00e9ration<\/a>.<\/p>\n<p><a href=\"http:\/\/www.greeneuropeanjournal.eu\/degrowth-counter-crisis\/\" target=\"_blank\">http:\/\/www.greeneuropeanjournal.eu\/degrowth-counter-crisis\/<\/a><\/p>\n","protected":false},"excerpt":{"rendered":"<p>Face \u00e0 une convergence de crises interconnect\u00e9es, que l\u2019on peut qualifi\u00e9 de crise anthropolique, la D\u00e9croissance, \u00e0 travers son \u201cmot obus\u201d mais surtout \u00e0 travers ses r\u00e9flexions et exp\u00e9riementations, cherche \u00e0 initier une transition d\u00e9mocratique et sereine vers de nouveaux &hellip; <a href=\"http:\/\/www.projet-decroissance.net\/?p=1555\">Continuer la lecture <span class=\"meta-nav\">&rarr;<\/span><\/a><\/p>\n","protected":false},"author":3,"featured_media":0,"comment_status":"closed","ping_status":"open","sticky":false,"template":"","format":"standard","meta":{"footnotes":""},"categories":[1,7],"tags":[],"class_list":["post-1555","post","type-post","status-publish","format-standard","hentry","category-actualites","category-dans-la-presse-et-sur-la-toile"],"_links":{"self":[{"href":"http:\/\/www.projet-decroissance.net\/index.php?rest_route=\/wp\/v2\/posts\/1555","targetHints":{"allow":["GET"]}}],"collection":[{"href":"http:\/\/www.projet-decroissance.net\/index.php?rest_route=\/wp\/v2\/posts"}],"about":[{"href":"http:\/\/www.projet-decroissance.net\/index.php?rest_route=\/wp\/v2\/types\/post"}],"author":[{"embeddable":true,"href":"http:\/\/www.projet-decroissance.net\/index.php?rest_route=\/wp\/v2\/users\/3"}],"replies":[{"embeddable":true,"href":"http:\/\/www.projet-decroissance.net\/index.php?rest_route=%2Fwp%2Fv2%2Fcomments&post=1555"}],"version-history":[{"count":2,"href":"http:\/\/www.projet-decroissance.net\/index.php?rest_route=\/wp\/v2\/posts\/1555\/revisions"}],"predecessor-version":[{"id":1558,"href":"http:\/\/www.projet-decroissance.net\/index.php?rest_route=\/wp\/v2\/posts\/1555\/revisions\/1558"}],"wp:attachment":[{"href":"http:\/\/www.projet-decroissance.net\/index.php?rest_route=%2Fwp%2Fv2%2Fmedia&parent=1555"}],"wp:term":[{"taxonomy":"category","embeddable":true,"href":"http:\/\/www.projet-decroissance.net\/index.php?rest_route=%2Fwp%2Fv2%2Fcategories&post=1555"},{"taxonomy":"post_tag","embeddable":true,"href":"http:\/\/www.projet-decroissance.net\/index.php?rest_route=%2Fwp%2Fv2%2Ftags&post=1555"}],"curies":[{"name":"wp","href":"https:\/\/api.w.org\/{rel}","templated":true}]}}