{"id":1582,"date":"2014-01-09T15:55:28","date_gmt":"2014-01-09T15:55:28","guid":{"rendered":"http:\/\/www.projet-decroissance.net\/?p=1582"},"modified":"2014-01-09T17:15:23","modified_gmt":"2014-01-09T17:15:23","slug":"et-si-on-sinteressait-aux-vrais-problemes","status":"publish","type":"post","link":"http:\/\/www.projet-decroissance.net\/?p=1582","title":{"rendered":"Et si on s&rsquo;int\u00e9ressait aux vrais probl\u00e8mes ?"},"content":{"rendered":"<div dir=\"ltr\">\n<div>\n<p><span style=\"color: #000000;\"><a href=\"http:\/\/www.reporterre.net\/spip.php?article5174\" target=\"_blank\"><img loading=\"lazy\" decoding=\"async\" class=\"alignleft\" alt=\"\" src=\"http:\/\/www.reporterre.net\/local\/cache-vignettes\/L265xH195\/arton5174-9ba3a.jpg\" width=\"265\" height=\"195\" \/><\/a>Ces derniers jours, un <a href=\"http:\/\/leplus.nouvelobs.com\/contribution\/1121199-dieudonne-passe-de-comique-a-antisemite-en-10-ans-les-raisons-de-sa-popularite.html\" target=\"_blank\">saltimbanque haineux<\/a> devenu\u00a0<a href=\"http:\/\/www.bastamag.net\/Dieudonne-le-meilleur-allie-du\" target=\"_blank\"><span style=\"color: #000000;\">l&rsquo;idiot utile d&rsquo;un syst\u00e8me<\/span><\/a>, qui n&rsquo;en finit plus de sombrer, fait la une des m\u00e9dias gr\u00e2ce \u00e0 M. Valls, le m\u00eame qui souhaite \u00ab concilier la gauche avec la pens\u00e9e lib\u00e9rale \u00bb (!).<\/span><br \/>\n<span style=\"color: #000000;\"><b><br \/>\nEt si nous \u00e9vitions de tomber dans le panneau\u00a0<a href=\"http:\/\/www.projet-decroissance.net\/?page_id=201\" target=\"_blank\"><span style=\"color: #000000;\">pour nous emparer des vrais probl\u00e8mes ?<\/span><\/a><\/b><\/span><\/p>\n<p><span style=\"color: #000000;\">Au lieu de perdre notre temps \u00e0 faire le jeu d&rsquo;un Ministre de l&rsquo;Int\u00e9rieur en qu\u00eate de pouvoir et, de se diviser sur la signification du \u00ab geste de la quenelle \u00bb, pourquoi ne pas se recentrer sur les v\u00e9ritables probl\u00e8mes de notre soci\u00e9t\u00e9 :<\/span><\/p>\n<p><span style=\"color: #000000;\">&#8211; Pour une d\u00e9croissance des in\u00e9galit\u00e9s car ces discussions nous font oublier qu&rsquo;en 2013 la fortune des milliardaires a augment\u00e9 de 16% en 2013 ! Alors pourquoi ne pas d\u00e9battre et r\u00e9fl\u00e9chir sur la mise en place d&rsquo;un\u00a0<a href=\"http:\/\/www.projet-decroissance.net\/?p=1128\" target=\"_blank\"><span style=\"color: #000000;\">Revenu Maximum Acceptable<\/span><\/a>\u00a0?<\/span><\/p>\n<p><span style=\"color: #000000;\">&#8211; Pour sortir de la pression \u00e9conomique et sociale et de la peur du lendemain, rien de tel que d&rsquo;entretenir les peurs avec cet argument fallacieux de la crise pour encore mieux exacerber les haines. Ne vaudrait-il pas mieux de r\u00e9fl\u00e9chir au partage du travail et\u00a0<a href=\"http:\/\/www.projet-decroissance.net\/?p=1571\" target=\"_blank\"><span style=\"color: #000000;\">\u00e0 la mise en place d&rsquo;un revenu de base, plus ou moins d\u00e9mon\u00e9taris\u00e9 ?<\/span><\/a><br \/>\n<\/span><\/p>\n<\/div>\n<p><span style=\"color: #000000;\">&#8211; Pour une d\u00e9colonisation de nos imaginaires afin d&rsquo;\u00e9vacuer la frustration inh\u00e9rente au syst\u00e8me croissanciste et cesser de croire que notre voisin profiterait plus du syst\u00e8me ou aurait un plus bel \u00e9cran plat. Ne devrions-nous pas revenir \u00e0 des questions plus essentielles pour chercher\u00a0<a href=\"http:\/\/www.projet-decroissance.net\/?p=1548\" target=\"_blank\"><span style=\"color: #000000;\">plus de solidarit\u00e9 et de convivialit\u00e9<\/span><\/a>s&rsquo;opposant ainsi \u00e0 la jalousie et \u00e0 l&rsquo;individualisme qui provoquent repli et haine ?<\/span><\/p>\n<p>&#8211; Pour accompagner et encourager\u00a0<a href=\"http:\/\/www.projet-decroissance.net\/?p=672\" target=\"_blank\"><span style=\"color: #000000;\">la transition soci\u00e9tale<\/span><\/a>. Au lieu de gaspiller de l&rsquo;\u00e9nergie dans des d\u00e9bats st\u00e9riles, ne devrions-nous pas nous retrouver, avec nos voisins, nos amis et nos familles &#8211; quelle que soient nos origines, nos religions ou nos couleurs de peau -, pour envisager de nouvelles mani\u00e8res d&rsquo;\u00e9changer, pour d\u00e9battre du vivre ensemble, et pour d\u00e9cider de nos productions, de nos outils, ou de nos savoir-faire ?<\/p>\n<p><em>Collectif \u00ab\u00a0Un Projet de D\u00e9croissance\u00a0\u00bb<\/em><br \/>\n<em><span style=\"color: #000000;\"><span style=\"color: #000000;\"><a href=\"http:\/\/www.projet-decroissance.net\/\" target=\"_blank\">www.Projet-Decroissance.net<br \/>\n<\/a><\/span><\/span><\/em><em><br \/>\n<img loading=\"lazy\" decoding=\"async\" class=\"alignright\" alt=\"\" src=\"http:\/\/www.projet-decroissance.net\/wp-content\/uploads\/2012\/12\/manifeste-dia-couverture140.jpg\" width=\"108\" height=\"177\" \/>\u00ab\u00a0[&#8230;] La condition pour r\u00e9ussir cette transformation radicale de l\u2019\u00e9conomie est\u00a0<em>\u00ab\u00a0une forte adh\u00e9sion de tous et une participation \u00e0 cette volont\u00e9 de changement\u00a0\u00bb<\/em>.\u00a0Pour le moins\u2026\u00a0Mais il faut bien commencer un jour, et ce petit livre stimulant y contribue incontestablement.\u00a0\u00bb\u00a0<strong>Herv\u00e9 Kempf dans\u00a0<a href=\"http:\/\/www.lemonde.fr\/economie\/article\/2013\/03\/11\/la-decroissance-mode-d-emploi_1845977_3234.html?xtmc=liegey&amp;xtcr=1\" target=\"_blank\">Le Monde<\/a><em>.<\/em><\/strong><\/em><\/p>\n<p><em>\u00ab\u00a0<em>[&#8230;]\u00a0<\/em>Et le\u00a0<a href=\"http:\/\/www.projet-decroissance.net\/?p=954#more-954\">succ\u00e8s rencontr\u00e9 par l\u2019ouvrage<\/a>\u00a0peut laisser penser que\u00a0\u00abla transition est bel et bien en marche\u00bb.\u00a0\u00a0\u00bb\u00a0<\/em><em><strong>Emmanuel Daniel sur\u00a0<\/strong><\/em><em><strong><a href=\"http:\/\/www.slate.fr\/story\/74453\/decroissant\" target=\"_blank\">Slate.fr<\/a>.<\/strong><\/em><\/p>\n<p><em><strong><\/strong><\/em><strong>Les essentiels :<\/strong><\/p>\n<ul>\n<li><a href=\"http:\/\/www.projet-decroissance.net\/?p=822\" target=\"_blank\">Un Projet de D\u00e9croissance dans Le Monde<\/a>\u00a0:\u00a0La d\u00e9croissance, mode d\u2019emploi<\/li>\n<li><a href=\"http:\/\/www.projet-decroissance.net\/?p=930\" target=\"_blank\">Un Projet de D\u00e9croissance sur France Culture<\/a>\u00a0: Terre \u00e0 Terre, avec Vincent Liegey par Ruth St\u00e9gassy<\/li>\n<li><a href=\"http:\/\/www.projet-decroissance.net\/?p=943\" target=\"_blank\">Un Projet de D\u00e9croissance dans Lib\u00e9ration<\/a>\u00a0: Vincent Liegey: \u00abOn ne peut plus cro\u00eetre dans un monde fini\u00bb<\/li>\n<li><a title=\"Lien permanent vers Un Projet de D\u00e9croissance sur Slate.fr : Pour en finir avec le Dieu Croissance\" href=\"http:\/\/www.projet-decroissance.net\/?p=1153\" rel=\"bookmark\">Un Projet de D\u00e9croissance sur Slate.fr : Pour en finir avec le Dieu Croissance<\/a><\/li>\n<li><a href=\"http:\/\/www.projet-decroissance.net\/?p=860\" target=\"_blank\">Un Projet de D\u00e9croissance dans BastaMag<\/a>\u00a0: \u00ab La libert\u00e9 de consommer est une illusion bien cher pay\u00e9e \u00bb<\/li>\n<li><a title=\"Lien permanent vers Rue89 : Un projet provocateur : \u00ab Faire payer le prix r\u00e9el de ce qu\u2019on consomme \u00bb\" href=\"http:\/\/www.projet-decroissance.net\/?p=692\" target=\"_blank\" rel=\"bookmark\">Rue89 : Un projet provocateur : \u00ab Faire payer le prix r\u00e9el de ce qu\u2019on consomme \u00bb<\/a><\/li>\n<li><a title=\"Lien permanent vers La transition est en marche ! \u2013 Sur Reporterre.net\" href=\"http:\/\/www.projet-decroissance.net\/?p=672\" target=\"_blank\" rel=\"bookmark\">La transition est en marche ! \u2013 Sur Reporterre.net<\/a><\/li>\n<\/ul>\n<\/div>\n","protected":false},"excerpt":{"rendered":"<p>Ces derniers jours, un saltimbanque haineux devenu\u00a0l&rsquo;idiot utile d&rsquo;un syst\u00e8me, qui n&rsquo;en finit plus de sombrer, fait la une des m\u00e9dias gr\u00e2ce \u00e0 M. Valls, le m\u00eame qui souhaite \u00ab concilier la gauche avec la pens\u00e9e lib\u00e9rale \u00bb (!). Et &hellip; <a href=\"http:\/\/www.projet-decroissance.net\/?p=1582\">Continuer la lecture <span class=\"meta-nav\">&rarr;<\/span><\/a><\/p>\n","protected":false},"author":3,"featured_media":0,"comment_status":"closed","ping_status":"open","sticky":false,"template":"","format":"standard","meta":{"footnotes":""},"categories":[1],"tags":[],"class_list":["post-1582","post","type-post","status-publish","format-standard","hentry","category-actualites"],"_links":{"self":[{"href":"http:\/\/www.projet-decroissance.net\/index.php?rest_route=\/wp\/v2\/posts\/1582","targetHints":{"allow":["GET"]}}],"collection":[{"href":"http:\/\/www.projet-decroissance.net\/index.php?rest_route=\/wp\/v2\/posts"}],"about":[{"href":"http:\/\/www.projet-decroissance.net\/index.php?rest_route=\/wp\/v2\/types\/post"}],"author":[{"embeddable":true,"href":"http:\/\/www.projet-decroissance.net\/index.php?rest_route=\/wp\/v2\/users\/3"}],"replies":[{"embeddable":true,"href":"http:\/\/www.projet-decroissance.net\/index.php?rest_route=%2Fwp%2Fv2%2Fcomments&post=1582"}],"version-history":[{"count":2,"href":"http:\/\/www.projet-decroissance.net\/index.php?rest_route=\/wp\/v2\/posts\/1582\/revisions"}],"predecessor-version":[{"id":1584,"href":"http:\/\/www.projet-decroissance.net\/index.php?rest_route=\/wp\/v2\/posts\/1582\/revisions\/1584"}],"wp:attachment":[{"href":"http:\/\/www.projet-decroissance.net\/index.php?rest_route=%2Fwp%2Fv2%2Fmedia&parent=1582"}],"wp:term":[{"taxonomy":"category","embeddable":true,"href":"http:\/\/www.projet-decroissance.net\/index.php?rest_route=%2Fwp%2Fv2%2Fcategories&post=1582"},{"taxonomy":"post_tag","embeddable":true,"href":"http:\/\/www.projet-decroissance.net\/index.php?rest_route=%2Fwp%2Fv2%2Ftags&post=1582"}],"curies":[{"name":"wp","href":"https:\/\/api.w.org\/{rel}","templated":true}]}}