{"id":1631,"date":"2014-02-08T12:29:41","date_gmt":"2014-02-08T12:29:41","guid":{"rendered":"http:\/\/www.projet-decroissance.net\/?p=1631"},"modified":"2014-10-28T09:10:32","modified_gmt":"2014-10-28T09:10:32","slug":"1631","status":"publish","type":"post","link":"http:\/\/www.projet-decroissance.net\/?p=1631","title":{"rendered":"Les aventures continuent avec \u00ab Un Projet de D\u00e9croissance \u00bb avec plusieurs rencontres estivales"},"content":{"rendered":"<p><span style=\"font-family: arial, helvetica, sans-serif;\"><img loading=\"lazy\" decoding=\"async\" class=\"alignleft\" alt=\"\" src=\"http:\/\/ciela.bg\/uploaded\/books\/8c22270424d2c10bba91fbe7cc085aeb.jpg\" width=\"161\" height=\"227\" \/>Les aventures continuent avec\u00a0<a href=\"http:\/\/www.projet-decroissance.net\/\" target=\"_blank\">\u00ab Un Projet de D\u00e9croissance \u00bb<\/a>\u00a0avec plusieurs rencontres estivales :<br \/>\n<\/span><\/p>\n<ul>\n<li><a href=\"http:\/\/www.icariaeditorial.com\/contenido\/noticia_detallada.php?id=305&amp;img=1\" target=\"_blank\">Le jeudi 10 juillet \u00e0 Barcelone<\/a> pour pr\u00e9senter la version espagnole, <a href=\"http:\/\/www.icariaeditorial.com\/libros.php?id=1453\" target=\"_blank\">Proyecto Decrecimiento<\/a>, dans le cadre de la <a href=\"http:\/\/summerschool2014.degrowth.net\/\" target=\"_blank\">Degrowth Summer School<\/a>\u00a0organis\u00e9e par nos amis de <a href=\"http:\/\/www.degrowth.org\" target=\"_blank\">Research&amp;Degrowth<\/a>.<\/li>\n<li>Les 1, 2 et 3 ao\u00fbt, au <a href=\"http:\/\/ozorafestival.eu\/\" target=\"_blank\">festival Ozora<\/a> pour pr\u00e9senter la version hongroise, en anglais.<\/li>\n<li><a href=\"http:\/\/altercampagne.free.fr\/\/pages\/2008\/AlterTour\/Eta-2014\/etape2014_15-8.html\" target=\"_blank\">Le 15 ao\u00fbt, en v\u00e9lo \u00e0 l&rsquo;Alter-tour<\/a>.<\/li>\n<li><a href=\"http:\/\/universite.revenudebase.info\/speaker\/vincent-liegey\/\" target=\"_blank\">Du 21 au 23 ao\u00fbt, \u00e0 l&rsquo;universit\u00e9 d&rsquo;\u00e9t\u00e9 du Revenu de Base<\/a>.<\/li>\n<\/ul>\n<p><img loading=\"lazy\" decoding=\"async\" class=\"alignright\" alt=\"Imagen de  Proyecto Decrecimiento Manifiesto por una Dotaci\u00f3n Incondicional de Autonom\u00eda (DIA)\" src=\"http:\/\/www.icariaeditorial.com\/\/imagenes_libros\/proyecto_decrecimiento.gif\" width=\"134\" height=\"216\" \/><\/p>\n<ul>\n<li><a href=\"http:\/\/www.objectiondecroissance.org\/2014\/02\/odj\/\" target=\"_blank\">Du 28 au 31 ao\u00fbt au (F)Estives<\/a>, universit\u00e9 d&rsquo;\u00e9t\u00e9 de la D\u00e9croissance \u00e0 Cerb\u00e8re.<\/li>\n<li><a href=\"http:\/\/www.objectiondecroissance.org\/2014\/02\/odj\/\" target=\"_blank\">Du 3 au 6 Septembre, pour la 4\u00e8me conf\u00e9rence internationale sur la D\u00e9croissance \u00e0 Leipzig<\/a>.<\/li>\n<li><a href=\"http:\/\/technologos.fr\/documents\/Programme_assises_2014.pdf\" target=\"_blank\">Les 12 et 13 septembre aux assises\u00a0de Technologos<\/a>, sur le th\u00e8me\u00a0\u00ab\u00a0Technique, croissance et d\u00e9croissance\u00a0\u00bb \u00e0 l&rsquo;\u00c9cole des Hautes \u00c9tudes en Sciences Sociales \u00e0 Paris.<\/li>\n<\/ul>\n<p>Plus d&rsquo;infos sur :\u00a0<a href=\"http:\/\/www.projet-decroissance.net\/\" target=\"_blank\">www.projet-decroissance.net<\/a><\/p>\n<p><span style=\"font-family: arial, helvetica, sans-serif;\"><span style=\"color: #000000;\">Retrouver aussi nos articles en anglais gr\u00e2ce \u00e0 l&rsquo;aide pr\u00e9cieuse d&rsquo;Evelyne :\u00a0<\/span><span style=\"color: #000000;\"><a href=\"http:\/\/www.projet-decroissance.net\/?cat=35\" target=\"_blank\">http:\/\/www.projet-<wbr \/>decroissance.net\/?cat=35<\/a><\/span><\/span><\/p>\n<p><span style=\"color: #000000; font-family: arial, helvetica, sans-serif;\"><strong>Vincent Liegey, St\u00e9phane Madelaine, Christophe Ondet, Anne-Isabelle Veillot<\/strong>.<!--more--><br \/>\n<strong>Co-auteurs d\u2019 \u00ab\u00a0<em>Un projet de d\u00e9croissance. Manifeste pour une dotation inconditionnelle d\u2019autonomie<\/em>\u00a0\u00bb\u00a0<\/strong>, pr\u00e9face de Paul Ari\u00e8s. Les \u00e9ditions Utopia, 150 pages, 7 euros.<\/span><\/p>\n<p><em><img loading=\"lazy\" decoding=\"async\" class=\"alignleft\" alt=\"\" src=\"https:\/\/ci5.googleusercontent.com\/proxy\/98wvAZxV2JuhVlEedXPhVkzK7TCrY9lTA3RrnFfMWh5mmxDDDLRz5qeL8HKLF_8kcFPRbLirE-Wto28WbtXZS_E4ZTVK0Y8WvTFhSy2t_nFVe2Zqjlecs1tdKXJg0PaEx5MLK9LMdQ3RplZwH1Q3805UFg=s0-d-e1-ft#http:\/\/www.projet-decroissance.net\/wp-content\/uploads\/2012\/12\/manifeste-dia-couverture140.jpg\" width=\"108\" height=\"177\" \/>\u00ab\u00a0[&#8230;] La condition pour r\u00e9ussir cette transformation radicale de l\u2019\u00e9conomie est\u00a0<em>\u00ab\u00a0une forte adh\u00e9sion de tous et une participation \u00e0 cette volont\u00e9 de changement\u00a0\u00bb<\/em>.\u00a0Pour le moins\u2026\u00a0Mais il faut bien commencer un jour, et ce petit livre stimulant y contribue incontestablement.\u00a0\u00bb\u00a0<strong>Herv\u00e9 Kempf dans\u00a0<a href=\"http:\/\/www.lemonde.fr\/economie\/article\/2013\/03\/11\/la-decroissance-mode-d-emploi_1845977_3234.html?xtmc=liegey&amp;xtcr=1\" target=\"_blank\">Le Monde<\/a><em>.<\/em><\/strong><\/em><\/p>\n<p><span style=\"color: #000000; font-family: arial, helvetica, sans-serif;\"><em>\u00ab\u00a0<em>[&#8230;]\u00a0<\/em>Et le\u00a0<a href=\"http:\/\/www.projet-decroissance.net\/?p=954#more-954\" target=\"_blank\">succ\u00e8s rencontr\u00e9 par l\u2019ouvrage<\/a>\u00a0peut laisser penser que\u00a0\u00abla transition est bel et bien en marche\u00bb.\u00a0\u00a0\u00bb\u00a0<\/em><em><strong>Emmanuel Daniel sur\u00a0<\/strong><\/em><em><strong><a href=\"http:\/\/www.slate.fr\/story\/74453\/decroissant\" target=\"_blank\">Slate.fr<\/a>.<\/strong><\/em><\/span><\/p>\n<p><strong>Les essentiels :<\/strong><\/p>\n<ul>\n<li><a href=\"http:\/\/www.projet-decroissance.net\/?p=822\" target=\"_blank\">Un Projet de D\u00e9croissance dans Le Monde<\/a>\u00a0:\u00a0La d\u00e9croissance, mode d\u2019emploi<\/li>\n<li><a href=\"http:\/\/www.projet-decroissance.net\/?p=930\" target=\"_blank\">Un Projet de D\u00e9croissance sur France Culture<\/a>\u00a0: Terre \u00e0 Terre, avec Vincent Liegey par Ruth St\u00e9gassy<\/li>\n<li><a href=\"http:\/\/www.projet-decroissance.net\/?p=943\" target=\"_blank\">Un Projet de D\u00e9croissance dans Lib\u00e9ration<\/a>\u00a0: Vincent Liegey: \u00abOn ne peut plus cro\u00eetre dans un monde fini\u00bb<\/li>\n<li><a title=\"Lien permanent vers Un Projet de D\u00e9croissance sur Slate.fr : Pour en finir avec le Dieu Croissance\" href=\"http:\/\/www.projet-decroissance.net\/?p=1153\" rel=\"bookmark\">Un Projet de D\u00e9croissance sur Slate.fr : Pour en finir avec le Dieu Croissance<\/a><\/li>\n<li><a href=\"http:\/\/www.projet-decroissance.net\/?p=860\" target=\"_blank\">Un Projet de D\u00e9croissance dans BastaMag<\/a>\u00a0: \u00ab La libert\u00e9 de consommer est une illusion bien cher pay\u00e9e \u00bb<\/li>\n<li><a title=\"Lien permanent vers La transition est en marche ! \u2013 Sur Reporterre.net\" href=\"http:\/\/www.projet-decroissance.net\/?p=672\" target=\"_blank\" rel=\"bookmark\">La transition est en marche ! \u2013 Sur Reporterre.net<\/a><\/li>\n<li><a href=\"http:\/\/www.projet-decroissance.net\/?p=1548\" target=\"_blank\" rel=\"bookmark\">Utopie(s) 2050 : L\u2019utopie d\u2019hier est devenue la r\u00e9alit\u00e9 d\u2019aujourd\u2019hui !<\/a><\/li>\n<li><a href=\"http:\/\/www.projet-decroissance.net\/?p=1571\" rel=\"bookmark\">La Dotation Inconditionnelle d\u2019Autonomie d\u00e9crypt\u00e9e par l\u2019Institut Momentum<\/a><\/li>\n<\/ul>\n","protected":false},"excerpt":{"rendered":"<p>Les aventures continuent avec\u00a0\u00ab Un Projet de D\u00e9croissance \u00bb\u00a0avec plusieurs rencontres estivales : Le jeudi 10 juillet \u00e0 Barcelone pour pr\u00e9senter la version espagnole, Proyecto Decrecimiento, dans le cadre de la Degrowth Summer School\u00a0organis\u00e9e par nos amis de Research&amp;Degrowth. Les &hellip; <a href=\"http:\/\/www.projet-decroissance.net\/?p=1631\">Continuer la lecture <span class=\"meta-nav\">&rarr;<\/span><\/a><\/p>\n","protected":false},"author":3,"featured_media":0,"comment_status":"closed","ping_status":"open","sticky":false,"template":"","format":"standard","meta":{"footnotes":""},"categories":[1,6],"tags":[],"class_list":["post-1631","post","type-post","status-publish","format-standard","hentry","category-actualites","category-agenda"],"_links":{"self":[{"href":"http:\/\/www.projet-decroissance.net\/index.php?rest_route=\/wp\/v2\/posts\/1631","targetHints":{"allow":["GET"]}}],"collection":[{"href":"http:\/\/www.projet-decroissance.net\/index.php?rest_route=\/wp\/v2\/posts"}],"about":[{"href":"http:\/\/www.projet-decroissance.net\/index.php?rest_route=\/wp\/v2\/types\/post"}],"author":[{"embeddable":true,"href":"http:\/\/www.projet-decroissance.net\/index.php?rest_route=\/wp\/v2\/users\/3"}],"replies":[{"embeddable":true,"href":"http:\/\/www.projet-decroissance.net\/index.php?rest_route=%2Fwp%2Fv2%2Fcomments&post=1631"}],"version-history":[{"count":26,"href":"http:\/\/www.projet-decroissance.net\/index.php?rest_route=\/wp\/v2\/posts\/1631\/revisions"}],"predecessor-version":[{"id":1820,"href":"http:\/\/www.projet-decroissance.net\/index.php?rest_route=\/wp\/v2\/posts\/1631\/revisions\/1820"}],"wp:attachment":[{"href":"http:\/\/www.projet-decroissance.net\/index.php?rest_route=%2Fwp%2Fv2%2Fmedia&parent=1631"}],"wp:term":[{"taxonomy":"category","embeddable":true,"href":"http:\/\/www.projet-decroissance.net\/index.php?rest_route=%2Fwp%2Fv2%2Fcategories&post=1631"},{"taxonomy":"post_tag","embeddable":true,"href":"http:\/\/www.projet-decroissance.net\/index.php?rest_route=%2Fwp%2Fv2%2Ftags&post=1631"}],"curies":[{"name":"wp","href":"https:\/\/api.w.org\/{rel}","templated":true}]}}