{"id":1662,"date":"2013-02-17T21:07:27","date_gmt":"2013-02-17T21:07:27","guid":{"rendered":"http:\/\/www.projet-decroissance.net\/?p=1662"},"modified":"2014-02-18T09:53:11","modified_gmt":"2014-02-18T09:53:11","slug":"un-projet-de-decroissance-a-budapest-discussion-debat-autour-du-livre-au-szalon-mercredi-19-fevrier-2014-a-20h30","status":"publish","type":"post","link":"http:\/\/www.projet-decroissance.net\/?p=1662","title":{"rendered":"Un projet de D\u00e9croissance \u00e0 Budapest \u2013 Discussion-d\u00e9bat autour du livre au Szalon, mercredi 19 f\u00e9vrier 2014 \u00e0 20h30"},"content":{"rendered":"<p><strong><a href=\"http:\/\/nemnovekedes.net\/wp-content\/uploads\/2014\/01\/Jolet-nemnovekedes-liegey-duna.jpg\"><img loading=\"lazy\" decoding=\"async\" class=\"alignleft\" alt=\"Jolet-nemnovekedes-liegey-duna\" src=\"http:\/\/nemnovekedes.net\/wp-content\/uploads\/2014\/01\/Jolet-nemnovekedes-liegey-duna-300x168.jpg\" width=\"300\" height=\"168\" \/><\/a><\/strong>Nous vous invitons toutes et tous \u00e0 la soir\u00e9e discussion autour du livre \u00ab\u00a0<em><a href=\"http:\/\/www.projet-decroissance.net\/\" target=\"_blank\">Un projet de D\u00e9croissance<\/a><\/em>\u00a0\u00bb avec Vincent Liegey<\/p>\n<p style=\"text-align: center;\"><strong>Le mercredi 19 f\u00e9vrier 2014 \u00e0 20h30 au Szalon<br \/>\nA c\u00f4t\u00e9 d&rsquo;Astoria<\/strong><\/p>\n<p style=\"text-align: center;\"><strong><span style=\"color: #000000;\">Vous pouvez amener\u00a0\u00e0 boire et \u00e0 manger.<\/span><\/strong><br \/>\n<strong><span style=\"color: #444444;\"><i>Pour avoir l&rsquo;adresse exacte, \u00e9crivez : <strong><em>contact@projet-decroissance.net<\/em><\/strong><br \/>\n<\/i><\/span><\/strong><\/p>\n<p>Depuis le d\u00e9but des ann\u00e9es 2000 a \u00e9merg\u00e9 un nouveau mouvement de pens\u00e9e autour du slogan provocateur \u00ab D\u00e9croissance \u00bb. A travers la critique radicale de la soci\u00e9t\u00e9 de croissance et de son impasse, cet OVNI politique a su enrichir les d\u00e9bats et les discussions.<br \/>\nCes r\u00e9flexions ont d\u00e9bouch\u00e9 sur une proposition appel\u00e9e Dotation Inconditionnelle d\u2019Autonomie (DIA), coupl\u00e9e \u00e0 un Revenu Maximum Acceptable. Ce manifeste pour une DIA part des origines de la D\u00e9croissance et propose des pistes, des r\u00e9flexions susceptibles d\u2019initier une transition sereine et d\u00e9mocratique vers des soci\u00e9t\u00e9s \u00e9cologiquement soutenables et socialement justes. Il repr\u00e9sente en cela un projet de D\u00e9croissance.<\/p>\n<p>\u00ab\u00a0Un Projet de D\u00e9croissance\u00a0\u00bb est publi\u00e9 en suppl\u00e9ment du num\u00e9ro 100 de la revue historique Eszmelet, qui fait r\u00e9f\u00e9rence \u00e0 un po\u00e8me d\u2019Attila Jozsef et signifie en fran\u00e7ais conscience. Cette revue a \u00e9t\u00e9 cr\u00e9\u00e9e pendant l\u2019\u00e9t\u00e9 1956, quelques semaines avant le d\u00e9but de la r\u00e9volution. Elle a ensuite \u00e9t\u00e9 interdite, puis relanc\u00e9e dans les ann\u00e9es 90 apr\u00e8s la chute du mur.<\/p>\n<p><img loading=\"lazy\" decoding=\"async\" class=\"alignright\" alt=\"\" src=\"http:\/\/www.franceinter.fr\/sites\/default\/files\/imagecache\/scald_image_max_size\/2013\/03\/14\/586823\/images\/Hongrie%20photo.jpg\" width=\"383\" height=\"215\" \/>Nous esp\u00e9rons que le livre suscitera au moins autant de d\u00e9bats qu\u2019en France, qui plus est dans un contexte culturel, politique et social particulier. Les discussions devraient ainsi enrichir la pens\u00e9e de la D\u00e9croissance et ses r\u00e9flexions autour de la transition, de la relocalisation ouverte, de l\u2019autonomie et de la convivialit\u00e9. Notamment, il sera int\u00e9ressant de voir comment la critique du mod\u00e8le occidental, de l\u2019\u00e9conomie de march\u00e9, du techno-scientisme et du consum\u00e9risme sera accueillie dans une soci\u00e9t\u00e9 post-socialiste.<\/p>\n<p>Cette \u00e9dition sera suivie par d\u2019autres, en Espagne, au Quebec, au Br\u00e9sil puis en Slov\u00e9nie, Bulgarie et Croatie en attendant les versions anglaises, allemandes, italiennes ou finnoises.<\/p>\n<p><strong>Vincent Liegey, St\u00e9phane Madelaine, Christophe Ondet, Anne-Isabelle Veillot<\/strong>.<br \/>\n<strong>Co-auteurs d\u2019 \u00ab\u00a0<em>Un projet de d\u00e9croissance. Manifeste pour une dotation inconditionnelle d\u2019autonomie<\/em>\u00a0\u00bb , pr\u00e9face de Paul Ari\u00e8s. Les \u00e9ditions Utopia, 150 pages, 7 euros.<\/strong><\/p>\n<p><em><img loading=\"lazy\" decoding=\"async\" class=\"alignleft\" alt=\"\" src=\"http:\/\/www.projet-decroissance.net\/wp-content\/uploads\/2012\/12\/manifeste-dia-couverture140.jpg\" width=\"108\" height=\"177\" \/>\u00ab\u00a0[&#8230;] La condition pour r\u00e9ussir cette transformation radicale de l\u2019\u00e9conomie est\u00a0<em>\u00ab\u00a0une forte adh\u00e9sion de tous et une participation \u00e0 cette volont\u00e9 de changement\u00a0\u00bb<\/em>.\u00a0Pour le moins\u2026\u00a0Mais il faut bien commencer un jour, et ce petit livre stimulant y contribue incontestablement.\u00a0\u00bb\u00a0<strong>Herv\u00e9 Kempf dans\u00a0<a href=\"http:\/\/www.lemonde.fr\/economie\/article\/2013\/03\/11\/la-decroissance-mode-d-emploi_1845977_3234.html?xtmc=liegey&amp;xtcr=1\" target=\"_blank\">Le Monde<\/a><em>.<\/em><\/strong><\/em><\/p>\n<p><em>\u00ab\u00a0<em>[&#8230;]\u00a0<\/em>Et le\u00a0<a href=\"http:\/\/www.projet-decroissance.net\/?p=954#more-954\">succ\u00e8s rencontr\u00e9 par l\u2019ouvrage<\/a>\u00a0peut laisser penser que\u00a0\u00abla transition est bel et bien en marche\u00bb.\u00a0\u00a0\u00bb\u00a0<\/em><em><strong>Emmanuel Daniel sur\u00a0<\/strong><\/em><em><strong><a href=\"http:\/\/www.slate.fr\/story\/74453\/decroissant\" target=\"_blank\">Slate.fr<\/a>.<\/strong><\/em><\/p>\n","protected":false},"excerpt":{"rendered":"<p>Nous vous invitons toutes et tous \u00e0 la soir\u00e9e discussion autour du livre \u00ab\u00a0Un projet de D\u00e9croissance\u00a0\u00bb avec Vincent Liegey Le mercredi 19 f\u00e9vrier 2014 \u00e0 20h30 au Szalon A c\u00f4t\u00e9 d&rsquo;Astoria Vous pouvez amener\u00a0\u00e0 boire et \u00e0 manger. Pour &hellip; <a href=\"http:\/\/www.projet-decroissance.net\/?p=1662\">Continuer la lecture <span class=\"meta-nav\">&rarr;<\/span><\/a><\/p>\n","protected":false},"author":3,"featured_media":0,"comment_status":"closed","ping_status":"open","sticky":false,"template":"","format":"standard","meta":{"footnotes":""},"categories":[6],"tags":[],"class_list":["post-1662","post","type-post","status-publish","format-standard","hentry","category-agenda"],"_links":{"self":[{"href":"http:\/\/www.projet-decroissance.net\/index.php?rest_route=\/wp\/v2\/posts\/1662","targetHints":{"allow":["GET"]}}],"collection":[{"href":"http:\/\/www.projet-decroissance.net\/index.php?rest_route=\/wp\/v2\/posts"}],"about":[{"href":"http:\/\/www.projet-decroissance.net\/index.php?rest_route=\/wp\/v2\/types\/post"}],"author":[{"embeddable":true,"href":"http:\/\/www.projet-decroissance.net\/index.php?rest_route=\/wp\/v2\/users\/3"}],"replies":[{"embeddable":true,"href":"http:\/\/www.projet-decroissance.net\/index.php?rest_route=%2Fwp%2Fv2%2Fcomments&post=1662"}],"version-history":[{"count":2,"href":"http:\/\/www.projet-decroissance.net\/index.php?rest_route=\/wp\/v2\/posts\/1662\/revisions"}],"predecessor-version":[{"id":1669,"href":"http:\/\/www.projet-decroissance.net\/index.php?rest_route=\/wp\/v2\/posts\/1662\/revisions\/1669"}],"wp:attachment":[{"href":"http:\/\/www.projet-decroissance.net\/index.php?rest_route=%2Fwp%2Fv2%2Fmedia&parent=1662"}],"wp:term":[{"taxonomy":"category","embeddable":true,"href":"http:\/\/www.projet-decroissance.net\/index.php?rest_route=%2Fwp%2Fv2%2Fcategories&post=1662"},{"taxonomy":"post_tag","embeddable":true,"href":"http:\/\/www.projet-decroissance.net\/index.php?rest_route=%2Fwp%2Fv2%2Ftags&post=1662"}],"curies":[{"name":"wp","href":"https:\/\/api.w.org\/{rel}","templated":true}]}}