{"id":1673,"date":"2013-02-24T17:11:34","date_gmt":"2013-02-24T17:11:34","guid":{"rendered":"http:\/\/www.projet-decroissance.net\/?p=1673"},"modified":"2014-03-21T10:30:03","modified_gmt":"2014-03-21T10:30:03","slug":"1673","status":"publish","type":"post","link":"http:\/\/www.projet-decroissance.net\/?p=1673","title":{"rendered":"\u00ab\u00a0D\u00e9croissance ou D\u00e9veloppement Durable ?\u00a0\u00bb \u00e0 Mantes-la-Jolie le lundi 3 mars"},"content":{"rendered":"<p><strong><a href=\"http:\/\/www.projet-decroissance.net\/\" target=\"_blank\"><img loading=\"lazy\" decoding=\"async\" class=\"alignleft\" alt=\"manifeste-dia-couverture\" src=\"http:\/\/www.projet-decroissance.net\/wp-content\/uploads\/2012\/12\/manifeste-dia-couverture.jpg\" width=\"121\" height=\"191\" \/><\/a><\/strong>Nous vous invitons retrouver \u00ab\u00a0<a href=\"http:\/\/www.projet-decroissance.net\/\" target=\"_blank\">Un projet de D\u00e9croissance<\/a>\u00a0\u00bb \u00e0 Mantes-la-Jolie le lundi 3 mars 2014 de 9h30 \u00e0 11h30 dans les locaux de l&rsquo;IUTavec St\u00e9phane Madelaine<\/p>\n<p style=\"text-align: center;\"><strong><span style=\"color: #ff6600;\">D\u00e9croissance ou d\u00e9veloppement durable ?<\/span><\/strong><br \/>\n<strong><span style=\"color: #ff6600;\"> Quelle solution pour notre monde \u00e0 venir ?<\/span><\/strong><\/p>\n<p><strong>Avec Fabrice Flipo, Gilles Rotillon et St\u00e9phane Madelaine.<\/strong><\/p>\n<p>Le public sera compos\u00e9 d&rsquo;\u00e9tudiants en 1 \u00e8re et 2 eme ann\u00e9e de DUT Techniques de Commercialisation ainsi que les professeurs de cette formation (environ 90 personnes). La rencontre est ouverte au public.<\/p>\n<p><a href=\"http:\/\/www.projet-decroissance.net\/wp-content\/uploads\/2014\/02\/Affiche-Mantes.pdf\" target=\"_blank\"><img loading=\"lazy\" decoding=\"async\" class=\"aligncenter\" alt=\"\" src=\"http:\/\/www.projet-decroissance.net\/wp-content\/uploads\/2014\/02\/Mantes.jpg\" width=\"495\" height=\"690\" \/><\/a><br \/>\n<strong><\/strong><img loading=\"lazy\" decoding=\"async\" class=\"aligncenter\" alt=\"\" src=\"http:\/\/www.iut-mantes.uvsq.fr\/images\/IUTMAN\/logo.png\" width=\"255\" height=\"98\" \/><\/p>\n<p style=\"text-align: center;\"><a href=\" http:\/\/www.iut-mantes.uvsq.fr\/\">http:\/\/www.iut-mantes.uvsq.fr\/<\/a><\/p>\n","protected":false},"excerpt":{"rendered":"<p>Nous vous invitons retrouver \u00ab\u00a0Un projet de D\u00e9croissance\u00a0\u00bb \u00e0 Mantes-la-Jolie le lundi 3 mars 2014 de 9h30 \u00e0 11h30 dans les locaux de l&rsquo;IUTavec St\u00e9phane Madelaine D\u00e9croissance ou d\u00e9veloppement durable ? Quelle solution pour notre monde \u00e0 venir ? Avec &hellip; <a href=\"http:\/\/www.projet-decroissance.net\/?p=1673\">Continuer la lecture <span class=\"meta-nav\">&rarr;<\/span><\/a><\/p>\n","protected":false},"author":2,"featured_media":0,"comment_status":"closed","ping_status":"open","sticky":false,"template":"","format":"standard","meta":{"footnotes":""},"categories":[1,6],"tags":[],"class_list":["post-1673","post","type-post","status-publish","format-standard","hentry","category-actualites","category-agenda"],"_links":{"self":[{"href":"http:\/\/www.projet-decroissance.net\/index.php?rest_route=\/wp\/v2\/posts\/1673","targetHints":{"allow":["GET"]}}],"collection":[{"href":"http:\/\/www.projet-decroissance.net\/index.php?rest_route=\/wp\/v2\/posts"}],"about":[{"href":"http:\/\/www.projet-decroissance.net\/index.php?rest_route=\/wp\/v2\/types\/post"}],"author":[{"embeddable":true,"href":"http:\/\/www.projet-decroissance.net\/index.php?rest_route=\/wp\/v2\/users\/2"}],"replies":[{"embeddable":true,"href":"http:\/\/www.projet-decroissance.net\/index.php?rest_route=%2Fwp%2Fv2%2Fcomments&post=1673"}],"version-history":[{"count":6,"href":"http:\/\/www.projet-decroissance.net\/index.php?rest_route=\/wp\/v2\/posts\/1673\/revisions"}],"predecessor-version":[{"id":1678,"href":"http:\/\/www.projet-decroissance.net\/index.php?rest_route=\/wp\/v2\/posts\/1673\/revisions\/1678"}],"wp:attachment":[{"href":"http:\/\/www.projet-decroissance.net\/index.php?rest_route=%2Fwp%2Fv2%2Fmedia&parent=1673"}],"wp:term":[{"taxonomy":"category","embeddable":true,"href":"http:\/\/www.projet-decroissance.net\/index.php?rest_route=%2Fwp%2Fv2%2Fcategories&post=1673"},{"taxonomy":"post_tag","embeddable":true,"href":"http:\/\/www.projet-decroissance.net\/index.php?rest_route=%2Fwp%2Fv2%2Ftags&post=1673"}],"curies":[{"name":"wp","href":"https:\/\/api.w.org\/{rel}","templated":true}]}}