{"id":1698,"date":"2013-03-21T10:17:07","date_gmt":"2013-03-21T10:17:07","guid":{"rendered":"http:\/\/www.projet-decroissance.net\/?p=1698"},"modified":"2014-03-31T10:24:52","modified_gmt":"2014-03-31T10:24:52","slug":"un-projet-de-decroissance-a-bruxelles-le-bien-commun-le-dimanche-27-avril-a-9h30","status":"publish","type":"post","link":"http:\/\/www.projet-decroissance.net\/?p=1698","title":{"rendered":"\u00ab\u00a0Un Projet de D\u00e9croissance\u00a0\u00bb \u00e0 Bruxelles : \u00ab\u00a0le bien commun\u00a0\u00bb &#8211; Le dimanche 27 avril \u00e0 9h30"},"content":{"rendered":"<p align=\"center\"><b><a href=\"http:\/\/www.objecteursdecroissance.be\/\" target=\"_blank\"><img loading=\"lazy\" decoding=\"async\" class=\"alignleft\" alt=\"\" src=\"http:\/\/www.objecteursdecroissance.be\/IMG\/siteon0.jpg?1284591287\" width=\"100\" height=\"73\" \/><\/a><a href=\"http:\/\/www.projet-decroissance.net\/\" target=\"_blank\"><em><img loading=\"lazy\" decoding=\"async\" class=\"alignright\" alt=\"\" src=\"https:\/\/ci5.googleusercontent.com\/proxy\/98wvAZxV2JuhVlEedXPhVkzK7TCrY9lTA3RrnFfMWh5mmxDDDLRz5qeL8HKLF_8kcFPRbLirE-Wto28WbtXZS_E4ZTVK0Y8WvTFhSy2t_nFVe2Zqjlecs1tdKXJg0PaEx5MLK9LMdQ3RplZwH1Q3805UFg=s0-d-e1-ft#http:\/\/www.projet-decroissance.net\/wp-content\/uploads\/2012\/12\/manifeste-dia-couverture140.jpg\" width=\"108\" height=\"177\" \/><\/em><\/a>Tables rondes sur le bien commun<br \/>\n<\/b>Espace Marx, rue Rouppe, 4 \u00e0 1000 Bruxelles<br \/>\nDimanche 27 avril 2014.<br \/>\nCo-organis\u00e9 par les Amis de la Terre et le mpOC<br \/>\ndans le cadre du cycle \u00ab\u00a0Une soci\u00e9t\u00e9 du bien vivre. Sortir de la tyrannie de l\u2019\u00e9conomie\u00a0\u00bb.<\/p>\n<p><b><span style=\"text-decoration: underline;\">Programme\u00a0:<\/span><\/b><\/p>\n<p>9 h\u00a0: Accueil<br \/>\n9 h 30\u00a0: Table ronde n\u00b0 1 \u00ab\u00a0Revenu(s) et travail\u00a0\u00bb. Intervenants\u00a0:<br \/>\nPhilippe Defeyt, \u00e9conomiste, pr\u00e9sident du CPAS de Namur\u00a0;<br \/>\nLuca Ciccia, directeur de la Mission locale de Saint-Gilles\u00a0;<br \/>\nVincent Li\u00e9gey (F), ing\u00e9nieur, essayiste, membre du Parti pour la d\u00e9croissance (PPLD) et co-auteur d&rsquo;<a href=\"http:\/\/www.projet-decroissance.net\/\" target=\"_blank\">Un Projet de D\u00e9croissance<\/a> ;<br \/>\nJean-Christophe Giuliani (F), fondateur du Mouvement pour un d\u00e9veloppement humain (MPDH), banquier de l\u2019\u00c9glise de la tr\u00e8s sainte consommation \u00e0 Lille.<\/p>\n<p>\u2022\u00a0Midi\u00a0: pause-d\u00e9jeuner.<!--more--><\/p>\n<p>\u2022 13 h 30\u00a0: Table ronde n\u00b0 2 \u00ab\u00a0Les biens communs\u00a0\u00bb. Intervenants\u00a0:<br \/>\n&#8211; Dominique Nalpas, membre des \u00c9tats g\u00e9n\u00e9raux de l\u2019eau (Bruxelles).<br \/>\n&#8211; St\u00e9phane Desgain, membre du Centre national de coop\u00e9ration au d\u00e9veloppement (CNCD).<br \/>\n&#8211; Geert De Pauw, membre du Community Land Trust.<\/p>\n<p>\u2022 16 h 00\u00a0: Fin<\/p>\n<p>Pour des raisons de s\u00e9curit\u00e9, le nombre de participants est limit\u00e9 \u00e0 40 personnes. L\u2019inscription et le paiement avant le 17 avril feront foi.<\/p>\n<p>Inscription via <a href=\"mailto:contact@amisdelaterre.be\">contact@amisdelaterre.be<\/a><\/p>\n<p>Infos\u00a0compl\u00e9mentaires et inscriptions au 081.84.90.19.<\/p>\n","protected":false},"excerpt":{"rendered":"<p>Tables rondes sur le bien commun Espace Marx, rue Rouppe, 4 \u00e0 1000 Bruxelles Dimanche 27 avril 2014. Co-organis\u00e9 par les Amis de la Terre et le mpOC dans le cadre du cycle \u00ab\u00a0Une soci\u00e9t\u00e9 du bien vivre. Sortir de &hellip; <a href=\"http:\/\/www.projet-decroissance.net\/?p=1698\">Continuer la lecture <span class=\"meta-nav\">&rarr;<\/span><\/a><\/p>\n","protected":false},"author":3,"featured_media":0,"comment_status":"closed","ping_status":"open","sticky":false,"template":"","format":"standard","meta":{"footnotes":""},"categories":[6],"tags":[],"class_list":["post-1698","post","type-post","status-publish","format-standard","hentry","category-agenda"],"_links":{"self":[{"href":"http:\/\/www.projet-decroissance.net\/index.php?rest_route=\/wp\/v2\/posts\/1698","targetHints":{"allow":["GET"]}}],"collection":[{"href":"http:\/\/www.projet-decroissance.net\/index.php?rest_route=\/wp\/v2\/posts"}],"about":[{"href":"http:\/\/www.projet-decroissance.net\/index.php?rest_route=\/wp\/v2\/types\/post"}],"author":[{"embeddable":true,"href":"http:\/\/www.projet-decroissance.net\/index.php?rest_route=\/wp\/v2\/users\/3"}],"replies":[{"embeddable":true,"href":"http:\/\/www.projet-decroissance.net\/index.php?rest_route=%2Fwp%2Fv2%2Fcomments&post=1698"}],"version-history":[{"count":1,"href":"http:\/\/www.projet-decroissance.net\/index.php?rest_route=\/wp\/v2\/posts\/1698\/revisions"}],"predecessor-version":[{"id":1699,"href":"http:\/\/www.projet-decroissance.net\/index.php?rest_route=\/wp\/v2\/posts\/1698\/revisions\/1699"}],"wp:attachment":[{"href":"http:\/\/www.projet-decroissance.net\/index.php?rest_route=%2Fwp%2Fv2%2Fmedia&parent=1698"}],"wp:term":[{"taxonomy":"category","embeddable":true,"href":"http:\/\/www.projet-decroissance.net\/index.php?rest_route=%2Fwp%2Fv2%2Fcategories&post=1698"},{"taxonomy":"post_tag","embeddable":true,"href":"http:\/\/www.projet-decroissance.net\/index.php?rest_route=%2Fwp%2Fv2%2Ftags&post=1698"}],"curies":[{"name":"wp","href":"https:\/\/api.w.org\/{rel}","templated":true}]}}