{"id":1700,"date":"2013-03-21T10:27:41","date_gmt":"2013-03-21T10:27:41","guid":{"rendered":"http:\/\/www.projet-decroissance.net\/?p=1700"},"modified":"2014-05-14T13:11:13","modified_gmt":"2014-05-14T13:11:13","slug":"un-projet-de-decroissance-en-bulgare-en-mai","status":"publish","type":"post","link":"http:\/\/www.projet-decroissance.net\/?p=1700","title":{"rendered":"\u00ab\u00a0Un Projet de D\u00e9croissance\u00a0\u00bb en Bulgarie en mai !"},"content":{"rendered":"<p><a href=\"http:\/\/nemnovekedes.net\/\" target=\"_blank\"><a href=\"http:\/\/www.projet-decroissance.net\/wp-content\/uploads\/2013\/03\/Communiqu\u00e9_Decroissance_26_mai_fr.jpg\"><img loading=\"lazy\" decoding=\"async\" class=\"alignnone size-full wp-image-1779\" alt=\"Communiqu\u00e9_Decroissance_26_mai_fr\" src=\"http:\/\/www.projet-decroissance.net\/wp-content\/uploads\/2013\/03\/Communiqu\u00e9_Decroissance_26_mai_fr.jpg\" width=\"1240\" height=\"1754\" srcset=\"http:\/\/www.projet-decroissance.net\/wp-content\/uploads\/2013\/03\/Communiqu\u00e9_Decroissance_26_mai_fr.jpg 1240w, http:\/\/www.projet-decroissance.net\/wp-content\/uploads\/2013\/03\/Communiqu\u00e9_Decroissance_26_mai_fr-212x300.jpg 212w, http:\/\/www.projet-decroissance.net\/wp-content\/uploads\/2013\/03\/Communiqu\u00e9_Decroissance_26_mai_fr-723x1024.jpg 723w\" sizes=\"auto, (max-width: 1240px) 100vw, 1240px\" \/><\/a><img loading=\"lazy\" decoding=\"async\" class=\"alignleft\" alt=\"jolet-degrowth-decroissance-nemnovekedes-liegey\" src=\"http:\/\/nemnovekedes.net\/wp-content\/uploads\/2013\/12\/jolet-degrowth-decroissance-nemnovekedes-liegey-194x300.jpg\" width=\"126\" height=\"194\" \/><\/a>Apr\u00e8s les \u00e9ditions <a href=\"http:\/\/www.projet-decroissance.net\/?p=1532\" target=\"_blank\">hongroises<\/a>, <a href=\"http:\/\/www.projet-decroissance.net\/?p=1566\">qu\u00e9b\u00e9coises<\/a>, espagnoles, \u00ab\u00a0Un Projet de D\u00e9croissance\u00a0\u00bb sort en Bulgare.<br \/>\nA cette occasion, plusieurs rencontres seront organiser \u00e0 Sofia :<\/p>\n<p>&#8211; 26 mai 2014, 18 h\u00a0: Vincent Liegey, La d\u00e9croissance &#8211; Pr\u00e9sentation du livre Manifeste pour une dotation inconditionnelle d\u2019autonomie, un projet de d\u00e9croissance, \u00c9ditions Ciela.<\/p>\n<p><a href=\"http:\/\/www.projet-decroissance.net\/wp-content\/uploads\/2014\/01\/projet-decroissance-ecosociete-quebec.jpeg\"><img loading=\"lazy\" decoding=\"async\" class=\"alignright\" alt=\"projet-decroissance-ecosociete-quebec\" src=\"http:\/\/www.projet-decroissance.net\/wp-content\/uploads\/2014\/01\/projet-decroissance-ecosociete-quebec.jpeg\" width=\"119\" height=\"186\" \/><\/a>&#8211;\u00a026 \u043c\u0430\u0439 2014, 18 \u0447: \u0412\u0435\u043d\u0441\u0430\u043d \u041b\u0438\u0435\u0436\u0435, \u0421\u0432\u0438\u0432\u0430\u043d\u0435 \u043d\u0430 \u0440\u0430\u0441\u0442\u0435\u0436\u0430 \u041f\u0440\u0435\u0434\u0441\u0442\u0430\u0432\u044f\u043d\u0435 \u043d\u0430 \u043a\u043d\u0438\u0433\u0430\u0442\u0430 \u041c\u0430\u043d\u0438\u0444\u0435\u0441\u0442 \u0437\u0430 \u0431\u0435\u0437\u0443\u0441\u043b\u043e\u0432\u043d\u0430 \u0434\u043e\u0442\u0430\u0446\u0438\u044f \u0437\u0430 \u0430\u0432\u0442\u043e\u043d\u043e\u043c\u0438\u044f, \u043f\u0440\u043e\u0435\u043a\u0442 \u0437\u0430 \u0441\u0432\u0438\u0432\u0430\u043d\u0435 \u043d\u0430 \u0440\u0430\u0441\u0442\u0435\u0436\u0430, \u0418\u0437\u0434\u0430\u0442\u0435\u043b\u0441\u0442\u0432\u043e \u0421\u0438\u0435\u043b\u0430<\/p>\n<p><strong>Vincent Liegey, St\u00e9phane Madelaine, Christophe Ondet, Anne-Isabelle Veillot<\/strong>.<br \/>\n<strong>Co-auteurs d\u2019 \u00ab\u00a0<em>Un projet de d\u00e9croissance. Manifeste pour une dotation inconditionnelle d\u2019autonomie<\/em>\u00a0\u00bb\u00a0<\/strong>, pr\u00e9face de Paul Ari\u00e8s. Les \u00e9ditions Utopia, 150 pages, 7 euros.<\/p>\n<p><em><img loading=\"lazy\" decoding=\"async\" class=\"alignleft\" alt=\"\" src=\"https:\/\/ci5.googleusercontent.com\/proxy\/98wvAZxV2JuhVlEedXPhVkzK7TCrY9lTA3RrnFfMWh5mmxDDDLRz5qeL8HKLF_8kcFPRbLirE-Wto28WbtXZS_E4ZTVK0Y8WvTFhSy2t_nFVe2Zqjlecs1tdKXJg0PaEx5MLK9LMdQ3RplZwH1Q3805UFg=s0-d-e1-ft#http:\/\/www.projet-decroissance.net\/wp-content\/uploads\/2012\/12\/manifeste-dia-couverture140.jpg\" width=\"108\" height=\"177\" \/>\u00ab\u00a0[&#8230;] La condition pour r\u00e9ussir cette transformation radicale de l\u2019\u00e9conomie est\u00a0<em>\u00ab\u00a0une forte adh\u00e9sion de tous et une participation \u00e0 cette volont\u00e9 de changement\u00a0\u00bb<\/em>.\u00a0Pour le moins\u2026\u00a0Mais il faut bien commencer un jour, et ce petit livre stimulant y contribue incontestablement.\u00a0\u00bb\u00a0<strong>Herv\u00e9 Kempf dans\u00a0<a href=\"http:\/\/www.lemonde.fr\/economie\/article\/2013\/03\/11\/la-decroissance-mode-d-emploi_1845977_3234.html?xtmc=liegey&amp;xtcr=1\" target=\"_blank\">Le Monde<\/a><em>.<\/em><\/strong><\/em><\/p>\n<p><em>\u00ab\u00a0<em>[&#8230;]\u00a0<\/em>Et le\u00a0<a href=\"http:\/\/www.projet-decroissance.net\/?p=954#more-954\" target=\"_blank\">succ\u00e8s rencontr\u00e9 par l\u2019ouvrage<\/a>\u00a0peut laisser penser que\u00a0\u00abla transition est bel et bien en marche\u00bb.\u00a0\u00a0\u00bb\u00a0<\/em><em><strong>Emmanuel Daniel sur\u00a0<\/strong><\/em><em><strong><a href=\"http:\/\/www.slate.fr\/story\/74453\/decroissant\" target=\"_blank\">Slate.fr<\/a>.<\/strong><\/em><\/p>\n<p><strong>Les essentiels :<\/strong><\/p>\n<ul>\n<li><a href=\"http:\/\/www.projet-decroissance.net\/?p=822\" target=\"_blank\">Un Projet de D\u00e9croissance dans Le Monde<\/a>\u00a0:\u00a0La d\u00e9croissance, mode d\u2019emploi<\/li>\n<li><a href=\"http:\/\/www.projet-decroissance.net\/?p=930\" target=\"_blank\">Un Projet de D\u00e9croissance sur France Culture<\/a>\u00a0: Terre \u00e0 Terre, avec Vincent Liegey par Ruth St\u00e9gassy<\/li>\n<li><a href=\"http:\/\/www.projet-decroissance.net\/?p=943\" target=\"_blank\">Un Projet de D\u00e9croissance dans Lib\u00e9ration<\/a>\u00a0: Vincent Liegey: \u00abOn ne peut plus cro\u00eetre dans un monde fini\u00bb<\/li>\n<li><a title=\"Lien permanent vers Un Projet de D\u00e9croissance sur Slate.fr : Pour en finir avec le Dieu Croissance\" href=\"http:\/\/www.projet-decroissance.net\/?p=1153\" rel=\"bookmark\">Un Projet de D\u00e9croissance sur Slate.fr : Pour en finir avec le Dieu Croissance<\/a><\/li>\n<li><a href=\"http:\/\/www.projet-decroissance.net\/?p=860\" target=\"_blank\">Un Projet de D\u00e9croissance dans BastaMag<\/a>\u00a0: \u00ab La libert\u00e9 de consommer est une illusion bien cher pay\u00e9e \u00bb<\/li>\n<li><a title=\"Lien permanent vers La transition est en marche ! \u2013 Sur Reporterre.net\" href=\"http:\/\/www.projet-decroissance.net\/?p=672\" target=\"_blank\" rel=\"bookmark\">La transition est en marche ! \u2013 Sur Reporterre.net<\/a><\/li>\n<li><a href=\"http:\/\/www.projet-decroissance.net\/?p=1548\" target=\"_blank\" rel=\"bookmark\">Utopie(s) 2050 : L\u2019utopie d\u2019hier est devenue la r\u00e9alit\u00e9 d\u2019aujourd\u2019hui !<\/a><\/li>\n<li><a href=\"http:\/\/www.projet-decroissance.net\/?p=1571\" rel=\"bookmark\">La Dotation Inconditionnelle d\u2019Autonomie d\u00e9crypt\u00e9e par l\u2019Institut Momentum<\/a><\/li>\n<\/ul>\n","protected":false},"excerpt":{"rendered":"<p>Apr\u00e8s les \u00e9ditions hongroises, qu\u00e9b\u00e9coises, espagnoles, \u00ab\u00a0Un Projet de D\u00e9croissance\u00a0\u00bb sort en Bulgare. A cette occasion, plusieurs rencontres seront organiser \u00e0 Sofia : &#8211; 26 mai 2014, 18 h\u00a0: Vincent Liegey, La d\u00e9croissance &#8211; Pr\u00e9sentation du livre Manifeste pour une &hellip; <a href=\"http:\/\/www.projet-decroissance.net\/?p=1700\">Continuer la lecture <span class=\"meta-nav\">&rarr;<\/span><\/a><\/p>\n","protected":false},"author":3,"featured_media":0,"comment_status":"closed","ping_status":"open","sticky":false,"template":"","format":"standard","meta":{"footnotes":""},"categories":[1,6],"tags":[],"class_list":["post-1700","post","type-post","status-publish","format-standard","hentry","category-actualites","category-agenda"],"_links":{"self":[{"href":"http:\/\/www.projet-decroissance.net\/index.php?rest_route=\/wp\/v2\/posts\/1700","targetHints":{"allow":["GET"]}}],"collection":[{"href":"http:\/\/www.projet-decroissance.net\/index.php?rest_route=\/wp\/v2\/posts"}],"about":[{"href":"http:\/\/www.projet-decroissance.net\/index.php?rest_route=\/wp\/v2\/types\/post"}],"author":[{"embeddable":true,"href":"http:\/\/www.projet-decroissance.net\/index.php?rest_route=\/wp\/v2\/users\/3"}],"replies":[{"embeddable":true,"href":"http:\/\/www.projet-decroissance.net\/index.php?rest_route=%2Fwp%2Fv2%2Fcomments&post=1700"}],"version-history":[{"count":4,"href":"http:\/\/www.projet-decroissance.net\/index.php?rest_route=\/wp\/v2\/posts\/1700\/revisions"}],"predecessor-version":[{"id":1780,"href":"http:\/\/www.projet-decroissance.net\/index.php?rest_route=\/wp\/v2\/posts\/1700\/revisions\/1780"}],"wp:attachment":[{"href":"http:\/\/www.projet-decroissance.net\/index.php?rest_route=%2Fwp%2Fv2%2Fmedia&parent=1700"}],"wp:term":[{"taxonomy":"category","embeddable":true,"href":"http:\/\/www.projet-decroissance.net\/index.php?rest_route=%2Fwp%2Fv2%2Fcategories&post=1700"},{"taxonomy":"post_tag","embeddable":true,"href":"http:\/\/www.projet-decroissance.net\/index.php?rest_route=%2Fwp%2Fv2%2Ftags&post=1700"}],"curies":[{"name":"wp","href":"https:\/\/api.w.org\/{rel}","templated":true}]}}