{"id":1832,"date":"2014-07-21T19:42:54","date_gmt":"2014-07-21T19:42:54","guid":{"rendered":"http:\/\/www.projet-decroissance.net\/?p=1832"},"modified":"2014-12-08T15:17:44","modified_gmt":"2014-12-08T15:17:44","slug":"realiser-la-decroissance","status":"publish","type":"post","link":"http:\/\/www.projet-decroissance.net\/?p=1832","title":{"rendered":"\u00ab\u00a0R\u00e9aliser la D\u00e9croissance\u00a0\u00bb dans une revue qu\u00e9b\u00e9coise"},"content":{"rendered":"<p><strong>C<a href=\"http:\/\/www.action-nationale.qc.ca\/cahiers-de-lecture\/207-ete-2014\"><img loading=\"lazy\" decoding=\"async\" class=\"alignleft  wp-image-1831\" src=\"http:\/\/www.projet-decroissance.net\/wp-content\/uploads\/2014\/07\/2014ete250.jpg\" alt=\"2014ete250\" width=\"196\" height=\"281\" \/><\/a>ette recension de Yves-Marie Abraham (<a href=\"http:\/\/www.projet-decroissance.net\/wp-content\/uploads\/2014\/07\/R\u00e9aliser-la-d\u00e9croissance-Cahiers-de-lecture-de-laction-nationale-juin-2014.pdf\">en pdf ici<\/a>) est parue dans Les cahiers de lecture de <a href=\"http:\/\/www.action-nationale.qc.ca\/cahiers-de-lecture\/207-ete-2014\">l\u2019Action nationale, Volume VIII, num\u00e9ro 3, \u00e9t\u00e9 2014, p. 25<\/a><\/strong>.<\/p>\n<p>Le projet d\u2019une \u00ab d\u00e9croissance soutenable \u00bb a fait son apparition dans le d\u00e9bat public il y a un peu plus de dix ans maintenant. Il s\u2019agissait en r\u00e9alit\u00e9 de la r\u00e9apparition sous une expression nouvelle d\u2019id\u00e9es formul\u00e9es dans les ann\u00e9es 1960 et 1970, que la r\u00e9volution conservatrice et l\u2019id\u00e9ologie du d\u00e9veloppement durable avaient \u00e9clips\u00e9es depuis. Ces id\u00e9es peuvent \u00eatre r\u00e9sum\u00e9es ainsi : la croissance \u00e9conomique que nos \u00ab responsables \u00bb pr\u00e9sentent comme une condition n\u00e9cessaire \u00e0 la r\u00e9solution de tous nos probl\u00e8mes collectifs est en fait la cause de ces probl\u00e8mes. Cette course sans fin \u00e0 la production de marchandises que mesure le PIB s\u2019av\u00e8re destructrice, injuste et ali\u00e9nante. Non seulement cette croissance infinie dans un monde fini est impossible, mais elle n\u2019est pas souhaitable au nom des valeurs d\u2019\u00e9galit\u00e9 et de libert\u00e9 qui sont cens\u00e9es \u00eatre les n\u00f4tres. Il faut donc rompre collectivement avec le dogme de la croissance et s\u2019engager r\u00e9solument dans l\u2019\u00e9laboration de soci\u00e9t\u00e9s post-croissance.<\/p>\n<p>Comment r\u00e9ussir cette r\u00e9volution? <!--more-->C\u2019est l\u2019objet du livre de Liegey et de ses compagnons que de tenter de r\u00e9pondre \u00e0 cette question, en proposant un outil de transition \u00ab d\u00e9mocratique et sereine \u00bb vers des soci\u00e9t\u00e9s lib\u00e9r\u00e9es du carcan de la croissance : la Dotation Inconditionnelle d\u2019Autonomie (DIA). Dans son principe, la DIA consiste \u00e0 garantir \u00e0 tous les membres d\u2019une collectivit\u00e9 (ville, r\u00e9gion, pays,\u2026), de la naissance \u00e0 la mort, l\u2019acc\u00e8s gratuit \u00e0 la quantit\u00e9 minimum de biens (eau, \u00e9nergie, sol, nourriture, v\u00eatements,\u2026) et de services (sant\u00e9, \u00e9ducation, transport, culture\u2026) consid\u00e9r\u00e9e par cette collectivit\u00e9 comme indispensable \u00e0 une vie humaine digne d\u2019\u00eatre v\u00e9cue. Cette quantit\u00e9 est d\u00e9cid\u00e9e d\u00e9mocratiquement, donc localement, dans le respect des limites \u00e9cologiques du territoire occup\u00e9 par les humains concern\u00e9s. Ceux qui le souhaitent peuvent consommer davantage de biens et de services, mais \u00e0 un prix tenant compte des co\u00fbts, \u00e9cologiques notamment, de cette surconsommation. Outre cette r\u00e8gle de la gratuit\u00e9 du bon usage et du rench\u00e9rissement du m\u00e9susage, un Revenu Maximum Acceptable (RMA), fix\u00e9 lui aussi sur une base d\u00e9mocratique, ach\u00e8ve d\u2019imposer des limites \u00e0 la consommation et \u00e0 la production, dans le but de r\u00e9duire \u00e0 la fois les in\u00e9galit\u00e9s et la d\u00e9vastation \u00e9cologique. La m\u00e9diation mon\u00e9taire n\u2019est pas \u00e9limin\u00e9e, mais prend la forme de monnaies locales fondantes (dont la valeur d\u00e9cline avec le temps), que l\u2019on ne peut donc th\u00e9sauriser.<\/p>\n<p>Produire moins, partager plus et d\u00e9cider davantage : tels sont les trois principes de base de la DIA. Leur application d\u00e9bouche sur une remise en cause fondamentale de cette machine \u00e0 produire les marchandises qu\u2019est l\u2019entreprise capitaliste (priv\u00e9e ou d\u2019\u00c9tat). Son<br \/>\nmoteur principal, le salariat, perd en effet sa n\u00e9cessit\u00e9 d\u00e8s lors que cette Dotation est mise en place. Quant \u00e0 sa condition de possibilit\u00e9, la propri\u00e9t\u00e9 priv\u00e9e des moyens de production, elle ne peut qu\u2019\u00eatre abolie, au profit de la seule propri\u00e9t\u00e9 d\u2019usage, conform\u00e9ment au slogan zapatiste : \u00ab la terre appartient \u00e0 celui qui la travaille \u00bb. \u00c9videmment, les auteurs de ce petit livre (vert!) ont conscience que bon nombre de leurs contemporains, \u00e0 commencer bien s\u00fbr par les \u00e9lites au pouvoir, ne sont pas encore pr\u00eats \u00e0 sauter le pas vers la DIA. Ils esquissent donc trois sc\u00e9narios possibles qui pourraient nous y conduire, sans violence ni d\u00e9sastres, \u00e0 partir de la situation actuelle des soci\u00e9t\u00e9s occidentales. Le plus probable d\u2019entre eux passe par la multiplication d\u2019exp\u00e9rimentations locales collectives jusqu\u2019\u00e0 l\u2019atteinte d\u2019une masse critique et de r\u00e9sultats suffisamment encourageants pour convaincre des autorit\u00e9s politiques locales, r\u00e9gionales ou nationales de soutenir le mouvement; un soutien qui pourrait prendre la forme d\u2019une r\u00e9duction significative du temps de travail, dans le but de partager celui-ci. Le temps ainsi lib\u00e9r\u00e9 devrait permettre alors \u00e0 chacun de commencer \u00e0 reprendre le contr\u00f4le de son existence, notamment en participant plus activement \u00e0 la vie politique de sa collectivit\u00e9 et en apprenant \u00e0 produire et consommer en fonction de ses besoins et non plus des exigences capitalistes. Une derni\u00e8re \u00e9tape vers la DIA pourrait \u00eatre ensuite la mise en place, \u00e0 titre transitoire toujours, d\u2019un Revenu Inconditionnel d\u2019Existence (RIE), ultime clou plant\u00e9 dans le cercueil de l\u2019emploi salari\u00e9 par lequel le Capital se valorise \u00e0 nos d\u00e9pens.<\/p>\n<p>L\u2019ouvrage de Liegey, Madelaine, Ondet et Veillot conna\u00eet un succ\u00e8s consid\u00e9rable en Europe depuis sa parution en janvier 2013. Jusqu\u2019\u00e0 cette date, la litt\u00e9rature \u00ab d\u00e9croissanciste \u00bb avait port\u00e9 principalement sur la critique des effets pervers de la croissance \u00e9conomique, ne livrant que quelques propositions \u00e9parses, souvent h\u00e9t\u00e9roclites, concernant la transition vers des soci\u00e9t\u00e9s post-croissance. Un projet de d\u00e9croissance a le grand m\u00e9rite d\u2019\u00eatre la premi\u00e8re tentative s\u00e9rieuse de r\u00e9ponse \u00e0 la question \u00ab Que faire? \u00bb dans une perspective d\u00e9croissanciste. Il r\u00e9ussit par ailleurs \u00e0 int\u00e9grer l\u2019essentiel des id\u00e9es d\u00e9velopp\u00e9es par les \u00ab objecteurs de croissance \u00bb depuis dix ans, dans un \u00ab outil \u00bb coh\u00e9rent et pragmatique. On doit saluer enfin le ton de cet ouvrage, tr\u00e8s critique sur le fond, mais tout \u00e0 fait non-violent dans la forme. Les lecteurs qu\u2019un discours r\u00e9volutionnaire pourrait inqui\u00e9ter appr\u00e9cieront l\u2019anticapitalisme sans haine qu\u2019affichent les quatre jeunes auteurs. Celles et ceux qui demeurent convaincus de la n\u00e9cessit\u00e9 de la croissance \u00e9conomique resteront \u00e9videmment dubitatifs. A ceux-l\u00e0, nous conseillerons plut\u00f4t la lecture de textes soulignant les limites de la croissance, comme ceux dont nous avons rendu compte dans un pr\u00e9c\u00e9dent num\u00e9ro des Cahiers (\u00ab Il n\u2019y a pas d\u2019avenir pour les goinfres \u00bb, automne 2013). En revanche, Un projet de d\u00e9croissance doit absolument \u00eatre lu et d\u00e9battu par toutes celles et tous ceux qui se pr\u00e9occupent de lib\u00e9rer notre monde de la \u00ab cage d\u2019acier \u00bb du capitalisme.<\/p>\n<p style=\"text-align: right;\"><strong>Yves-Marie Abraham<\/strong><\/p>\n<p style=\"text-align: left;\">La version pdf : <a href=\"http:\/\/www.projet-decroissance.net\/wp-content\/uploads\/2014\/07\/R\u00e9aliser-la-d\u00e9croissance-Cahiers-de-lecture-de-laction-nationale-juin-2014.pdf\">clic<\/a><\/p>\n<p>Vincent Liegey, St\u00e9phane Madelaine, Christophe Ondet, Anne-Isabelle Veillot, Un projet de d\u00e9croissance. Manifeste pour une Dotation Inconditionnelle d\u2019Autonomie (DIA), Montr\u00e9al, \u00c9cosoci\u00e9t\u00e9, 2014, 147 pages.<\/p>\n","protected":false},"excerpt":{"rendered":"<p>Cette recension de Yves-Marie Abraham (en pdf ici) est parue dans Les cahiers de lecture de l\u2019Action nationale, Volume VIII, num\u00e9ro 3, \u00e9t\u00e9 2014, p. 25. Le projet d\u2019une \u00ab d\u00e9croissance soutenable \u00bb a fait son apparition dans le d\u00e9bat &hellip; <a href=\"http:\/\/www.projet-decroissance.net\/?p=1832\">Continuer la lecture <span class=\"meta-nav\">&rarr;<\/span><\/a><\/p>\n","protected":false},"author":2,"featured_media":0,"comment_status":"closed","ping_status":"open","sticky":false,"template":"","format":"standard","meta":{"footnotes":""},"categories":[1,7],"tags":[],"class_list":["post-1832","post","type-post","status-publish","format-standard","hentry","category-actualites","category-dans-la-presse-et-sur-la-toile"],"_links":{"self":[{"href":"http:\/\/www.projet-decroissance.net\/index.php?rest_route=\/wp\/v2\/posts\/1832","targetHints":{"allow":["GET"]}}],"collection":[{"href":"http:\/\/www.projet-decroissance.net\/index.php?rest_route=\/wp\/v2\/posts"}],"about":[{"href":"http:\/\/www.projet-decroissance.net\/index.php?rest_route=\/wp\/v2\/types\/post"}],"author":[{"embeddable":true,"href":"http:\/\/www.projet-decroissance.net\/index.php?rest_route=\/wp\/v2\/users\/2"}],"replies":[{"embeddable":true,"href":"http:\/\/www.projet-decroissance.net\/index.php?rest_route=%2Fwp%2Fv2%2Fcomments&post=1832"}],"version-history":[{"count":4,"href":"http:\/\/www.projet-decroissance.net\/index.php?rest_route=\/wp\/v2\/posts\/1832\/revisions"}],"predecessor-version":[{"id":1837,"href":"http:\/\/www.projet-decroissance.net\/index.php?rest_route=\/wp\/v2\/posts\/1832\/revisions\/1837"}],"wp:attachment":[{"href":"http:\/\/www.projet-decroissance.net\/index.php?rest_route=%2Fwp%2Fv2%2Fmedia&parent=1832"}],"wp:term":[{"taxonomy":"category","embeddable":true,"href":"http:\/\/www.projet-decroissance.net\/index.php?rest_route=%2Fwp%2Fv2%2Fcategories&post=1832"},{"taxonomy":"post_tag","embeddable":true,"href":"http:\/\/www.projet-decroissance.net\/index.php?rest_route=%2Fwp%2Fv2%2Ftags&post=1832"}],"curies":[{"name":"wp","href":"https:\/\/api.w.org\/{rel}","templated":true}]}}