{"id":1852,"date":"2014-08-05T10:01:31","date_gmt":"2014-08-05T10:01:31","guid":{"rendered":"http:\/\/www.projet-decroissance.net\/?p=1852"},"modified":"2014-08-05T10:02:04","modified_gmt":"2014-08-05T10:02:04","slug":"protectionnisme-et-decroissance-pour-une-relocalisation-ouverte-les-zindignees","status":"publish","type":"post","link":"http:\/\/www.projet-decroissance.net\/?p=1852","title":{"rendered":"Protectionnisme et D\u00e9croissance ? Pour une relocalisation ouverte &#8211; Les Z\u2019indign\u00e9(e)s"},"content":{"rendered":"<p><a href=\"http:\/\/golias-editions.fr\/article5250.html\" target=\"_blank\"><em>Publi\u00e9 dans\u00a0Les Z\u2019indign\u00e9(e)s n\u00b0 16, Juin 2014.<\/em><\/a><br class=\"Apple-interchange-newline\" style=\"color: #333333;\" \/><a href=\"http:\/\/www.les-indignes-revue.fr\/\" target=\"_blank\"><img loading=\"lazy\" decoding=\"async\" class=\"spip_logos alignleft\" style=\"font-style: italic; color: #ecb10d;\" title=\"Couverture de Les Z'indign\u00e9(e)s n\u00b0 16\" src=\"http:\/\/www.les-indignes-revue.fr\/local\/cache-vignettes\/L198xH281\/arton51-77cb6.png\" alt=\"Les Z'indign\u00e9(e)s n\u00b0 16\" width=\"198\" height=\"281\" \/><\/a><br \/>\nLe \u00ab\u00a0protectionnisme\u00a0\u00bb est une notion qui revient tr\u00e8s souvent quand il s&rsquo;agit d&rsquo;imaginer des solutions pour faire face aux affres du lib\u00e9ralisme. Nos amis de gauche le mettent souvent en avant, et m\u00eame si nous comprenons et partageons leur d\u00e9marche, nous \u00e9mettons quelques r\u00e9serves. En effet, en tant qu&rsquo;objectrices et objecteurs de croissance, nous restons prudents, pas uniquement avec le diagnostique et les propositions, mais avec le terme en lui m\u00eame et ce, pour plusieurs raisons :<\/p>\n<p><!--more--><\/p>\n<p class=\"normal\"><i><span style=\"color: black;\">&#8211; Le protectionnisme fait \u00e9cho \u00e0 la soci\u00e9t\u00e9 de la peur\u2026 il faut nous lib\u00e9rer de cette domination qui fait le jeu des oligarques et des extr\u00eames droites :<\/span><\/i><\/p>\n<p class=\"normal\"><span style=\"color: black;\">Nos soci\u00e9t\u00e9s, qui plus est avec l\u2019intensification des plans d\u2019aust\u00e9rit\u00e9 impos\u00e9s par l\u2019imposture des dettes publiques, sont domin\u00e9es par des peurs \u00e9conomiques l\u00e9gitimes\u00a0: peurs du d\u00e9classement, de perdre son emploi, du non remboursement d\u2019un pr\u00eat, pour l\u2019avenir de ses enfants, etc. La r\u00e9ponse \u00e0 ces peurs ne doit pas s\u2019inscrire dans une r\u00e9action\u00a0simpliste : se prot\u00e9ger. De qui, de quoi\u00a0? Tout le monde subit les d\u00e9sastres sociaux, humains et \u00e9cologiques de ce syst\u00e8me productiviste oligarchique aberrant. Ce n\u2019est pas en s\u2019inscrivant dans une r\u00e9action au probl\u00e8me que l\u2019on peut s\u2019en sortir. Ce qui nous d\u00e9range est que le terme de protectionnisme peut s\u2019av\u00e9rer en ad\u00e9quation avec les discours simplificateurs et d\u00e9magogiques des extr\u00eames-droites et ainsi \u00e9luder les vrais d\u00e9bats de fond\u00a0: la crise anthropologique.<i><\/i><\/span><\/p>\n<p class=\"normal\"><i><span style=\"color: black;\">&#8211; L\u2019enjeu n\u2019est pas tant de r\u00e9guler l\u2019\u00e9conomie que de sortir de la religion de l\u2019\u00e9conomie\u00a0:<\/span><\/i><\/p>\n<p class=\"normal\"><span style=\"color: black;\">Nous vivons dans des soci\u00e9t\u00e9s culturellement domin\u00e9es par l&rsquo;argent, la concurrence, la comp\u00e9titivit\u00e9 et des imaginaires colonis\u00e9s par l&rsquo;homo-economicus. Or, le probl\u00e8me n&rsquo;est pas de trouver des palliatifs pour adoucir la tyrannie de l&rsquo;\u00e9conomie mais bien d&rsquo;en sortir et de nous lib\u00e9rer de ces addictions, de faire des \u00ab\u00a0pas-de-c\u00f4t\u00e9\u00a0\u00bb et de questionner le sens de nos productions bien plus que d\u2019en prot\u00e9ger leur localisation. L&rsquo;enjeu est de revenir \u00e0 de vraies questions : celles du sens de nos vies, de nos productions, de nos consommations et de nos \u00e9changes.<i><\/i><\/span><\/p>\n<p class=\"normal\"><i><span style=\"color: black;\">&#8211; Ne plus \u00eatre sur la d\u00e9fensive, ce que v\u00e9hicule le terme de protectionnisme, mais au contraire, construire et se r\u00e9approprier l\u2019espoir en se tournant vers de nouveaux paradigmes\u00a0:<\/span><\/i><\/p>\n<p class=\"normal\"><span style=\"color: black;\">L\u2019enjeu n\u2019est pas tant de grignoter des miettes ici ou l\u00e0 pour sauver de l\u2019emploi. L\u2019enjeu est encore moins de r\u00e9industrialiser nos soci\u00e9t\u00e9s dites d\u00e9velopp\u00e9es. Il ne s\u2019agit donc pas, \u00e0 l&rsquo;image de ce que propose le d\u00e9veloppement durable pour les enjeux \u00e9cologiques, de \u00ab\u00a0polluer moins pour polluer plus longtemps\u00a0\u00bb, de \u00ab\u00a0prot\u00e9ger plus pour produire plus longtemps dans des conditions indignes, des saloperies inutiles\u00a0\u00bb. L\u2019enjeu est d\u2019initier des transitions vers de nouveaux mod\u00e8les de soci\u00e9t\u00e9s \u00e0 la fois \u00e9cologiquement soutenables et socialement juste, des soci\u00e9t\u00e9s conviviales et autonomes.<\/span><\/p>\n<p class=\"normal\"><span style=\"color: black;\">Pour ces trois raisons, nous sommes critiques et prudents avec le terme \u00ab\u00a0protectionnisme\u00a0\u00bb, trop sur la d\u00e9fensive et dans la logique du syst\u00e8me. Nous pr\u00e9f\u00e9rons parler de \u00ab\u00a0relocalisation ouverte\u00a0\u00bb.<\/span><\/p>\n<p class=\"normal\"><span style=\"color: black;\">La proposition de relocaliser les productions ne se fait pas pour se prot\u00e9ger \u00ab\u00a0d&rsquo;autres\u00a0\u00bb ou contre \u00ab\u00a0d&rsquo;autres\u00a0\u00bb mais bien pour redonner du sens \u00e0 nos soci\u00e9t\u00e9s :<\/span><i><\/i><\/p>\n<p class=\"normal\"><i>&#8211; Un s<span style=\"color: black;\">ens \u00e9nerg\u00e9tique et environnemental ou \u00e9cologique\u00a0:<\/span><\/i><\/p>\n<p class=\"normal\"><span style=\"color: black;\">Nos soci\u00e9t\u00e9s se sont d\u00e9velopp\u00e9es sans se soucier des distances\u00a0: automobiles, avions, cargos mais aussi t\u00e9l\u00e9communications semblent les avoir r\u00e9duites. Pourtant, le g\u00e2chis \u00e9nerg\u00e9tique est terrible, le temps de travail perdu et l\u2019intelligence humaine g\u00e2ch\u00e9e \u00e9galement. Cette organisation provoque des pollutions, des encombrements malsains, des accidents et des mal-\u00eatres. Cet am\u00e9nagement des territoires ne les m\u00e9nage pas. Prendre en compte l&rsquo;enjeu \u00e9cologique nous contraint \u00e0 nous questionner sur le sens de ce que nous produisons et \u00e0 relocaliser les productions qui peuvent l&rsquo;\u00eatre.<i><\/i><\/span><\/p>\n<p class=\"normal\"><i><span style=\"color: black;\">&#8211; Un sens humain\u00a0: entre convivialit\u00e9 et d\u00e9croissance des in\u00e9galit\u00e9s et des dominations\u00a0:<\/span><\/i><\/p>\n<p class=\"normal\"><span style=\"color: black;\">Produire, \u00e9changer et consommer local c\u2019est changer son rapport \u00e0 l\u2019autre, \u00e0 l\u2019outil et \u00e0 l\u2019environnement. Nous vivons dans une illusion de toute puissance, une illusion de libert\u00e9 de consommer et d\u2019individualisme\u00a0: le monde est organis\u00e9 d\u2019une telle mani\u00e8re que nous ne sommes jamais confront\u00e9s aux cons\u00e9quences ni environnementales ni humaines de nos actes de consommation. Cette banalit\u00e9 du mal entretenue par le d\u00e9ni nous fait accepter, loin de chez nous, l\u2019exploitation dans des conditions de travail indignes, des cons\u00e9quences environnementales terribles que nous refuserions si elles concerneraient nos enfants, nos proches, nos voisins ou nos territoires.<i><\/i><\/span><\/p>\n<p class=\"normal\"><i><span style=\"color: black;\">&#8211; Pour une relocalisation mais <b>ouverte<\/b>, car l\u2019ouverture c\u2019est la solidarit\u00e9, le partage, l\u2019hospitalit\u00e9, les \u00e9changes interculturels\u00a0:<\/span><\/i><\/p>\n<p class=\"normal\"><span style=\"color: black;\">Nous sommes dans un monde globalis\u00e9 d\u2019une complexit\u00e9 sans pr\u00e9c\u00e9dent n\u00e9cessitant des interd\u00e9pendances techniques, en ressources et en productions monstrueuses. Dans une logique de transition d\u00e9mocratique et sereine comme soutenue par la D\u00e9croissance, nous aurons besoin de solidarit\u00e9s et de concertations, donc d\u2019ouvertures, de mains tendues.<\/span><\/p>\n<p class=\"normal\"><span style=\"color: black;\">Des soci\u00e9t\u00e9s relocalis\u00e9es referm\u00e9es sur elles-m\u00eames ne peuvent \u00eatre ni souhaitables ni des options d&rsquo;avenir. Au contraire, nous avons besoin de nous ouvrir aux autres pour profiter de la richesse culturelle, des \u00e9changes d&rsquo;exp\u00e9riences, de savoir-faire et de savoir-\u00eatre\u2026 C&rsquo;est le \u00ab\u00a0buen vivir\u00a0\u00bb que promeut la D\u00e9croissance. C&rsquo;est comme cela que nous nous prot\u00e9gerons collectivement de toutes formes de dominations, que nous pourrons nous lib\u00e9rer de l&rsquo;\u00e9conomie et des peurs qu&rsquo;elle entretient.<\/span><\/p>\n<p class=\"normal\"><span style=\"color: black;\">L\u00e0 o\u00f9 le terme \u00ab\u00a0protectionnisme\u00a0\u00bb risque d\u2019\u00e9luder les vrais probl\u00e8mes, et d\u2019entretenir l\u2019illusion de fausses solutions simplistes comme le repli sur soi, sur la nation, nous pr\u00e9f\u00e9rons la relocalisation ouverte de nos productions et de nos vies, signes de convivialit\u00e9, de justices sociales et environnementales sur fond de solidarit\u00e9s. <\/span><\/p>\n<p class=\"normal\"><b>Vincent Liegey, Christophe Ondet, St\u00e9phane Madelaine et Thomas Avenel<\/b><span style=\"color: black;\"><br \/>\n<i>Pour le collectif \u00ab\u00a0<a href=\"www.projet-decroissance.net\" target=\"_blank\">Un Projet de D\u00e9croissance<\/a>\u00ab\u00a0.<\/i><\/span><\/p>\n","protected":false},"excerpt":{"rendered":"<p>Publi\u00e9 dans\u00a0Les Z\u2019indign\u00e9(e)s n\u00b0 16, Juin 2014. Le \u00ab\u00a0protectionnisme\u00a0\u00bb est une notion qui revient tr\u00e8s souvent quand il s&rsquo;agit d&rsquo;imaginer des solutions pour faire face aux affres du lib\u00e9ralisme. Nos amis de gauche le mettent souvent en avant, et m\u00eame &hellip; <a href=\"http:\/\/www.projet-decroissance.net\/?p=1852\">Continuer la lecture <span class=\"meta-nav\">&rarr;<\/span><\/a><\/p>\n","protected":false},"author":3,"featured_media":0,"comment_status":"closed","ping_status":"open","sticky":false,"template":"","format":"standard","meta":{"footnotes":""},"categories":[1,7],"tags":[],"class_list":["post-1852","post","type-post","status-publish","format-standard","hentry","category-actualites","category-dans-la-presse-et-sur-la-toile"],"_links":{"self":[{"href":"http:\/\/www.projet-decroissance.net\/index.php?rest_route=\/wp\/v2\/posts\/1852","targetHints":{"allow":["GET"]}}],"collection":[{"href":"http:\/\/www.projet-decroissance.net\/index.php?rest_route=\/wp\/v2\/posts"}],"about":[{"href":"http:\/\/www.projet-decroissance.net\/index.php?rest_route=\/wp\/v2\/types\/post"}],"author":[{"embeddable":true,"href":"http:\/\/www.projet-decroissance.net\/index.php?rest_route=\/wp\/v2\/users\/3"}],"replies":[{"embeddable":true,"href":"http:\/\/www.projet-decroissance.net\/index.php?rest_route=%2Fwp%2Fv2%2Fcomments&post=1852"}],"version-history":[{"count":2,"href":"http:\/\/www.projet-decroissance.net\/index.php?rest_route=\/wp\/v2\/posts\/1852\/revisions"}],"predecessor-version":[{"id":1854,"href":"http:\/\/www.projet-decroissance.net\/index.php?rest_route=\/wp\/v2\/posts\/1852\/revisions\/1854"}],"wp:attachment":[{"href":"http:\/\/www.projet-decroissance.net\/index.php?rest_route=%2Fwp%2Fv2%2Fmedia&parent=1852"}],"wp:term":[{"taxonomy":"category","embeddable":true,"href":"http:\/\/www.projet-decroissance.net\/index.php?rest_route=%2Fwp%2Fv2%2Fcategories&post=1852"},{"taxonomy":"post_tag","embeddable":true,"href":"http:\/\/www.projet-decroissance.net\/index.php?rest_route=%2Fwp%2Fv2%2Ftags&post=1852"}],"curies":[{"name":"wp","href":"https:\/\/api.w.org\/{rel}","templated":true}]}}