{"id":1863,"date":"2014-10-31T17:25:51","date_gmt":"2014-10-31T17:25:51","guid":{"rendered":"http:\/\/www.projet-decroissance.net\/?p=1863"},"modified":"2014-10-31T17:29:11","modified_gmt":"2014-10-31T17:29:11","slug":"chronique-de-reporterre-et-si-on-imaginait-la-fin-de-lemploi","status":"publish","type":"post","link":"http:\/\/www.projet-decroissance.net\/?p=1863","title":{"rendered":"Chronique de Reporterre : Et si on imaginait la fin de l\u2019emploi ?"},"content":{"rendered":"<p class=\"cartouche\" style=\"color: #000000;\"><a style=\"color: #ffffff;\" title=\"Accueil\" href=\"http:\/\/www.reporterre.net\/spip.php?article6455\" target=\"_blank\" rel=\"start home\"><img loading=\"lazy\" decoding=\"async\" class=\"spip_logos alignright\" src=\"http:\/\/www.reporterre.net\/local\/cache-vignettes\/L400xH124\/siteon0-4d1bb.png\" alt=\"Reporterre\" width=\"400\" height=\"124\" \/><\/a><em><strong>Nous publions r\u00e9guli\u00e8rement des chroniques sur l&rsquo;excellent <a href=\"http:\/\/www.reporterre.net\/spip.php?article6455\" target=\"_blank\">quotidien de l&rsquo;\u00e9cologie Reporterre.net<\/a> :\u00a0<\/strong><\/em><\/p>\n<div class=\"crayon article-chapo-6463 chapo surlignable\" style=\"font-weight: bold; color: #666666;\">\n<p>Il faut questionner la notion de travail pour sortir d\u2019une vision productiviste de la vie, qui sert surtout les tenants d\u2019un syst\u00e8me profond\u00e9ment in\u00e9galitaire. S\u2019\u00e9chapper de la\u00a0<i>\u00ab<small class=\"fine\">\u00a0<\/small>sacro-sainte croissance<small class=\"fine\">\u00a0<\/small>\u00bb<\/i>,<i>\u00ab<small class=\"fine\">\u00a0<\/small>d\u00e9coloniser nos imaginaires travaillistes afin de remettre l\u2019\u00e9conomie et une vision comptable de la vie \u00e0 leur place et sortir de la centralit\u00e9 de la valeur travail<small class=\"fine\">\u00a0<\/small>!<small class=\"fine\">\u00a0<\/small>\u00bb<\/i><\/p>\n<\/div>\n<div class=\"crayon article-texte-6463 texte surlignable\">\n<p><img loading=\"lazy\" decoding=\"async\" class=\"spip_logos alignleft\" src=\"http:\/\/www.reporterre.net\/local\/cache-vignettes\/L382xH300\/arton6463-7f40c.jpg\" alt=\"\" width=\"382\" height=\"300\" \/>Tous les les jours, les ch\u00f4meurs sont stigmatis\u00e9s\u00a0:\u00a0<i>\u00ab<small class=\"fine\">\u00a0<\/small>Ces assist\u00e9s<small class=\"fine\">\u00a0<\/small>\u00bb, \u00ab<small class=\"fine\">\u00a0<\/small>ces profiteurs<small class=\"fine\">\u00a0<\/small>\u00bb, \u00ab<small class=\"fine\">\u00a0<\/small>ces salauds de ch\u00f4meurs<small class=\"fine\">\u00a0<\/small>\u00bb<\/i>\u00a0qui\u00a0<i>\u00ab<small class=\"fine\">\u00a0<\/small>ne veulent pas travailler<small class=\"fine\">\u00a0<\/small>\u00bb<\/i>. Il faudrait toujours plus les contr\u00f4ler, les surveiller.<\/p>\n<p>Surtout, il faudrait qu\u2019ils participent \u00e0 la relance de la croissance, \u00e0 ce grand effort productif&#8230; mais en se pr\u00e9carisant toujours plus&#8230; Pour produire toujours plus, faire tourner la m\u00e9gamachine et relancer la sacro-sainte croissance\u00a0<a class=\"spip_in\" style=\"color: #228b22;\" href=\"http:\/\/www.reporterre.net\/spip.php?article2914\">si possible\u00a0<i>\u00ab<small class=\"fine\">\u00a0<\/small>verte<small class=\"fine\">\u00a0<\/small>\u00bb<\/i><\/a>&#8230; et enrichir toujours plus l\u2019oligarchie<small class=\"fine\">\u00a0<\/small>?!<\/p>\n<p><strong>Travailler, d\u2019accord, mais \u00e0 quoi<small class=\"fine\">\u00a0<\/small>?<\/strong><!--more--><\/p>\n<p>Mais, au fait, quel sens ont nos emplois<small class=\"fine\">\u00a0<\/small>? Qu\u2019est-ce qu\u2019on produit<small class=\"fine\">\u00a0<\/small>? Pour quel usage<small class=\"fine\">\u00a0<\/small>?<\/p>\n<p>D\u00e9j\u00e0, certains emplois s\u2019inscrivent dans la logique destructrice du syst\u00e8me et se r\u00e9v\u00e8lent donc n\u00e9fastes et toxiques. C\u2019est le cas notamment des emplois du complexe militaro-industriel (160 000 emplois et un chiffre d\u2019affaire annuel de 15 milliards d\u2019euros en France)<small class=\"fine\">\u00a0<\/small>; de la publicit\u00e9\u00a0: outil de colonisation de nos imaginaires, d\u2019ali\u00e9nation et d\u2019abrutissement afin de cr\u00e9er constamment de nouveaux besoins, du d\u00e9sir et de la frustration en g\u00e2chant cr\u00e9ativit\u00e9 et talents de nos cong\u00e9n\u00e8res (150 000 emplois et 30 milliards de chiffre d\u2019affaire annuel)<small class=\"fine\">\u00a0<\/small>;<a class=\"spip_out\" style=\"color: #228b22;\" href=\"http:\/\/brusselsbusiness.arte.tv\/fr\/film\" target=\"_blank\" rel=\"external\">des lobbyistes<\/a>\u00a0(plusieurs dizaines de milliers d\u2019emplois \u00e0 Bruxelles par exemple)<small class=\"fine\">\u00a0<\/small>; des emplois reli\u00e9s \u00e0 l\u2019obsolescence programm\u00e9e,\u00a0<a class=\"spip_out\" style=\"color: #228b22;\" href=\"http:\/\/www.france-emballage.org\/chiffres.htm\" target=\"_blank\" rel=\"external\">aux emballages<\/a>, mais n\u2019oublions pas \u00e9galement les emplois li\u00e9s au monde de la finance, des banques, des assurances, des nouvelles technologies (extr\u00eamement \u00e9nergivores), du transport (routier ou a\u00e9rien pour prendre les plus polluants) et puis, et puis\u2026<\/p>\n<p><span class=\"spip_document_6456 spip_documents spip_documents_center\"><img loading=\"lazy\" decoding=\"async\" class=\"alignright\" src=\"http:\/\/www.reporterre.net\/local\/cache-vignettes\/L372xH340\/pelleteuses-687d0.jpg\" alt=\"\" width=\"372\" height=\"340\" \/><\/span><\/p>\n<p>En fait, \u00e0 bien y regarder, plus on r\u00e9fl\u00e9chit, plus la liste s\u2019allonge. Allez, un dernier exemple avec les\u00a0<a class=\"spip_out\" style=\"color: #228b22;\" href=\"http:\/\/www.liberation.fr\/societe\/2013\/08\/28\/y-a-t-il-un-phenomene-des-jobs-a-la-con_927711\" target=\"_blank\" rel=\"external\"><i>\u00ab<small class=\"fine\">\u00a0<\/small>bullshit jobs<small class=\"fine\">\u00a0<\/small>\u00bb<\/i><\/a>\u00a0que l\u2019on pourrait supprimer en particulier en simplifiant nos syst\u00e8mes bureaucratiques de flicage<small class=\"fine\">\u00a0<\/small>!<\/p>\n<p>Tout cela repr\u00e9sente des millions d\u2019emplois, des centaines de millions d\u2019heures g\u00e2ch\u00e9es&#8230; et, au final,\u00a0<a class=\"spip_out\" style=\"color: #228b22;\" href=\"http:\/\/www.oecd.org\/fr\/emploi\/emp\/49230890.pdf\" target=\"_blank\" rel=\"external\">du mal-\u00eatre<\/a>, le mal-\u00eatre d\u2019\u00eatre contraint \u00e0 ce travail et peu importe les cons\u00e9quences.<\/p>\n<p><strong>\u00ab<small class=\"fine\">\u00a0<\/small>Oui, mais eux, ils bossent&#8230; contrairement aux assist\u00e9s<small class=\"fine\">\u00a0<\/small>!<small class=\"fine\">\u00a0<\/small>\u00bb<\/strong><\/p>\n<p><i>\u00ab<small class=\"fine\">\u00a0<\/small>Et tout travail m\u00e9rite salaire pour les homo-economicus que nous sommes<small class=\"fine\">\u00a0<\/small>!<small class=\"fine\">\u00a0<\/small>\u00bb \u00ab<small class=\"fine\">\u00a0<\/small>Et eux, ils contribuent \u00e0 faire gonfler notre salvateur\u00a0<span class=\"caps\">PIB<\/span><small class=\"fine\">\u00a0<\/small>\u00bb&#8230;<\/i>\u00a0Et bien non, ce n\u2019est pas si simple, une grande partie des t\u00e2ches effectu\u00e9es dans nos soci\u00e9t\u00e9s<a class=\"spip_out\" style=\"color: #228b22;\" href=\"http:\/\/alternatives-economiques.fr\/blogs\/gadrey\/2012\/11\/28\/le-travail-domestique-33-du-pib-pour-160-du-travail-remunere\/\" target=\"_blank\" rel=\"external\">se font \u00e0 l\u2019ext\u00e9rieur de la sph\u00e8re marchande<\/a>.<\/p>\n<p>Nos imaginaires \u00e9conomicistes nous emp\u00eachent de voir cette autre r\u00e9alit\u00e9\u00a0: les t\u00e2ches m\u00e9nag\u00e8res, le b\u00e9n\u00e9volat, les loisirs,\u00a0<a class=\"spip_out\" style=\"color: #228b22;\" href=\"http:\/\/www.cairn.info\/revue-tiers-monde-2007-2-page-255.htm\" target=\"_blank\" rel=\"external\">l\u2019\u00e9conomie de r\u00e9ciprocit\u00e9<\/a>&#8230; et encore plus tout ce qui a du sens, apporte bien-\u00eatre dans une logique de gratuit\u00e9 [11] et bien loin de ces calculs comptables mortif\u00e8res\u00a0: l\u2019amour, l\u2019amiti\u00e9, la solidarit\u00e9, la convivialit\u00e9\u2026 Au final, les pr\u00e9mices d\u2019une soci\u00e9t\u00e9 du<i>buen vivir<\/i>.<\/p>\n<p><strong>Travailler moins pour vivre mieux<\/strong><\/p>\n<p>C\u2019est les questions qui nous animent avec notre slogan provocateur\u00a0<a class=\"spip_out\" style=\"color: #228b22;\" href=\"http:\/\/www.partipourladecroissance.net\/?page_id=4764\" target=\"_blank\" rel=\"external\">la D\u00e9croissance<\/a>. D\u00e9construire ces mythes\u00a0: du travail pour le travail, du productivisme, de l\u2019\u00e9conomicisme, de la comp\u00e9tition et des frustrations cr\u00e9\u00e9es par les m\u00e9dias sur les soi-disant assist\u00e9s,\u00a0<a class=\"spip_out\" style=\"color: #228b22;\" href=\"http:\/\/www.alternatives-economiques.fr\/ces-600-milliards-qui-manquent-a-la-france--enquete-au-coeur-de-l-evasion-fiscale_fr_art_1143_58595.html\" target=\"_blank\" rel=\"external\">en n\u00e9gligeant l\u2019\u00e9vasion fiscale<\/a>(plusieurs dizaines de milliards par an en France<small class=\"fine\">\u00a0<\/small>!) et des in\u00e9galit\u00e9s de plus en plus criantes.<\/p>\n<p>Ne devrions-nous pas dire\u00a0<i>\u00ab<small class=\"fine\">\u00a0<\/small>salauds de riches<small class=\"fine\">\u00a0<\/small>\u00bb<\/i>\u00a0dans une grande majorit\u00e9 plut\u00f4t que de se retrouver diviser. Enfin, c\u2019est tellement plus simple pour r\u00e9gner\u00a0: l\u2019oligarchie semble avoir de beaux jours devant elle.<\/p>\n<p>La D\u00e9croissance, c\u2019est faire ces pas de c\u00f4t\u00e9 en questionnant nos productions\u00a0: leurs conditions, leurs utilit\u00e9s ou encore l\u2019usage des produits.<\/p>\n<p><span class=\"spip_document_6457 spip_documents spip_documents_center\"><img loading=\"lazy\" decoding=\"async\" class=\"alignleft\" src=\"http:\/\/www.reporterre.net\/local\/cache-vignettes\/L460xH346\/tag-8771a.jpg\" alt=\"\" width=\"460\" height=\"346\" \/><\/span><\/p>\n<p>Au vu de la liste ci-dessus, nous pourrions nous dire que l\u2019on pourrait travailler moins en produisant moins de saloperies inutiles, en produisant local, durable et r\u00e9parable mais aussi en partageant, en coop\u00e9rant, en vivant ensemble plut\u00f4t que dans nos bulles individuelles en comp\u00e9tition les unes avec les autres.<\/p>\n<p>Bien s\u00fbr l\u2019enjeu n\u2019est pas de culpabiliser, encore moins de montrer d\u2019un doigt moralisateur les un-e-s et les autres, d\u2019autant plus que ces emplois sont contraints par l\u2019\u00e9conomie, on est pris dans un syst\u00e8me\u00a0: travaille, emprunte, consomme, ob\u00e9is, travaille<small class=\"fine\">\u00a0<\/small>! L\u2019enjeu est bel et bien d\u2019ouvrir le d\u00e9bat sur le sens de nos activit\u00e9s. Et de voir comment se les r\u00e9approprier.<\/p>\n<p><strong>Small is beautiful<\/strong><\/p>\n<p>Un autre enjeu de la D\u00e9croissance est de r\u00e9fl\u00e9chir \u00e0 une soci\u00e9t\u00e9 d\u2019abondance frugale soutenable. Une\u00a0<a class=\"spip_in\" style=\"color: #228b22;\" href=\"http:\/\/www.reporterre.net\/spip.php?article5955\">soci\u00e9t\u00e9 de low tech<\/a>\u00a0et aussi de t\u00e2ches manuelles \u00e0 partager mais surtout \u00e0 concevoir pour les rendre les moins dures possibles. C\u2019est ce qui est exp\u00e9riment\u00e9 par exemple avec les nouvelles m\u00e9thodes pour produire de la nourriture saine de proximit\u00e9 de mani\u00e8re soutenable comme la permaculture, l\u2019agro\u00e9cologie et l\u2019agroforesterie.<\/p>\n<p>La D\u00e9croissance, c\u2019est aussi penser aux transitions\u00a0: comment sortir de l\u2019impasse de la soci\u00e9t\u00e9 de croissance, comment se d\u00e9sintoxiquer de toutes nos d\u00e9pendances techniques, de nos esclaves \u00e9nerg\u00e9tiques, \u00e9tape par \u00e9tape, de mani\u00e8res d\u00e9mocratiques et sereines.<\/p>\n<p>La transition est en marche, et en s\u2019appuyant sur ces alternatives, elle exp\u00e9rimente ce qui pourrait \u00eatre demain des soci\u00e9t\u00e9s d\u2019a-croissance.<\/p>\n<p><span class=\"spip_document_6458 spip_documents spip_documents_center\"><img loading=\"lazy\" decoding=\"async\" class=\"alignright\" src=\"http:\/\/www.reporterre.net\/local\/cache-vignettes\/L460xH273\/tapis-0f803.jpg\" alt=\"\" width=\"460\" height=\"273\" \/><\/span><\/p>\n<p>Mais cela n\u2019est pas suffisant, c\u2019est pourquoi, dans\u00a0<a class=\"spip_out\" style=\"color: #228b22;\" href=\"http:\/\/www.projet-decroissance.net\/\" target=\"_blank\" rel=\"external\"><i>\u00ab<small class=\"fine\">\u00a0<\/small>Un Projet de D\u00e9croissance<small class=\"fine\">\u00a0<\/small>\u00bb<\/i><\/a>\u00a0nous proposons des pistes de r\u00e9flexions, des d\u00e9bats autour d\u2019outils \u00e9conomiques et sociaux susceptibles de nous sortir de l\u2019emploi pour l\u2019emploi pour cr\u00e9er des soci\u00e9t\u00e9s d\u2019activit\u00e9s choisies.<\/p>\n<p><a class=\"spip_in\" style=\"color: #228b22;\" href=\"http:\/\/www.reporterre.net\/spip.php?article6238\"><strong>L\u2019urgence de ralentir<\/strong><\/a><\/p>\n<p>Tout d\u2019abord, nous proposons la logique de travailler toutes et tous pour travailler moins. On pourrait imaginer la mise en place de mesures d\u00e9centralis\u00e9es ouvrant la porte \u00e0 la libert\u00e9 de choisir de travailler moins\u00a0: droit opposable au temps partiel, aux cong\u00e9s sabbatiques, plateforme d\u2019\u00e9change et de mise en partage de projets, de temps de travail&#8230; Moins de\u00a0<i>\u00ab<small class=\"fine\">\u00a0<\/small>bullshit jobs<small class=\"fine\">\u00a0<\/small>\u00bb<\/i>pour plus d\u2019activit\u00e9s qui ont un sens, pour une plus grande participation \u00e0 cette transition qui est belle et bien en marche&#8230; pour une\u00a0<a class=\"spip_in\" style=\"color: #228b22;\" href=\"http:\/\/www.reporterre.net\/spip.php?article6055\">r\u00e9appropriation de l\u2019autonomie<\/a><small class=\"fine\">\u00a0<\/small>!<\/p>\n<p>Aussi dans une logique de transition, on peut imaginer une s\u00e9rie de loi privil\u00e9giant la relocalisation de nos productions et sanctionnant ce qui n\u2019est pas souhaitable\u00a0: baisse drastique des budgets militaires,\u00a0<a class=\"spip_out\" style=\"color: #228b22;\" href=\"http:\/\/www.lemonde.fr\/planete\/article\/2014\/10\/15\/l-obsolescence-programmee-des-produits-desormais-sanctionnee_4506580_3244.html\" target=\"_blank\" rel=\"external\">obsolescence programm\u00e9e<\/a>\u00a0sanctionn\u00e9e, encadrement stricte de la publicit\u00e9, mise en place de taxations progressives sur l\u2019emballage, les transports inutiles, les gadgets avec bien s\u00fbr des projets d\u2019accompagnement et de reconversion.<\/p>\n<p>Enfin, une autre piste int\u00e9ressante\u00a0: la mise en place d\u2019un revenu de base suffisant afin de d\u00e9coupler notre survie \u00e9conomique d\u2019un emploi impos\u00e9. Une premi\u00e8re \u00e9tape pourrait \u00eatre le remplacement du\u00a0<span class=\"caps\">RSA<\/span>\u00a0qui dysfonctionne et stigmatise les\u00a0<i>\u00ab<small class=\"fine\">\u00a0<\/small>assist\u00e9s<small class=\"fine\">\u00a0<\/small>\u00bb<\/i>\u00a0par un revenu de base inconditionnel, individuel et pour tout le monde. Ce revenu serait coupl\u00e9 \u00e0 la mise en place progressive d\u2019un revenu maximum acceptable et aussi \u00e0 la sortie de la religion de l\u2019\u00e9conomie \u00e0 travers la r\u00e9appropriation d\u00e9mocratique des banques centrales, de la cr\u00e9ation mon\u00e9taire et une r\u00e9flexion sur le non remboursement des dettes publiques ill\u00e9gitimes.<\/p>\n<p><img loading=\"lazy\" decoding=\"async\" class=\"puce\" src=\"http:\/\/www.reporterre.net\/local\/cache-vignettes\/L8xH11\/puce-32883.gif\" alt=\"-\" width=\"8\" height=\"11\" \/>\u00a0<strong>Le revenu de base face aux d\u00e9fauts du\u00a0<span class=\"caps\">RSA<\/span>\u00a0:<\/strong><\/p>\n<div class=\"spip_documents spip_documents_center ressource oembed oembed_video oembed_youtube\">\n<div class=\"oembed oe-video clearfix\"><\/div>\n<div class=\"spip_doc_titre\"><a style=\"color: #228b22;\" href=\"https:\/\/www.youtube.com\/watch?v=z9N0v4UGFHo\">Le revenu de base face aux d\u00e9fauts du RSA<\/a><br \/>\n<i>par\u00a0<a style=\"color: #228b22;\" href=\"http:\/\/www.youtube.com\/user\/RevenudeBaseFR\">Revenu de base &#8211; France<\/a><\/i><\/div>\n<\/div>\n<p>De m\u00eame, en s\u2019appuyant sur l\u2019extension des alternatives concr\u00e8tes, des gratuit\u00e9s, on pourrait imaginer de\u00a0<a class=\"spip_out\" style=\"color: #228b22;\" href=\"http:\/\/www.projet-decroissance.net\/?p=967\" target=\"_blank\" rel=\"external\">d\u00e9mon\u00e9tariser le revenu de base \u00e9tape par \u00e9tape<\/a>\u00a0et tendre vers ce que nous appelons une\u00a0<a class=\"spip_out\" style=\"color: #228b22;\" href=\"http:\/\/www.projet-decroissance.net\/?p=1571\" target=\"_blank\" rel=\"external\">Dotation Inconditionnelle d\u2019Autonomie<\/a>.<\/p>\n<p>Ces mesures demandent du courage politique&#8230; mais aussi une d\u00e9colonisation de nos imaginaires travaillistes afin de voir le monde de mani\u00e8re beaucoup plus large, de remettre l\u2019\u00e9conomie et une vision comptable de la vie \u00e0 leur place et de sortir de la centralit\u00e9 de la valeur travail<small class=\"fine\">\u00a0<\/small>!<\/p>\n<p>Vive la fin de l\u2019emploi pour r\u00e9-enchanter nos activit\u00e9s, avec la t\u00eate, les mains et du temps libre librement choisi.<\/p>\n<\/div>\n<hr \/>\n<div class=\"crayon article-ps-6463 ps surlignable\">\n<p>Vincent Liegey est co-auteur de\u00a0<a class=\"spip_out\" style=\"color: #228b22;\" href=\"http:\/\/www.projet-decroissance.net\/\" target=\"_blank\" rel=\"external\"><i>Un projet de D\u00e9croissance<\/i><\/a>, et membre du collectif\u00a0<a class=\"spip_out\" style=\"color: #228b22;\" href=\"http:\/\/www.partipourladecroissance.net\/?page_id=7567\" target=\"_blank\" rel=\"external\">Parti-e-s Pour La D\u00e9croissance.<\/a><\/p>\n<p><strong>Photos\u00a0:<\/strong><br class=\"autobr\" \/>. Chaplin\u00a0:\u00a0<a class=\"spip_out\" style=\"color: #228b22;\" href=\"http:\/\/commons.wikimedia.org\/wiki\/File:Chaplin_-_Modern_Times.jpg\" target=\"_blank\" rel=\"external\">Wikipedia<\/a>\u00a0(Domaine public)<br class=\"autobr\" \/>. Dessin\u00a0:\u00a0<a class=\"spip_out\" style=\"color: #228b22;\" href=\"http:\/\/decroissance.lehavre.free.fr\/fiersdetrehavrais.htm\" target=\"_blank\" rel=\"external\">D\u00e9croissance Le Havre<\/a>\u00a0(Sirou)<br class=\"autobr\" \/>. \u00ab<small class=\"fine\">\u00a0<\/small>I work&#8230;<small class=\"fine\">\u00a0<\/small>\u00bb\u00a0:\u00a0<a class=\"spip_out\" style=\"color: #228b22;\" href=\"http:\/\/www.despasperdus.com\/index.php?post\/2012\/11\/06\/le-choc-de-la-d%C3%A9croissance-(Vincent-Cheynet)\" target=\"_blank\" rel=\"external\">Des pas perdus<\/a><br class=\"autobr\" \/>. Dessin d\u00e9croissance\u00a0:\u00a0<a class=\"spip_out\" style=\"color: #228b22;\" href=\"http:\/\/chahutpublic.canalblog.com\/archives\/2014\/03\/02\/29345698.html\" target=\"_blank\" rel=\"external\">Chahut public<\/a><\/p>\n<\/div>\n","protected":false},"excerpt":{"rendered":"<p>Nous publions r\u00e9guli\u00e8rement des chroniques sur l&rsquo;excellent quotidien de l&rsquo;\u00e9cologie Reporterre.net :\u00a0 Il faut questionner la notion de travail pour sortir d\u2019une vision productiviste de la vie, qui sert surtout les tenants d\u2019un syst\u00e8me profond\u00e9ment in\u00e9galitaire. S\u2019\u00e9chapper de la\u00a0\u00ab\u00a0sacro-sainte croissance\u00a0\u00bb,\u00ab\u00a0d\u00e9coloniser &hellip; <a href=\"http:\/\/www.projet-decroissance.net\/?p=1863\">Continuer la lecture <span class=\"meta-nav\">&rarr;<\/span><\/a><\/p>\n","protected":false},"author":3,"featured_media":0,"comment_status":"closed","ping_status":"open","sticky":false,"template":"","format":"standard","meta":{"footnotes":""},"categories":[1,7],"tags":[],"class_list":["post-1863","post","type-post","status-publish","format-standard","hentry","category-actualites","category-dans-la-presse-et-sur-la-toile"],"_links":{"self":[{"href":"http:\/\/www.projet-decroissance.net\/index.php?rest_route=\/wp\/v2\/posts\/1863","targetHints":{"allow":["GET"]}}],"collection":[{"href":"http:\/\/www.projet-decroissance.net\/index.php?rest_route=\/wp\/v2\/posts"}],"about":[{"href":"http:\/\/www.projet-decroissance.net\/index.php?rest_route=\/wp\/v2\/types\/post"}],"author":[{"embeddable":true,"href":"http:\/\/www.projet-decroissance.net\/index.php?rest_route=\/wp\/v2\/users\/3"}],"replies":[{"embeddable":true,"href":"http:\/\/www.projet-decroissance.net\/index.php?rest_route=%2Fwp%2Fv2%2Fcomments&post=1863"}],"version-history":[{"count":2,"href":"http:\/\/www.projet-decroissance.net\/index.php?rest_route=\/wp\/v2\/posts\/1863\/revisions"}],"predecessor-version":[{"id":1867,"href":"http:\/\/www.projet-decroissance.net\/index.php?rest_route=\/wp\/v2\/posts\/1863\/revisions\/1867"}],"wp:attachment":[{"href":"http:\/\/www.projet-decroissance.net\/index.php?rest_route=%2Fwp%2Fv2%2Fmedia&parent=1863"}],"wp:term":[{"taxonomy":"category","embeddable":true,"href":"http:\/\/www.projet-decroissance.net\/index.php?rest_route=%2Fwp%2Fv2%2Fcategories&post=1863"},{"taxonomy":"post_tag","embeddable":true,"href":"http:\/\/www.projet-decroissance.net\/index.php?rest_route=%2Fwp%2Fv2%2Ftags&post=1863"}],"curies":[{"name":"wp","href":"https:\/\/api.w.org\/{rel}","templated":true}]}}