{"id":1889,"date":"2014-12-02T09:50:13","date_gmt":"2014-12-02T09:50:13","guid":{"rendered":"http:\/\/www.projet-decroissance.net\/?p=1889"},"modified":"2014-12-02T09:50:13","modified_gmt":"2014-12-02T09:50:13","slug":"chronique-de-reporterre-non-violent-malgre-tout","status":"publish","type":"post","link":"http:\/\/www.projet-decroissance.net\/?p=1889","title":{"rendered":"Chronique de Reporterre : Non violent malgr\u00e9 tout"},"content":{"rendered":"<p><a style=\"color: #ffffff;\" title=\"Accueil\" href=\"http:\/\/www.reporterre.net\/spip.php?article6455\" target=\"_blank\" rel=\"start home\"><img loading=\"lazy\" decoding=\"async\" class=\"spip_logos alignright\" src=\"http:\/\/www.reporterre.net\/local\/cache-vignettes\/L400xH124\/siteon0-4d1bb.png\" alt=\"Reporterre\" width=\"400\" height=\"124\" \/><\/a><em style=\"color: #000000;\"><strong>Nous publions r\u00e9guli\u00e8rement des chroniques sur l\u2019excellent<a href=\"http:\/\/www.reporterre.net\/spip.php?article6455\" target=\"_blank\">quotidien de l\u2019\u00e9cologie Reporterre.net<\/a>\u00a0:\u00a0<\/strong><\/em><\/p>\n<p><span style=\"color: #666666; font-weight: bold;\">Les violences d\u2019Etat et de l\u2019oligarchie s\u2019intensifient. Face \u00e0 elle, m\u00eame si la col\u00e8re est l\u00e9gitime,\u00a0<\/span><i style=\"color: #666666; font-weight: bold;\">\u00ab<small class=\"fine\">\u00a0<\/small>utiliser la violence au nom de la lutte contre la violence est une impasse.<small class=\"fine\">\u00a0<\/small>\u00bb<\/i><span style=\"color: #666666; font-weight: bold;\">\u00a0Il faut\u00a0<\/span><i style=\"color: #666666; font-weight: bold;\">\u00ab<small class=\"fine\">\u00a0<\/small>au contraire ne jamais utiliser les outils du mod\u00e8le que nous combattons et rester coh\u00e9rent dans notre d\u00e9marche.<small class=\"fine\">\u00a0<\/small>\u00bb<\/i><\/p>\n<div class=\"content-principal\" style=\"color: #000000;\">\n<div class=\"crayon article-texte-6590 texte surlignable\">\n<hr class=\"spip\" \/>\n<p><span style=\"color: #000000;\">L\u2019opposition \u00e0 la soci\u00e9t\u00e9 de croissance, \u00e0 cette soci\u00e9t\u00e9 de l\u2019illimit\u00e9, provoque toujours plus de pr\u00e9sences polici\u00e8res, de provocations et de violences lors des manifestations. Les r\u00e9cents \u00e9v\u00e9nements en apportent tragiquement la preuve.<\/span><\/p>\n<p>Actuellement, toutes les conditions semblent r\u00e9unies pour que surgissent des r\u00e9actions fortes de la soci\u00e9t\u00e9 civile face aux violences d\u2019Etat et de l\u2019oligarchie auxquelles elle fait quotidiennement face. L\u2019histoire nous a appris que les in\u00e9galit\u00e9s, le m\u00e9pris, l\u2019impunit\u00e9, la r\u00e9pression, lorsqu\u2019ils connaissent des niveaux monstrueux comme ceux d\u2019aujourd\u2019hui, d\u00e9bouchent rarement sur le dialogue non-violent, le partage ou la convivialit\u00e9.<!--more--><\/p>\n<p>La France vient de conna\u00eetre\u00a0<a class=\"spip_in\" style=\"color: #228b22;\" href=\"http:\/\/www.reporterre.net\/spip.php?article6508\">un drame \u00e0 Sivens<\/a>\u00a0qui cristallise l\u2019ensemble de ces violences et repr\u00e9sente un cas d\u2019\u00e9cole qui devrait nous alerter sur l\u2019impasse dans laquelle nous sommes tous engag\u00e9s. L\u2019\u00e9motion est forte. La tentation de r\u00e9pondre \u00e0 toutes ces violences,\u00a0<a class=\"spip_out\" style=\"color: #228b22;\" href=\"http:\/\/www.lejdd.fr\/Politique\/A-l-Assemblee-Duflot-impose-une-minute-de-silence-pour-Remi-Fraisse-698730\" target=\"_blank\" rel=\"external\">\u00e0 ce m\u00e9pris<\/a>\u00a0et \u00e0 de nouvelles provocations par la violence est grande. Pourtant, nous devons refuser cette alternative qui n\u2019en est pas une.<\/p>\n<p><strong>Le drame \u00e9tait pr\u00e9visible<\/strong><\/p>\n<p>Un projet inutile, entach\u00e9 de conflits d\u2019int\u00e9r\u00eat autour d\u2019une\u00a0<a class=\"spip_out\" style=\"color: #228b22;\" href=\"http:\/\/www.lemonde.fr\/planete\/article\/2014\/11\/03\/barrage-de-sivens-un-dossier-entache-de-conflits-d-interets_4517419_3244.html\" target=\"_blank\" rel=\"external\">petite clique d\u2019\u00e9lus<\/a>et impos\u00e9 avec un d\u00e9ni de d\u00e9mocratie criant, est \u00e0 l\u2019origine d\u2019un d\u00e9ferlement de violence\u00a0<a class=\"spip_out\" style=\"color: #228b22;\" href=\"http:\/\/www.mediapart.fr\/journal\/france\/061114\/sivens-la-faute-des-gendarmes-le-mensonge-de-letat?page_article=2\" target=\"_blank\" rel=\"external\">qui s\u2019av\u00e9rera dramatique<\/a>.<\/p>\n<p>Signe encourageant de la vivacit\u00e9 citoyenne de notre soci\u00e9t\u00e9, des collectifs s\u2019organisent pour \u00e0 la fois s\u2019opposer de mani\u00e8re non-violente aux destructions h\u00e2tives et ill\u00e9gales mais aussi pour engager le d\u00e9bat et penser d\u2019autres mondes,\u00a0<a class=\"spip_out\" style=\"color: #228b22;\" href=\"http:\/\/www.lemonde.fr\/idees\/article\/2014\/11\/04\/remi-fraisse-victime-d-une-guerre-de-civilisation_4517856_3232.html\" target=\"_blank\" rel=\"external\">d\u2019autres possibles<\/a>, au-del\u00e0 de la religion de la croissance et de la pens\u00e9e unique.<\/p>\n<p>Durant des semaines, opposants et forces de l\u2019ordre se sont affront\u00e9s. Le 15\u00a0septembre,\u00a0<i>Reporterre<\/i>\u00a0\u2013 un m\u00e9dia ind\u00e9pendant \u2013 expliquait qu\u2019<a class=\"spip_in\" style=\"color: #228b22;\" href=\"http:\/\/www.reporterre.net\/spip.php?article6297\"><i>\u00ab<small class=\"fine\">\u00a0<\/small>\u00e0 la violence de l\u2019Etat, les r\u00e9sistants opposent&#8230; la g\u00e9n\u00e9rosit\u00e9<small class=\"fine\">\u00a0<\/small>\u00bb<\/i><\/a>. Dans le m\u00eame temps, les m\u00e9dias dominants fermaient les yeux. La situation s\u2019est alors envenim\u00e9e. Plusieurs\u00a0<i>\u00ab<small class=\"fine\">\u00a0<\/small>personnalit\u00e9s<small class=\"fine\">\u00a0<\/small>\u00bb<\/i>\u00a0<a class=\"spip_in\" style=\"color: #228b22;\" href=\"http:\/\/www.reporterre.net\/spip.php?article6283\">ont tent\u00e9 d\u2019alerter M<sup class=\"typo_exposants\">me<\/sup>\u00a0Royal<\/a>\u00a0par rapport \u00e0\u00a0<i>\u00ab\u00a0une violence insupportable et dangereuse des forces de l\u2019ordre\u00a0\u00bb<\/i>\u2026 La suite est d\u00e9sormais connue, le drame \u00e9tait pr\u00e9visible<small class=\"fine\">\u00a0<\/small>!<\/p>\n<p><strong>\u00ab<small class=\"fine\">\u00a0<\/small>On ne r\u00e9sout pas un probl\u00e8me avec les modes de pens\u00e9e qui l\u2019ont engendr\u00e9.<small class=\"fine\">\u00a0<\/small>\u00bb Albert Einstein<\/strong><\/p>\n<p>Les quelques images d\u2019affrontements entre manifestants et forces de l\u2019ordre marquent toujours plus les esprits que les slogans, les d\u00e9clarations et les r\u00e9flexions des opposants. Les images de violence sont trop souvent utilis\u00e9es pour d\u00e9cr\u00e9dibiliser nos id\u00e9es, que ce soit\u00a0<a class=\"spip_out\" style=\"color: #228b22;\" href=\"http:\/\/www.acrimed.org\/article4499.html\" target=\"_blank\" rel=\"external\">par les m\u00e9dias<\/a>\u00a0ou par les politiques dominants, tous sous la coupe de l\u2019oligarchie. La police infiltre m\u00eame les manifestations\u00a0<a class=\"spip_out\" style=\"color: #228b22;\" href=\"http:\/\/www.reporterre.net\/spip.php?article6522\" target=\"_blank\">pour provoquer<\/a>\u00a0et discr\u00e9diter l\u2019ensemble du mouvement, avec encore ces m\u00e9dias comme alli\u00e9s.<\/p>\n<p><span class=\"spip_document_6831 spip_documents spip_documents_center\"><img loading=\"lazy\" decoding=\"async\" src=\"http:\/\/www.reporterre.net\/local\/cache-vignettes\/L454xH301\/policier_cagoule_v_1-2-953de.jpg\" alt=\"\" width=\"454\" height=\"301\" \/><\/span><\/p>\n<p>D\u2019autant plus, que la violence, et la peur qu\u2019elle entra\u00eene, a \u00e9t\u00e9 de tout temps un outil des pouvoirs (1) pour \u00e9luder les d\u00e9bats de fond mais aussi pour casser la d\u00e9mocratie. Une chose est certaine\u00a0: les images de violence, les peurs r\u00e9elles ou cr\u00e9\u00e9es, mais savamment entretenues par une oligarchie toujours plus gourmande, seront utilis\u00e9es pour\u00a0<a class=\"spip_out\" style=\"color: #228b22;\" href=\"http:\/\/www.reporterre.net\/spip.php?article6557\" target=\"_blank\">emp\u00eacher l\u2019\u00e9mergence d\u2019alternatives<\/a>. Il est de notre devoir de rappeler que le r\u00f4le des forces de l\u2019ordre est de prot\u00e9ger la d\u00e9mocratie, donc de prot\u00e9ger le droit d\u2019expression, et de manifestation. Cette violence est entretenue par le pouvoir en place et elle est donc bien de sa responsabilit\u00e9.\u00a0<a class=\"spip_out\" style=\"color: #228b22;\" href=\"http:\/\/www.dailymotion.com\/video\/x291xlr_mathieu-burnel-l-insurrection-est-arrivee-csoj-31-10-2014_tv\" target=\"_blank\" rel=\"external\"><i>\u00ab<small class=\"fine\">\u00a0<\/small>Ceux qui d\u00e9finissent le niveau de la violence c\u2019est la police<small class=\"fine\">\u00a0<\/small>\u00bb<\/i><\/a>. C\u2019est pourquoi, nous devons demander des commissions d\u2019enqu\u00eate sur ce type d\u2019agissements.<\/p>\n<p><strong>Posture de non-violence<\/strong><\/p>\n<p>Colporter\u00a0<a class=\"spip_out\" style=\"color: #228b22;\" href=\"http:\/\/www.partipourladecroissance.net\/?page_id=6122\" target=\"_blank\" rel=\"external\">nos id\u00e9es de mani\u00e8re coh\u00e9rente<\/a>\u00a0a toujours \u00e9t\u00e9 au centre des pr\u00e9occupations des d\u00e9croissants car si la D\u00e9croissance est un projet, elle est aussi un chemin et une m\u00e9thode. Nous souhaitons construire des transitions d\u00e9mocratiques et sereines vers de nouveaux mod\u00e8les de soci\u00e9t\u00e9s soutenables et souhaitables. C\u2019est-\u00e0-dire des mondes apais\u00e9s, des mondes de dialogue, de solidarit\u00e9 et de partage, dans une logique de rompre avec les dominations et les violences tant physiques que symboliques, li\u00e9es aux in\u00e9galit\u00e9s.<\/p>\n<p>L\u2019enjeu de la D\u00e9croissance, et des id\u00e9es connexes d\u00e9battues et exp\u00e9riment\u00e9es sur les\u00a0<span class=\"caps\">ZAD<\/span>\u00a0et ailleurs, est d\u2019essayer de comprendre comment les crises auxquelles nous faisons face sont interconnect\u00e9es, de questionner la soci\u00e9t\u00e9, de mettre en avant des solutions, des propositions programmatiques mais aussi autour d\u2019exp\u00e9rimentations et ainsi essayer de susciter du dialogue. Des postures agressives ou violentes bloquent ce processus, m\u00eame avec des gens pr\u00eats \u00e0 faire des pas de c\u00f4t\u00e9 \u00e0 la soci\u00e9t\u00e9 de croissance.<\/p>\n<p>Or, la transition est en marche \u2026 mais celles et ceux qui changent vraiment leur mode de vie restent minoritaires. Par contre, beaucoup en partagent l\u2019id\u00e9e sans parvenir encore \u00e0 la vivre, \u00e0 la faire vivre ou ne voyant pas comment faire, parfois m\u00eame sans l\u2019avoir r\u00e9ellement identifi\u00e9e. Mais, les consciences sont pr\u00eates. Il ne suffit que d\u2019un d\u00e9clic pour faire ces pas de c\u00f4t\u00e9, apportant espoirs, dialogues et convivialit\u00e9 car la violence ne peut pas \u00eatre la voie du futur.<\/p>\n<p>Avec une attitude claire et sans ambigu\u00eft\u00e9 de non-violence, nous nous positionnons clairement en dehors de ce cercle vicieux de d\u00e9stabilisation et de renforcement du syst\u00e8me en place tant les \u00e9pisodes de violence ont rarement amen\u00e9 des r\u00e9gimes vertueux.<\/p>\n<p>Utiliser la violence au nom de la lutte contre la violence est une impasse. Nous devons au contraire ne jamais utiliser les outils du mod\u00e8le que nous combattons et rester coh\u00e9rent dans notre d\u00e9marche.<\/p>\n<p>Afficher une posture de non-violence est aujourd\u2019hui fondamental car notre posture doit \u00eatre \u00e0 l\u2019image des soci\u00e9t\u00e9s que nous souhaitons voir \u00e9merger.<\/p>\n<hr class=\"spip\" \/>\n<p><strong>Note<\/strong><\/p>\n<p>1 &#8211; Un exemple parmi beaucoup d\u2019autres, symbolique et pourtant trop peu connu, en juillet 2013, un an avant de devenir pr\u00e9sident de la Commission Europ\u00e9enne, Jean-Claude Juncker \u00e9tait pouss\u00e9 \u00e0 la d\u00e9mission de son poste de Premier Ministre au Luxembourg \u00e0 cause,\u00a0<a class=\"spip_out\" style=\"color: #228b22;\" href=\"http:\/\/www.lemonde.fr\/europe\/article\/2013\/07\/10\/m-juncker-mis-en-difficulte-par-un-scandale-touchant-les-services-de-renseignement-du-grand-duche_3445454_3214.html\" target=\"_blank\" rel=\"external\">rapportait\u00a0<i>le Monde<\/i><\/a>, d\u2019un<i>\u00ab\u00a0comportement ambigu\u00a0\u00bb<\/i>, li\u00e9 aux\u00a0<i>\u00ab\u00a0activit\u00e9s des services de renseignement (&#8230;) qualifi\u00e9e de \u00ab\u00a0police secr\u00e8te\u00a0\u00bb. (&#8230;) Deux gendarmes membres d\u2019une unit\u00e9 d\u2019\u00e9lite sont jug\u00e9s pour avoir particip\u00e9 \u00e0 des attentats dans les ann\u00e9es 1980. Une vingtaine de bombes avaient explos\u00e9, provoquant un traumatisme national et cr\u00e9ant l\u2019id\u00e9e que le petit Grand-Duch\u00e9 \u00e9tait, comme l\u2019Italie ou la Belgique, victime d\u2019une<\/i>\u00a0\u00ab\u00a0strat\u00e9gie de la tension\u00a0\u00bb\u00a0<i>devant favoriser l\u2019\u00e9mergence d\u2019un pouvoir autoritaire apr\u00e8s une mise en \u00e9vidence de la<\/i>\u00a0\u00ab\u00a0faiblesse\u00a0\u00bb\u00a0<i>de ces Etats. Pour les avocats des deux pr\u00e9venus, c\u2019est un r\u00e9seau<\/i>\u00a0\u00ab\u00a0stay behind\u00a0\u00bb<i>, financ\u00e9 par les services secrets am\u00e9ricains, qui aurait \u00e9t\u00e9 \u00e0 l\u2019origine des attentats.\u00a0\u00bb<\/i><\/p>\n<p><em><strong>Vincent Liegey,\u00a0Thomas Avenel, St\u00e9phane Madelaine et Christophe Ondet.<\/strong><\/em><\/p>\n<p><em><strong>Cela nous ram\u00e8ne, entre autres, aux\u00a0<a class=\"spip_out\" style=\"color: #228b22;\" href=\"https:\/\/www.youtube.com\/watch?v=2-dU-6q1pzQ\" target=\"_blank\" rel=\"external\">arm\u00e9es secr\u00e8tes de l\u2019Otan<\/a>\u00a0et nous montre comment la violence est bel et bien un outil efficace des pouvoirs.<\/strong><\/em><br class=\"autobr\" \/><em><strong>A lire aussi\u00a0:\u00a0<a class=\"spip_out\" style=\"color: #228b22;\" href=\"http:\/\/www.franceculture.fr\/oeuvre-les-arm%C3%A9es-secr%C3%A8tes-de-l-otan-r%C3%A9seaux-stay-behind-op%C3%A9ration-gladio-et-terrorisme-en-europe-de\" target=\"_blank\" rel=\"external\">Les arm\u00e9es secr\u00e8tes de l\u2019Otan<\/a>, Daniele Ganser, Demi-Lune, 2011.<\/strong><\/em><\/p>\n<\/div>\n<\/div>\n","protected":false},"excerpt":{"rendered":"<p>Nous publions r\u00e9guli\u00e8rement des chroniques sur l\u2019excellentquotidien de l\u2019\u00e9cologie Reporterre.net\u00a0:\u00a0 Les violences d\u2019Etat et de l\u2019oligarchie s\u2019intensifient. Face \u00e0 elle, m\u00eame si la col\u00e8re est l\u00e9gitime,\u00a0\u00ab\u00a0utiliser la violence au nom de la lutte contre la violence est une impasse.\u00a0\u00bb\u00a0Il faut\u00a0\u00ab\u00a0au &hellip; <a href=\"http:\/\/www.projet-decroissance.net\/?p=1889\">Continuer la lecture <span class=\"meta-nav\">&rarr;<\/span><\/a><\/p>\n","protected":false},"author":3,"featured_media":0,"comment_status":"closed","ping_status":"open","sticky":false,"template":"","format":"standard","meta":{"footnotes":""},"categories":[1,7],"tags":[],"class_list":["post-1889","post","type-post","status-publish","format-standard","hentry","category-actualites","category-dans-la-presse-et-sur-la-toile"],"_links":{"self":[{"href":"http:\/\/www.projet-decroissance.net\/index.php?rest_route=\/wp\/v2\/posts\/1889","targetHints":{"allow":["GET"]}}],"collection":[{"href":"http:\/\/www.projet-decroissance.net\/index.php?rest_route=\/wp\/v2\/posts"}],"about":[{"href":"http:\/\/www.projet-decroissance.net\/index.php?rest_route=\/wp\/v2\/types\/post"}],"author":[{"embeddable":true,"href":"http:\/\/www.projet-decroissance.net\/index.php?rest_route=\/wp\/v2\/users\/3"}],"replies":[{"embeddable":true,"href":"http:\/\/www.projet-decroissance.net\/index.php?rest_route=%2Fwp%2Fv2%2Fcomments&post=1889"}],"version-history":[{"count":1,"href":"http:\/\/www.projet-decroissance.net\/index.php?rest_route=\/wp\/v2\/posts\/1889\/revisions"}],"predecessor-version":[{"id":1890,"href":"http:\/\/www.projet-decroissance.net\/index.php?rest_route=\/wp\/v2\/posts\/1889\/revisions\/1890"}],"wp:attachment":[{"href":"http:\/\/www.projet-decroissance.net\/index.php?rest_route=%2Fwp%2Fv2%2Fmedia&parent=1889"}],"wp:term":[{"taxonomy":"category","embeddable":true,"href":"http:\/\/www.projet-decroissance.net\/index.php?rest_route=%2Fwp%2Fv2%2Fcategories&post=1889"},{"taxonomy":"post_tag","embeddable":true,"href":"http:\/\/www.projet-decroissance.net\/index.php?rest_route=%2Fwp%2Fv2%2Ftags&post=1889"}],"curies":[{"name":"wp","href":"https:\/\/api.w.org\/{rel}","templated":true}]}}