{"id":1893,"date":"2014-12-08T14:56:53","date_gmt":"2014-12-08T14:56:53","guid":{"rendered":"http:\/\/www.projet-decroissance.net\/?p=1893"},"modified":"2015-05-12T09:00:40","modified_gmt":"2015-05-12T09:00:40","slug":"re-enchanter-la-politique-avec-la-decroissance","status":"publish","type":"post","link":"http:\/\/www.projet-decroissance.net\/?p=1893","title":{"rendered":"R\u00e9-enchanter la politique avec la d\u00e9croissance"},"content":{"rendered":"<p><a class=\"irc_mil\" style=\"color: #660099;\" href=\"https:\/\/plus.google.com\/communities\/102405193850396581598\/members\" data-ved=\"0CAcQjRw\"><img loading=\"lazy\" decoding=\"async\" class=\"irc_mi alignleft\" src=\"https:\/\/lh4.googleusercontent.com\/-vRWFi34Cc-o\/AAAAAAAAAAI\/AAAAAAAAALU\/bmZNgM2W0D0\/photo.jpg\" alt=\"\" width=\"243\" height=\"243\" \/><\/a><span style=\"color: #000000; font-weight: bold;\">R\u00e9-enchanter la politique avec la d\u00e9croissance<br \/>\n<\/span><em><span style=\"color: #000000;\">Publi\u00e9 le\u00a0<\/span><span style=\"color: #000000;\">05\/12\/2014 La Tribune, acteurs de l&rsquo;\u00e9conomie.<\/span><\/em><\/p>\n<p><strong><span style=\"color: #000000;\">Face \u00e0 la morosit\u00e9 ambiante, n&rsquo;est-il pas grand temps de faire des pas de c\u00f4t\u00e9 ? Face au dogme de la croissance, des alternatives existent et sont d\u00e9j\u00e0 en marche un peu partout en France et dans le monde.<\/span><\/strong><\/p>\n<section class=\"contenu-article\" style=\"color: #000000;\">\n<div id=\"body-article\">\n<p>Aujourd&rsquo;hui, encore et encore, face \u00e0 la morosit\u00e9 ambiante, les pouvoirs politiques n&rsquo;ont qu&rsquo;une solution en t\u00eate : des appels inesp\u00e9r\u00e9s \u00e0 un retour \u00e0 la croissance. Ce fut r\u00e9cemment le cas avec le plan d&rsquo;Emmanuel Macron \u00ab pour relancer la croissance \u00bb ou encore la \u00ab croissance verte \u00bb que devrait nous apporter l&rsquo;illusoire projet de transition \u00e9nerg\u00e9tique de S\u00e9gol\u00e8ne Royal.<\/p>\n<h2 style=\"color: #00406d;\">Un marteau dans la t\u00eate<\/h2>\n<p>Quand on a un marteau dans la t\u00eate on voit tous les probl\u00e8mes sous forme de clous. Ce marteau c&rsquo;est l&rsquo;\u00e9conomie, avec le mythe de la croissance qui y est associ\u00e9, et il est dans la t\u00eate de tous nos gouvernants.<br \/>\n<!--more--><br \/>\nC&rsquo;est pourquoi nous parlons de religion de la croissance. Elle est devenu un totem qui devrait r\u00e9soudre tous les probl\u00e8mes : de la crise \u00e9cologique et \u00e9nerg\u00e9tique d&rsquo;un c\u00f4t\u00e9, \u00e0 la crise sociale et \u00e9conomique de l&rsquo;autre. La croissance serait la seule et unique solution. Sa recherche obnubilante masque \u00e9galement la crise d\u00e9mocratique et culturelle qui touche nos soci\u00e9t\u00e9s.<\/p>\n<h2 style=\"color: #00406d;\">Moins de biens, plus de liens<\/h2>\n<p>Et pourtant, une croissance infinie dans un monde fini n&rsquo;est pas possible pour des raisons \u00e9videntes : la finitude d&rsquo;un certain nombre de ressources n\u00e9cessaires \u00e0 notre syst\u00e8me productiviste et consum\u00e9ristes (\u00e9nergies fossiles, m\u00e9taux) et aussi par la d\u00e9stabilisation de cycles naturels (d\u00e9r\u00e8glement climatique, chute de la biodiversit\u00e9, pollutions). Mais cette croissance pour la croissance n&rsquo;est pas non plus souhaitable : quel est le sens \u00e0 toujours produire plus pour consommer plus avec toujours plus de stress, de comp\u00e9titions et d&rsquo;in\u00e9galit\u00e9s ?<\/p>\n<p>Ce sont les questions que nous posons avec notre slogan provocateur qu&rsquo;est la D\u00e9croissance : Quel sens souhaitons-nous donner \u00e0 nos vies ? Comment se r\u00e9approprier d&rsquo;autre mani\u00e8res de vivre ensemble plus justes et conviviales ? Quel contrat social, quelles solidarit\u00e9s et quels \u00ab\u00a0savoirs vivre bien\u00a0\u00bb, dans un monde lib\u00e9r\u00e9 de la religion de la croissance ?<\/p>\n<h2 style=\"color: #00406d;\">La transition est marche<\/h2>\n<p>Ces questionnements traversent la soci\u00e9t\u00e9. Trop souvent pour le pire avec le d\u00e9sillusionnement de toujours plus de personnes pour ce syst\u00e8me politique m\u00e9diatique et oligarchique, qui ne convainc plus personne. Mais aussi pour le meilleur, nous l&rsquo;observons \u00e0 travers des prises de conscience, des changements de comportements notamment par rapport \u00e0 la consommation et, aussi et surtout, autour de ce que nous appelons les alternatives concr\u00e8tes.<\/p>\n<p>C&rsquo;est ce que nous avons pu appr\u00e9cier ces derni\u00e8res semaines, entre autres, aux Alternatiba que ce soit par exemple \u00e0 Lille, Nantes ou encore Bordeaux. Il s&rsquo;agit de rencontres citoyennes qui ont r\u00e9uni plusieurs milliers de personnes. Elles pr\u00e9sentent et invitent \u00e0 d&rsquo;autres mani\u00e8res de vivre, de produire et d&rsquo;\u00e9changer : jardins communautaires, monnaies locales, espace de gratuit\u00e9, AMAP, atelier d&rsquo;auto-r\u00e9paration et de recyclage, etc.<\/p>\n<h2 style=\"color: #00406d;\">Vers un r\u00e9-enchantement de la politique<\/h2>\n<p>Par le faire, mais aussi en se rencontrant, nous observons un r\u00e9-enchantement de la politique, entendu comme un r\u00e9investissement dans la vie de la cit\u00e9. Nous observons, surtout, un enthousiasme et une joie de vivre chez les personnes qui s&rsquo;impliquent dans cette transformation silencieuse de notre soci\u00e9t\u00e9.<\/p>\n<p>Mais, cela sera-t-il suffisant ? Comment donner une dimension plus large \u00e0 ces initiatives pour qu&rsquo;elles ne restent pas seulement des oasis d&rsquo;espoirs dans un monde qui sombre ? Tel est l&rsquo;enjeu des pas-de-c\u00f4t\u00e9, des questionnements, des r\u00e9flexions et des propositions que nous mettons en d\u00e9bat avec la D\u00e9croissance : relocalisation ouverte, outils de s\u00e9r\u00e9nit\u00e9 sociale (revenu de base, revenu maximum acceptable, extension des sph\u00e8res de la gratuit\u00e9), \u00e9ducation coop\u00e9rative et non-violente, d\u00e9mocratie populaire.<\/p>\n<h2 style=\"color: #00406d;\">R\u00e9appropriation d\u00e9mocratique des banques centrales<\/h2>\n<p>D&rsquo;un point de vue financier, nous pr\u00f4nons la sortie de la religion de l&rsquo;\u00e9conomie \u00e0 travers la r\u00e9appropriation d\u00e9mocratique des banques centrales, de la cr\u00e9ation mon\u00e9taire et une r\u00e9flexion sur le non-remboursement des dettes publiques ill\u00e9gitimes.Nous avons encore le choix entre une r\u00e9cession subie qui profite \u00e0 une oligarchie toujours plus puissante au d\u00e9triment d&rsquo;une mis\u00e8re grandissante, des in\u00e9galit\u00e9s qui explosent, de la destruction des \u00e9quilibres \u00e9cologique ; et une D\u00e9croissance choisie, c&rsquo;est-\u00e0-dire la mise en place de transition d\u00e9mocratiques et sereines vers de nouveaux mod\u00e8les de soci\u00e9t\u00e9s soutenables, mais surtout souhaitables et conviviaux. Il suffit d&rsquo;un pas &#8230; de c\u00f4t\u00e9.<br \/>\nVincent Liegey, avec Christophe Ondet, Anisabel Veillot\u00a0et St\u00e9phane Madelaine. Co-auteur d&rsquo;un<a style=\"color: #00538c;\" href=\"http:\/\/www.projet-decroissance.net\/\" target=\"_blank\">\u00a0Projet de D\u00e9croissance<\/a>, Edition Utopia, 2013.<\/p>\n<\/div>\n<\/section>\n","protected":false},"excerpt":{"rendered":"<p>R\u00e9-enchanter la politique avec la d\u00e9croissance Publi\u00e9 le\u00a005\/12\/2014 La Tribune, acteurs de l&rsquo;\u00e9conomie. Face \u00e0 la morosit\u00e9 ambiante, n&rsquo;est-il pas grand temps de faire des pas de c\u00f4t\u00e9 ? Face au dogme de la croissance, des alternatives existent et sont &hellip; <a href=\"http:\/\/www.projet-decroissance.net\/?p=1893\">Continuer la lecture <span class=\"meta-nav\">&rarr;<\/span><\/a><\/p>\n","protected":false},"author":3,"featured_media":0,"comment_status":"closed","ping_status":"open","sticky":false,"template":"","format":"standard","meta":{"footnotes":""},"categories":[1,7],"tags":[],"class_list":["post-1893","post","type-post","status-publish","format-standard","hentry","category-actualites","category-dans-la-presse-et-sur-la-toile"],"_links":{"self":[{"href":"http:\/\/www.projet-decroissance.net\/index.php?rest_route=\/wp\/v2\/posts\/1893","targetHints":{"allow":["GET"]}}],"collection":[{"href":"http:\/\/www.projet-decroissance.net\/index.php?rest_route=\/wp\/v2\/posts"}],"about":[{"href":"http:\/\/www.projet-decroissance.net\/index.php?rest_route=\/wp\/v2\/types\/post"}],"author":[{"embeddable":true,"href":"http:\/\/www.projet-decroissance.net\/index.php?rest_route=\/wp\/v2\/users\/3"}],"replies":[{"embeddable":true,"href":"http:\/\/www.projet-decroissance.net\/index.php?rest_route=%2Fwp%2Fv2%2Fcomments&post=1893"}],"version-history":[{"count":1,"href":"http:\/\/www.projet-decroissance.net\/index.php?rest_route=\/wp\/v2\/posts\/1893\/revisions"}],"predecessor-version":[{"id":1894,"href":"http:\/\/www.projet-decroissance.net\/index.php?rest_route=\/wp\/v2\/posts\/1893\/revisions\/1894"}],"wp:attachment":[{"href":"http:\/\/www.projet-decroissance.net\/index.php?rest_route=%2Fwp%2Fv2%2Fmedia&parent=1893"}],"wp:term":[{"taxonomy":"category","embeddable":true,"href":"http:\/\/www.projet-decroissance.net\/index.php?rest_route=%2Fwp%2Fv2%2Fcategories&post=1893"},{"taxonomy":"post_tag","embeddable":true,"href":"http:\/\/www.projet-decroissance.net\/index.php?rest_route=%2Fwp%2Fv2%2Ftags&post=1893"}],"curies":[{"name":"wp","href":"https:\/\/api.w.org\/{rel}","templated":true}]}}