{"id":1911,"date":"2014-12-30T11:00:40","date_gmt":"2014-12-30T11:00:40","guid":{"rendered":"http:\/\/www.projet-decroissance.net\/?p=1911"},"modified":"2014-12-30T11:00:40","modified_gmt":"2014-12-30T11:00:40","slug":"chronique-de-reporterre-entre-idealisme-et-realisme-pour-ne-plus-avoir-raison-tout-seul","status":"publish","type":"post","link":"http:\/\/www.projet-decroissance.net\/?p=1911","title":{"rendered":"Chronique de Reporterre : \u00ab\u00a0Entre id\u00e9alisme et r\u00e9alisme : pour ne plus avoir raison tout seul&#8230;\u00a0\u00bb"},"content":{"rendered":"<p class=\"cartouche\" style=\"color: #000000;\"><a style=\"color: #ffffff;\" title=\"Accueil\" href=\"http:\/\/www.reporterre.net\/spip.php?article6455\" target=\"_blank\" rel=\"start home\"><img loading=\"lazy\" decoding=\"async\" class=\"spip_logos alignright\" src=\"http:\/\/www.reporterre.net\/local\/cache-vignettes\/L400xH124\/siteon0-4d1bb.png\" alt=\"Reporterre\" width=\"400\" height=\"124\" \/><\/a><em><strong>Nous publions r\u00e9guli\u00e8rement des chroniques sur l\u2019excellent<a href=\"http:\/\/www.reporterre.net\/spip.php?article6455\" target=\"_blank\">quotidien de l\u2019\u00e9cologie Reporterre.net<\/a>\u00a0:\u00a0<\/strong><\/em><\/p>\n<div class=\"cartouche\"><img loading=\"lazy\" decoding=\"async\" class=\"spip_logos alignleft\" src=\"http:\/\/www.reporterre.net\/local\/cache-vignettes\/L450xH300\/arton6719-bd171.jpg\" alt=\"\" width=\"450\" height=\"300\" \/><\/div>\n<div class=\"crayon article-chapo-6719 chapo surlignable\" style=\"color: #666666;\">\n<p><strong>Susciter le d\u00e9bat est difficile quand on s\u2019attaque \u00e0 la soci\u00e9t\u00e9 de croissance.\u00a0<i>\u00ab<small class=\"fine\">\u00a0<\/small>Comment s\u2019ouvrir sans pour autant rompre avec la pertinence de notre pens\u00e9e<small class=\"fine\">\u00a0<\/small>? Comment \u00eatre radical sans sombrer dans l\u2019extr\u00e9misme<small class=\"fine\">\u00a0<\/small>? (&#8230;) Comment s\u2019ouvrir \u00e0 l\u2019autre pour ne plus avoir raison tout seul<small class=\"fine\">\u00a0<\/small>? Car avoir raison tout seul, c\u2019est avoir tort.<small class=\"fine\">\u00a0<\/small>\u00bb<\/i><\/strong><\/p>\n<\/div>\n<p>\u00catre d\u00e9croissant dans une soci\u00e9t\u00e9 de croissance n\u2019est pas une chose facile. On est confront\u00e9 \u00e0 la gestion de plein de contradictions.<\/p>\n<p>Juste pour reprendre quelques exemples d\u00e9velopp\u00e9s dans mes derni\u00e8res chroniques\u00a0: \u00eatre non-violent\u00a0<a class=\"spip_in\" style=\"color: #228b22;\" href=\"http:\/\/www.reporterre.net\/spip.php?article6590\">face \u00e0 une situation qui pousse \u00e0 la violence<\/a>, devoir travailler dans une soci\u00e9t\u00e9\u00a0<a class=\"spip_in\" style=\"color: #228b22;\" href=\"http:\/\/www.reporterre.net\/spip.php?article6463\">de\u00a0<i>\u00ab<small class=\"fine\">\u00a0<\/small>bullshit job<small class=\"fine\">\u00a0<\/small>\u00bb<\/i>\u00a0productivistes et destructeurs de la plan\u00e8te<\/a>\u00a0ou encore devoir amener la D\u00e9croissance dans des institutions que nous rejetons ou critiquons. On pourrait allonger cette liste.<\/p>\n<p><strong>Entre id\u00e9alisme et r\u00e9alisme<\/strong><!--more--><\/p>\n<p>\u00catre d\u00e9croissant dans une soci\u00e9t\u00e9 de croissance est un jeu d\u2019\u00e9quilibriste. On est sur une corde instable, si tant est qu\u2019elle existe, entre risque d\u2019exc\u00e8s de r\u00e9alisme ou d\u2019id\u00e9alisme. Le r\u00e9alisme, par extr\u00e9misme, nous am\u00e8ne vers l\u2019impasse du catastrophisme qui, par les peurs qu\u2019il g\u00e9n\u00e8re, s\u2019av\u00e8re contre-productif.<\/p>\n<p>L\u2019id\u00e9alisme puriste vers l\u2019impasse de l\u2019entre soi. Le r\u00e9alisme, par absence de radicalit\u00e9, peut aussi nous amener \u00e0 all\u00e9ger notre discours pour le rendre plus audible. L\u2019id\u00e9alisme, par abus de confiance en nos capacit\u00e9s d\u2019analyse et de rationalit\u00e9, peut nous amener \u00e0 oublier, m\u00eame si nous ne l\u2019avons pas choisi, que nous avons grandi, nous sommes impr\u00e9gn\u00e9s, nous vivons dans cette soci\u00e9t\u00e9 de croissance que nous rejetons&#8230; On pourrait l\u00e0 aussi continuer&#8230;<\/p>\n<p>Ces derniers jours, j\u2019ai \u00e0 la fois \u00e9cout\u00e9\u00a0<a class=\"spip_out\" style=\"color: #228b22;\" href=\"http:\/\/www.dailymotion.com\/video\/x27y7x0_philippe-bihouix-paris-14-octobre-2014_tech\" target=\"_blank\" rel=\"external\">plusieurs conf\u00e9rences de Philippe Bihouix<\/a>\u00a0et regard\u00e9 le dernier film de Marie-Monique Robin\u00a0<a class=\"spip_out\" style=\"color: #228b22;\" href=\"http:\/\/www.arte.tv\/guide\/fr\/050584-000\/sacree-croissance\" target=\"_blank\" rel=\"external\"><i>\u00ab<small class=\"fine\">\u00a0<\/small>Sacr\u00e9 croissance<small class=\"fine\">\u00a0<\/small>\u00bb<\/i><\/a>. Deux personnes dont je respecte \u00e9norm\u00e9ment les contributions.<\/p>\n<p><span class=\"spip_document_7209 spip_documents spip_documents_center\"><img loading=\"lazy\" decoding=\"async\" class=\"alignleft\" src=\"http:\/\/www.reporterre.net\/local\/cache-vignettes\/L260xH397\/sacree-7d12c.jpg\" alt=\"\" width=\"260\" height=\"397\" \/><\/span><\/p>\n<p>En tant qu\u2019ing\u00e9nieur, je me retrouve tout \u00e0 fait dans le style et la mani\u00e8re de penser et de pr\u00e9senter les choses de Philippe Bihouix. Ses r\u00e9flexions sur la fin des m\u00e9taux, l\u2019impasse physique de la soci\u00e9t\u00e9 de croissance sont fondamentaux. Les portes qu\u2019il ouvre sur\u00a0<a class=\"spip_out\" style=\"color: #228b22;\" href=\"http:\/\/www.reporterre.net\/spip.php?article5955\" target=\"_blank\"><i>\u00ab<small class=\"fine\">\u00a0<\/small>l\u2019\u00e2ge des low tech<small class=\"fine\">\u00a0<\/small>\u00bb<\/i><\/a>\u00a0apportent beaucoup d\u2019espoir.<\/p>\n<p>Par contre, je suis interpell\u00e9 par son approche plus technocratique des solutions. En effet, je suis plus dans une approche d\u00e9centralis\u00e9e de la D\u00e9croissance, construite sur une masse critique partant du bas, que l\u2019on retrouve chez Marie Monique Robin.<\/p>\n<p><strong>Trouver le juste \u00e9quilibre<\/strong><\/p>\n<p>Si j\u2019avais ador\u00e9\u00a0<a class=\"spip_out\" style=\"color: #228b22;\" href=\"https:\/\/www.youtube.com\/watch?v=r_fVKd4bD18\" target=\"_blank\" rel=\"external\"><i>Les moissons du futurs<\/i><\/a>, film remarquable sur, je pense, une solution centrale et l\u00e0 aussi pleine d\u2019espoir, comme les\u00a0<i>low tech<\/i>, que repr\u00e9sente l\u2019agro\u00e9cologie, je suis plus dubitatif apr\u00e8s avoir vu\u00a0<a class=\"spip_in\" style=\"color: #228b22;\" href=\"http:\/\/www.reporterre.net\/spip.php?article6526\">le dernier film de Marie-Monique Robin<\/a>.<\/p>\n<p>A trop vouloir \u00eatre p\u00e9dagogue, rassurer, tendre la main, et il faut le faire, on en arrive \u00e0 pr\u00e9senter des vraies-fausse solutions. En effet, et je suis d\u2019accord avec Philippe Bihouix, mettre des panneaux solaires partout (voir l\u2019exemple danois) est une impasse&#8230;<\/p>\n<p>D\u2019o\u00f9 l\u2019importance et la pertinence de notre slogan provocateur et emp\u00eacheur de penser en rond\u00a0: la\u00a0<a class=\"spip_out\" style=\"color: #228b22;\" href=\"http:\/\/www.decroissance.org\/index.php?chemin=textes\/historique\" target=\"_blank\" rel=\"external\">D\u00e9croissance<\/a>&#8230; substance radicale que la post-croissance n\u2019a pas. Par contre, ce slogan est moins repoussoir que notre mot obus&#8230;<\/p>\n<p>Mon propos n\u2019est pas de faire le donneur de le\u00e7on en donnant les bons et les mauvais points aux uns et aux autres comme c\u2019est malheureusement<a class=\"spip_out\" style=\"color: #228b22;\" href=\"http:\/\/www.partipourladecroissance.net\/?p=6720\" target=\"_blank\" rel=\"external\">coutumier chez certains d\u00e9croissants<\/a>. Mon propos est de r\u00e9fl\u00e9chir \u00e0 comment trouver un juste \u00e9quilibre.<\/p>\n<p>En politique,\u00a0<a class=\"spip_out\" style=\"color: #228b22;\" href=\"http:\/\/www.partipourladecroissance.net\/?p=7381\" target=\"_blank\" rel=\"external\">s\u2019il suffisait d\u2019avoir raison, \u00e7a se saurait<\/a>&#8230;<\/p>\n<p>J\u2019ai commenc\u00e9 \u00e0 m\u2019int\u00e9resser \u00e0 la d\u00e9croissance avec\u00a0<a class=\"spip_out\" style=\"color: #228b22;\" href=\"http:\/\/vimeo.com\/14288450\" target=\"_blank\" rel=\"external\">Nicholas Georgescu-Roegen<\/a>\u00a0et ses r\u00e9flexions sur l\u2019entropie, les mythes \u00e9nerg\u00e9tiques et l\u2019imposture de l\u2019\u00e9conomie classique, n\u00e9o-classique dominant nos imaginaires et notre soci\u00e9t\u00e9&#8230;<\/p>\n<p>Par la suite, je me suis concentr\u00e9 sur le\u00a0<i>peak everything<\/i>\u00a0(pic de toute mati\u00e8re, sur le mod\u00e8le du pic p\u00e9trolier). R\u00e9flexions qui tr\u00e8s vite m\u2019ont enferm\u00e9 dans une forme de catastrophisme rationnel. Tr\u00e8s vite, je me suis rendu compte que rab\u00e2cher toujours plus fort que l\u2019on allait dans le mur, que c\u2019est prouv\u00e9 physiquement, qu\u2019il suffit d\u2019ouvrir les yeux, \u00e9tait loin d\u2019\u00eatre suffisant pour amener mes interlocuteurs \u00e0 changer d\u2019avis&#8230; au contraire, je me coupais d\u2019eux.<\/p>\n<p><strong>Pour ne plus avoir raison tout seul&#8230;<\/strong><\/p>\n<p>Alors, avec d\u2019autres, je me suis int\u00e9ress\u00e9 aux limites culturelles, anthropologiques, de la soci\u00e9t\u00e9 de croissance avec entre autres, les r\u00e9flexions de\u00a0<a class=\"spip_in\" style=\"color: #228b22;\" href=\"http:\/\/www.reporterre.net\/spip.php?article4546\">Serge Latouche<\/a>\u00a0sur la critique au d\u00e9veloppement et l\u2019abondance frugale, la convivialit\u00e9 d\u2019Ivan Illich, l\u2019autonomie de\u00a0<a class=\"spip_in\" style=\"color: #228b22;\" href=\"http:\/\/www.reporterre.net\/spip.php?article6055\">Castoriadis<\/a>&#8230; et ainsi penser un\u00a0<a class=\"spip_out\" style=\"color: #228b22;\" href=\"http:\/\/www.projet-decroissance.net\/?p=1893\" target=\"_blank\" rel=\"external\">projet de D\u00e9croissance souhaitable<\/a>.<\/p>\n<p style=\"text-align: center;\"><span class=\"spip_document_7210 spip_documents spip_documents_center\"><img loading=\"lazy\" decoding=\"async\" src=\"http:\/\/www.reporterre.net\/local\/cache-vignettes\/L385xH425\/ivan-2-a0d72.jpg\" alt=\"\" width=\"385\" height=\"425\" \/><\/span><br class=\"autobr\" \/><i>&#8211; Ivan Illich &#8211;<\/i><\/p>\n<p>L\u2019enjeu n\u2019est pas de convaincre mais de susciter du d\u00e9bat. L\u2019enjeu est de montrer que d\u2019autres voies sont possibles, celles des alternatives concr\u00e8tes, des solidarit\u00e9s locales et auto-g\u00e9r\u00e9es, de l\u2019agro\u00e9cologie, des<i>\u00a0low tech<\/i>, mais aussi d\u2019une autre d\u00e9mocratie, d\u2019une sortie de la religion de l\u2019\u00e9conomie, d\u2019autres projets comme une\u00a0<a class=\"spip_out\" style=\"color: #228b22;\" href=\"http:\/\/www.projet-decroissance.net\/?p=1895\" target=\"_blank\" rel=\"external\">dotation inconditionnelle d\u2019autonomie<\/a>\u00a0coupl\u00e9e \u00e0 un revenu maximum acceptable&#8230;<\/p>\n<p>Il n\u2019y a pas de recette magique. C\u2019est d\u2019ailleurs un des risques que nous avons pris avec notre\u00a0<i>\u00ab<small class=\"fine\">\u00a0<\/small>Projet de D\u00e9croissance<small class=\"fine\">\u00a0<\/small>\u00bb<\/i>\u00a0: que l\u2019on applique ce projet\u00a0alors que notre objectif est avant tout de susciter du d\u00e9bat, des\u00a0<a class=\"spip_out\" style=\"color: #228b22;\" href=\"http:\/\/www.projet-decroissance.net\/?p=1904\" target=\"_blank\" rel=\"external\">discussions et r\u00e9flexions constructives<\/a>\u00a0autour d\u2019une base commune qui nous semble utile.<\/p>\n<p>L\u2019enjeu c\u2019est changer le monde, de minimiser les violences, les domination pour non cr\u00e9er la soci\u00e9t\u00e9 parfaite pour l\u2019homme parfait mais les soci\u00e9t\u00e9s les moins violentes possibles pour les hommes et les femmes que nous sommes.<\/p>\n<p>Pour cela, comment susciter du dialogue<small class=\"fine\">\u00a0<\/small>? Comment faire se rencontrer toutes ces approches<small class=\"fine\">\u00a0<\/small>? Comment poser sur la tables les vrais probl\u00e8mes<small class=\"fine\">\u00a0<\/small>?<\/p>\n<p>Il n\u2019y aura pas de grand soir, mais la\u00a0<a class=\"spip_out\" style=\"color: #228b22;\" href=\"http:\/\/www.reporterre.net\/spip.php?article3806\" target=\"_blank\">transition est en marche<\/a>, l\u2019enjeu est de voir comment s\u2019ouvrir \u00e0 l\u2019autre pour ne plus avoir raison tout seul. Car avoir raison tout seul c\u2019est avoir tort.<\/p>\n<p>Comment s\u2019ouvrir sans pour autant rompre avec la pertinence de notre pens\u00e9e. Comment trouver ces \u00e9quilibres compliqu\u00e9s et non uniques<small class=\"fine\">\u00a0<\/small>? Comment \u00eatre radical sans sombrer dans l\u2019extr\u00e9misme<small class=\"fine\">\u00a0<\/small>?<\/p>\n<p><em><strong>Vincent Liegey<\/strong><\/em><br \/>\n<em>Remerciements \u00e0 G\u00e9raldine pour sa relecture.<\/em><\/p>\n","protected":false},"excerpt":{"rendered":"<p>Nous publions r\u00e9guli\u00e8rement des chroniques sur l\u2019excellentquotidien de l\u2019\u00e9cologie Reporterre.net\u00a0:\u00a0 Susciter le d\u00e9bat est difficile quand on s\u2019attaque \u00e0 la soci\u00e9t\u00e9 de croissance.\u00a0\u00ab\u00a0Comment s\u2019ouvrir sans pour autant rompre avec la pertinence de notre pens\u00e9e\u00a0? Comment \u00eatre radical sans sombrer dans &hellip; <a href=\"http:\/\/www.projet-decroissance.net\/?p=1911\">Continuer la lecture <span class=\"meta-nav\">&rarr;<\/span><\/a><\/p>\n","protected":false},"author":3,"featured_media":0,"comment_status":"closed","ping_status":"open","sticky":false,"template":"","format":"standard","meta":{"footnotes":""},"categories":[1,7],"tags":[],"class_list":["post-1911","post","type-post","status-publish","format-standard","hentry","category-actualites","category-dans-la-presse-et-sur-la-toile"],"_links":{"self":[{"href":"http:\/\/www.projet-decroissance.net\/index.php?rest_route=\/wp\/v2\/posts\/1911","targetHints":{"allow":["GET"]}}],"collection":[{"href":"http:\/\/www.projet-decroissance.net\/index.php?rest_route=\/wp\/v2\/posts"}],"about":[{"href":"http:\/\/www.projet-decroissance.net\/index.php?rest_route=\/wp\/v2\/types\/post"}],"author":[{"embeddable":true,"href":"http:\/\/www.projet-decroissance.net\/index.php?rest_route=\/wp\/v2\/users\/3"}],"replies":[{"embeddable":true,"href":"http:\/\/www.projet-decroissance.net\/index.php?rest_route=%2Fwp%2Fv2%2Fcomments&post=1911"}],"version-history":[{"count":1,"href":"http:\/\/www.projet-decroissance.net\/index.php?rest_route=\/wp\/v2\/posts\/1911\/revisions"}],"predecessor-version":[{"id":1912,"href":"http:\/\/www.projet-decroissance.net\/index.php?rest_route=\/wp\/v2\/posts\/1911\/revisions\/1912"}],"wp:attachment":[{"href":"http:\/\/www.projet-decroissance.net\/index.php?rest_route=%2Fwp%2Fv2%2Fmedia&parent=1911"}],"wp:term":[{"taxonomy":"category","embeddable":true,"href":"http:\/\/www.projet-decroissance.net\/index.php?rest_route=%2Fwp%2Fv2%2Fcategories&post=1911"},{"taxonomy":"post_tag","embeddable":true,"href":"http:\/\/www.projet-decroissance.net\/index.php?rest_route=%2Fwp%2Fv2%2Ftags&post=1911"}],"curies":[{"name":"wp","href":"https:\/\/api.w.org\/{rel}","templated":true}]}}