{"id":1941,"date":"2015-02-10T09:59:37","date_gmt":"2015-02-10T09:59:37","guid":{"rendered":"http:\/\/www.projet-decroissance.net\/?p=1941"},"modified":"2015-02-10T09:59:37","modified_gmt":"2015-02-10T09:59:37","slug":"un-projet-de-decroissance-sur-radio-eveil","status":"publish","type":"post","link":"http:\/\/www.projet-decroissance.net\/?p=1941","title":{"rendered":"\u00ab\u00a0Un Projet de D\u00e9croissance\u00a0\u00bb sur Radio Eveil"},"content":{"rendered":"<p><iframe loading=\"lazy\" src=\"https:\/\/www.youtube.com\/embed\/1T-lQVQWBlw\" width=\"560\" height=\"315\" frameborder=\"0\" allowfullscreen=\"allowfullscreen\"><\/iframe><br \/>\n<a href=\"https:\/\/www.facebook.com\/RadioEveil?fref=nf\" target=\"_blank\">Radio Eveil<\/a> : \u00ab\u00a0Vincent Liegey nous parle de la d\u00e9croissance, du revenu de base et de la dotation inconditionnelle d&rsquo;autonomie. J&rsquo;ai eu le bonheur de passer du temps avec lui et c&rsquo;est avec des gens comme lui que la croyance d&rsquo;un monde meilleur arrive.<br \/>\nInterview pendant les universit\u00e9s d&rsquo;\u00e9t\u00e9 du Revenu de base &#8211; R\u00e9seau France<br \/>\n\u2013 Vincent Liegey, doctorant sur la D\u00e9croissance \u00e0 l\u2019universit\u00e9 d\u2019\u00e9conomie de Budapest (porte-parole du PPLD depuis janvier 2008).<br \/>\n\u2013 St\u00e9phane Madelaine, professeur de Sciences Industrielles pour l\u2019Ing\u00e9nieur en Classes Pr\u00e9paratoires aux Grandes \u00c9coles (membre du conseil national du PPLD).<br \/>\n\u2013 Christophe Ondet, gestionnaire de coll\u00e8ge (ancien secr\u00e9taire national du PPLD).<br \/>\n\u2013 Anne-Isabelle Veillot, auxiliaire de vie scolaire (secr\u00e9taire nationale du PPLD).\u00a0\u00bb<br \/>\n<a href=\"www.Projet-Decroissance.net\" target=\"_blank\">www.Projet-Decroissance.net<\/a><\/p>\n<p>Merci Alexandre Lecouillard pour cette discussion.<\/p>\n","protected":false},"excerpt":{"rendered":"<p>Radio Eveil : \u00ab\u00a0Vincent Liegey nous parle de la d\u00e9croissance, du revenu de base et de la dotation inconditionnelle d&rsquo;autonomie. J&rsquo;ai eu le bonheur de passer du temps avec lui et c&rsquo;est avec des gens comme lui que la croyance &hellip; <a href=\"http:\/\/www.projet-decroissance.net\/?p=1941\">Continuer la lecture <span class=\"meta-nav\">&rarr;<\/span><\/a><\/p>\n","protected":false},"author":3,"featured_media":0,"comment_status":"closed","ping_status":"open","sticky":false,"template":"","format":"standard","meta":{"footnotes":""},"categories":[1,7,8],"tags":[],"class_list":["post-1941","post","type-post","status-publish","format-standard","hentry","category-actualites","category-dans-la-presse-et-sur-la-toile","category-multimedias"],"_links":{"self":[{"href":"http:\/\/www.projet-decroissance.net\/index.php?rest_route=\/wp\/v2\/posts\/1941","targetHints":{"allow":["GET"]}}],"collection":[{"href":"http:\/\/www.projet-decroissance.net\/index.php?rest_route=\/wp\/v2\/posts"}],"about":[{"href":"http:\/\/www.projet-decroissance.net\/index.php?rest_route=\/wp\/v2\/types\/post"}],"author":[{"embeddable":true,"href":"http:\/\/www.projet-decroissance.net\/index.php?rest_route=\/wp\/v2\/users\/3"}],"replies":[{"embeddable":true,"href":"http:\/\/www.projet-decroissance.net\/index.php?rest_route=%2Fwp%2Fv2%2Fcomments&post=1941"}],"version-history":[{"count":1,"href":"http:\/\/www.projet-decroissance.net\/index.php?rest_route=\/wp\/v2\/posts\/1941\/revisions"}],"predecessor-version":[{"id":1942,"href":"http:\/\/www.projet-decroissance.net\/index.php?rest_route=\/wp\/v2\/posts\/1941\/revisions\/1942"}],"wp:attachment":[{"href":"http:\/\/www.projet-decroissance.net\/index.php?rest_route=%2Fwp%2Fv2%2Fmedia&parent=1941"}],"wp:term":[{"taxonomy":"category","embeddable":true,"href":"http:\/\/www.projet-decroissance.net\/index.php?rest_route=%2Fwp%2Fv2%2Fcategories&post=1941"},{"taxonomy":"post_tag","embeddable":true,"href":"http:\/\/www.projet-decroissance.net\/index.php?rest_route=%2Fwp%2Fv2%2Ftags&post=1941"}],"curies":[{"name":"wp","href":"https:\/\/api.w.org\/{rel}","templated":true}]}}