{"id":1973,"date":"2015-02-24T08:28:14","date_gmt":"2015-02-24T08:28:14","guid":{"rendered":"http:\/\/www.projet-decroissance.net\/?p=1973"},"modified":"2015-02-24T08:28:14","modified_gmt":"2015-02-24T08:28:14","slug":"pierre-rabhi-a-budapest-pour-presenter-deux-livres-en-hongrois","status":"publish","type":"post","link":"http:\/\/www.projet-decroissance.net\/?p=1973","title":{"rendered":"Pierre Rabhi \u00e0 Budapest pour pr\u00e9senter deux livres en hongrois"},"content":{"rendered":"<p style=\"color: #555555;\">Pierre Rabhi \u00e9tait \u00e0 Budapest pour quelques jours \u00e0 la mi-novembre pour pr\u00e9senter la sortie en hongrois de deux livres. Il a aussi particip\u00e9 \u00e0 une rencontre autour de l\u2019agro-\u00e9cologie, des circuits-courts et des agricultures familiales, co-organis\u00e9e, entre autres par l\u2019Institut Fran\u00e7ais de Budapest, le Minist\u00e8re de l\u2019agriculture hongrois. Enfin, Pierre Rabhi a aussi particip\u00e9 \u00e0 une projection-d\u00e9bat de l\u2019excellent film de Philippe Borrel, \u00ab\u00a0L\u2019Urgence de Ralentir\u00a0\u00bb. Toutes ces manifestations ont rencontr\u00e9 un vif succ\u00e8s. L\u2019occasion pour remercier toutes celles et ceux qui ont particip\u00e9 \u00e0 l\u2019organisation de ces rencontres.<\/p>\n<p style=\"color: #555555;\"><strong>Pour se procurer le livre en hongrois \u00ab\u00a0<a style=\"color: #565656;\" href=\"http:\/\/www.harmattan.hu\/konyv_1200.html\" target=\"_blank\">Hogy megmaradjon az \u00e9let<\/a>\u00ab\u00a0.<\/strong><\/p>\n<p style=\"color: #555555;\"><strong>Nous reproduisons ci-dessous la pr\u00e9face de l\u2019\u00e9dition hongroise de \u00ab\u00a0L\u2019Offrande au cr\u00e9puscule\u00a0\u00bb, \u00e9crite par Vincent Liegey.<\/strong><\/p>\n<p style=\"color: #555555;\"><a style=\"color: #565656;\" href=\"http:\/\/www.hu-lala.org\/wp-content\/uploads\/2014\/12\/pierre-rabhi-livre.jpg\"><img loading=\"lazy\" decoding=\"async\" class=\"alignright  wp-image-28290\" src=\"http:\/\/www.hu-lala.org\/wp-content\/uploads\/2014\/12\/pierre-rabhi-livre.jpg\" alt=\"pierre rabhi livre\" width=\"220\" height=\"374\" \/><\/a>\u00ab\u00a0La traduction en hongrois du livre de Pierre Rabhi, L\u2019offrande au cr\u00e9puscule est soutenue par l\u2019Institut Fran\u00e7ais de Budapest et s\u2019inscrit ainsi dans la dynamique de ces derni\u00e8res ann\u00e9es autour de la D\u00e9croissance et des enjeux de l\u2019agriculture. En effet, en mars 2011, Serge Latouche \u00e9tait \u00e0 Budapest pour pr\u00e9senter la traduction hongroise de son Petit trait\u00e9 de la D\u00e9croissance sereine. En novembre 2012, quelques semaines apr\u00e8s un colloque sur les circuits-courts tr\u00e8s remarqu\u00e9, c\u2019\u00e9tait au tour de Marie-Monique Robin de venir pr\u00e9senter une autre vision de l\u2019agriculture avec son film documentaire Les Moissons du Futur, sous-titr\u00e9 en hongrois. L\u2019ann\u00e9e derni\u00e8re a \u00e9t\u00e9 marqu\u00e9e par la sortie d\u2019Un Projet de D\u00e9croissance que j\u2019ai co-\u00e9crit avec Anisabel Veillot, Christophe Ondet et St\u00e9phane Madelaine. La boucle est boucl\u00e9e avec la sortie en hongrois de ce livre et la venue de Pierre Rabhi \u00e0 Budapest \u00e0 l\u2019occasion d\u2019un grand colloque sur l\u2019agro\u00e9cologie qui aura lieu \u00e0 l\u2019Institut Fran\u00e7ais de Budapest le 13 novembre 2014.<\/p>\n<p><!--more--><\/p>\n<p style=\"color: #555555;\">Je suis convaincu que le lyrisme avec lequel Pierre Rabhi parle de la terre, de la nature mais aussi des rapports humains dans ce livre touchera le public hongrois.<\/p>\n<p style=\"color: #555555;\">Ces derni\u00e8res ann\u00e9es, la question de l\u2019agriculture, ou plut\u00f4t d\u2019une autre agriculture a \u00e9t\u00e9 au c\u0153ur de beaucoup de discussions et d\u00e9bats en Hongrie. Les hongrois, de par leur histoire, leur sensibilit\u00e9, sont tr\u00e8s attach\u00e9s \u00e0 leur terre fertile, \u00e0 leurs propres productions et aussi \u00e0 leurs traditions et culture gastronomique qui les accompagnent. De plus, la place de la litt\u00e9rature mais surtout de la po\u00e9sie est centrale dans la langue et la culture hongroises. Enfin, la dimension non-violente et cr\u00e9ative que repr\u00e9sente l\u2019agro\u00e9cologie devrait aussi passionner mes amis hongrois.<\/p>\n<p style=\"color: #555555;\">Ce livre parle aussi d\u2019une aventure exceptionnelle, celle de Pierre Rabhi dans le Burkina Faso de Thomas Sankara au d\u00e9but des ann\u00e9es 80. A travers les remises en question pos\u00e9es par la D\u00e9croissance, contre les in\u00e9galit\u00e9s, pour d\u2019autres rapports humains, d\u2019autres relations nord-sud, pour une relocalisation ouverte de nos productions et donc une plus grande autonomie, nous nous retrouvons dans la dynamique r\u00e9volutionnaire de cette p\u00e9riode.<\/p>\n<p style=\"color: #555555;\">De m\u00eame, contre la domination de l\u2019oligarchie financi\u00e8re et pour une sortie de la religion de l\u2019\u00e9conomie, nous repensons au discours historique de Thomas Sankara \u00e0 la vingt-cinqui\u00e8me Conf\u00e9rence au sommet des pays membres de l\u2019OUA \u00e0 Addis-Abeba, le 29 juillet 1987 appelant les pays africains \u00e0 refuser de rembourser ces dettes ill\u00e9gitimes les maintenant dans la mis\u00e8re et l\u2019asservissement.<\/p>\n<p style=\"color: #555555;\">En effet, ces dettes ont permis de perp\u00e9tuer les politiques post-coloniales de pillage et par l\u00e0-m\u00eame l\u2019illusion du bien-\u00eatre factice et non soutenable de la soci\u00e9t\u00e9 de croissance. Aujourd\u2019hui, le m\u00eame pi\u00e8ge est mis en place dans nos soci\u00e9t\u00e9s au service d\u2019une oligarchie financi\u00e8re toujours plus puissante.<\/p>\n<p style=\"color: #555555;\">Replonger dans cette p\u00e9riode pleine d\u2019espoir, de bon sens et d\u2019humanit\u00e9, p\u00e9riode pendant laquelle la Hongrie voyant la sortie du tunnel absurde et oppresseur du communiste productiviste et avant de conna\u00eetre la d\u00e9ception terrible face aux mensonges de la soci\u00e9t\u00e9 de consommation, nous semble une belle opportunit\u00e9 pour ouvrir des discussions et des d\u00e9bats, pour d\u00e9coloniser nos imaginaires et se r\u00e9approprier une autre vision du monde.<\/p>\n<p style=\"color: #555555;\">Ce livre, en abordant la question de l\u2019agro-\u00e9cologie, pose les bases d\u2019une sortie de l\u2019impasse o\u00f9 nous a conduit l\u2019agriculture productiviste, d\u00e9pendante des \u00e9nergies fossiles d\u00e9clinantes et responsable de la destruction des sols, pour nous emmener vers l\u2019espoir d\u2019une soci\u00e9t\u00e9 soutenable, autonome, conviviale, juste et d\u00e9sirable.<\/p>\n<p style=\"color: #555555;\"><strong><em>*Vincent Liegey, objecteur de croissance, ancien charg\u00e9 de mission D\u00e9bats d\u2019Id\u00e9es \u00e0 l\u2019Institut Fran\u00e7ais de Budapest de 2011 \u00e0 2014 et co-auteur d\u2019un Projet de D\u00e9croissance (Utopia, 2013) \/ J\u00f3l\u00e9t gazdas\u00e1gi n\u00f6veked\u00e9s n\u00e9lk\u00fcl \u2013 A Nemn\u00f6veked\u00e9s fel\u00e9 (Eszmelet, 2013).\u00a0\u00bb<\/em><\/strong><br \/>\n<iframe loading=\"lazy\" src=\"http:\/\/www.youtube.com\/embed\/ouawedA8Tv0\" width=\"560\" height=\"315\" frameborder=\"0\" allowfullscreen=\"allowfullscreen\"><\/iframe><\/p>\n<p style=\"color: #555555;\">Initialement publi\u00e9 sur <a href=\"http:\/\/www.hu-lala.org\/pierre-rabhi-budapest-pour-presenter-deux-livres-en-hongrois\/\" target=\"_blank\">Hu-lala.org<\/a>.<\/p>\n","protected":false},"excerpt":{"rendered":"<p>Pierre Rabhi \u00e9tait \u00e0 Budapest pour quelques jours \u00e0 la mi-novembre pour pr\u00e9senter la sortie en hongrois de deux livres. Il a aussi particip\u00e9 \u00e0 une rencontre autour de l\u2019agro-\u00e9cologie, des circuits-courts et des agricultures familiales, co-organis\u00e9e, entre autres par &hellip; <a href=\"http:\/\/www.projet-decroissance.net\/?p=1973\">Continuer la lecture <span class=\"meta-nav\">&rarr;<\/span><\/a><\/p>\n","protected":false},"author":3,"featured_media":0,"comment_status":"closed","ping_status":"open","sticky":false,"template":"","format":"standard","meta":{"footnotes":""},"categories":[7],"tags":[],"class_list":["post-1973","post","type-post","status-publish","format-standard","hentry","category-dans-la-presse-et-sur-la-toile"],"_links":{"self":[{"href":"http:\/\/www.projet-decroissance.net\/index.php?rest_route=\/wp\/v2\/posts\/1973","targetHints":{"allow":["GET"]}}],"collection":[{"href":"http:\/\/www.projet-decroissance.net\/index.php?rest_route=\/wp\/v2\/posts"}],"about":[{"href":"http:\/\/www.projet-decroissance.net\/index.php?rest_route=\/wp\/v2\/types\/post"}],"author":[{"embeddable":true,"href":"http:\/\/www.projet-decroissance.net\/index.php?rest_route=\/wp\/v2\/users\/3"}],"replies":[{"embeddable":true,"href":"http:\/\/www.projet-decroissance.net\/index.php?rest_route=%2Fwp%2Fv2%2Fcomments&post=1973"}],"version-history":[{"count":1,"href":"http:\/\/www.projet-decroissance.net\/index.php?rest_route=\/wp\/v2\/posts\/1973\/revisions"}],"predecessor-version":[{"id":1974,"href":"http:\/\/www.projet-decroissance.net\/index.php?rest_route=\/wp\/v2\/posts\/1973\/revisions\/1974"}],"wp:attachment":[{"href":"http:\/\/www.projet-decroissance.net\/index.php?rest_route=%2Fwp%2Fv2%2Fmedia&parent=1973"}],"wp:term":[{"taxonomy":"category","embeddable":true,"href":"http:\/\/www.projet-decroissance.net\/index.php?rest_route=%2Fwp%2Fv2%2Fcategories&post=1973"},{"taxonomy":"post_tag","embeddable":true,"href":"http:\/\/www.projet-decroissance.net\/index.php?rest_route=%2Fwp%2Fv2%2Ftags&post=1973"}],"curies":[{"name":"wp","href":"https:\/\/api.w.org\/{rel}","templated":true}]}}