{"id":1975,"date":"2015-02-24T09:25:39","date_gmt":"2015-02-24T09:25:39","guid":{"rendered":"http:\/\/www.projet-decroissance.net\/?p=1975"},"modified":"2015-02-24T09:34:31","modified_gmt":"2015-02-24T09:34:31","slug":"un-projet-de-decroissance-sur-france-culture-la-decroissance-peut-elle-etre-autre-chose-quun-projet-individuel","status":"publish","type":"post","link":"http:\/\/www.projet-decroissance.net\/?p=1975","title":{"rendered":"\u00ab\u00a0Un Projet de D\u00e9croissance\u00a0\u00bb sur France Culture : La d\u00e9croissance peut-elle \u00eatre autre chose qu&rsquo;un projet individuel ?"},"content":{"rendered":"<p style=\"color: #4d4d4d;\"><img loading=\"lazy\" decoding=\"async\" title=\"\" src=\"http:\/\/www.franceculture.fr\/sites\/default\/files\/2014\/08\/19\/4897202\/images\/EMISSIONS_bandeau_640x1003.jpg\" alt=\"Du Grain \u00e0 moudre\" width=\"640\" height=\"100\" \/><\/p>\n<p style=\"color: #4d4d4d;\">Nous \u00e9tions invit\u00e9s \u00e0<a href=\"http:\/\/www.franceculture.fr\/emission-du-grain-a-moudre-la-decroissance-peut-elle-etre-autre-chose-qu-un-projet-individuel-2015-0\" target=\"_blank\"> l&rsquo;\u00e9mission du Grain \u00e0 moudre le mardi 6 janvier 2015<\/a> :<\/p>\n[audio:http:\/\/www.partipourladecroissance.net\/wp-content\/uploads\/2015\/02\/France-Culture-Projet-Decroissance-6-Janvier-2015-Liegey-Grain-moudre.mp3]\n<p style=\"color: #4d4d4d;\"><img loading=\"lazy\" decoding=\"async\" class=\" wp-image-931 alignleft\" src=\"http:\/\/www.projet-decroissance.net\/wp-content\/uploads\/2013\/04\/france-culture.png\" alt=\"france-culture\" width=\"180\" height=\"180\" srcset=\"http:\/\/www.projet-decroissance.net\/wp-content\/uploads\/2013\/04\/france-culture.png 500w, http:\/\/www.projet-decroissance.net\/wp-content\/uploads\/2013\/04\/france-culture-150x150.png 150w, http:\/\/www.projet-decroissance.net\/wp-content\/uploads\/2013\/04\/france-culture-300x300.png 300w\" sizes=\"auto, (max-width: 180px) 100vw, 180px\" \/>\u00ab\u00a0Pour Fran\u00e7ois Hollande, il n\u2019y a pas 36 fa\u00e7ons de faire baisser le ch\u00f4mage. Il n\u2019y en a qu\u2019une\u00a0: le retour de la croissance. \u00ab\u00a0<em>Si nous avons plus de croissance<\/em>\u00a0\u00bb, expliquait hier le chef de l\u2019\u00c9tat sur France Inter, \u00ab\u00a0<em>nous aurons moins de ch\u00f4mage<\/em>\u00a0\u00bb, \u00ab\u00a0<em>je ferai tout pour que la croissance soit la plus haute possible en 2015 et en 2016<\/em>\u00a0\u00bb. Voil\u00e0 des propos qui ont du r\u00e9jouir Thomas Piketty. Pour justifier son refus de la L\u00e9gion d\u2019honneur, l\u2019\u00e9conomiste expliquait la semaine derni\u00e8re que le gouvernement avait mieux \u00e0 faire que de d\u00e9cerner des honneurs, qu\u2019il ferait mieux \u00ab\u00a0<em>de se consacrer \u00e0 la relance de la croissance en France et en Europe<\/em>\u00a0\u00bb.<\/p>\n<p><!--more--><\/p>\n<div class=\"dnd-drop-wrapper atom-type-image\" style=\"color: #4d4d4d;\">\n<p class=\"image atom-Image\"><img loading=\"lazy\" decoding=\"async\" class=\"dnd-dropped alignright\" src=\"http:\/\/www.franceculture.fr\/sites\/default\/files\/imagecache\/ressource_full\/2015\/01\/06\/4981846\/Decroissance.JPG\" alt=\"\" width=\"333\" height=\"222\" \/><span style=\"color: #4d4d4d;\">On pourrait multiplier les citations, qui donnent \u00e0 la croissance la position centrale en vue d\u2019une hypoth\u00e9tique sortie de crise et d\u2019un non moins incertain bonheur \u00e0 venir. Difficile dans ces conditions de faire exister un discours politique inverse\u00a0: celui de la d\u00e9croissance. D\u2019ailleurs, ce discours existe-t-il encore\u00a0? Les d\u00e9croissants ont bien tent\u00e9 d\u2019investir le champ du d\u00e9bat en pr\u00e9sentant des candidats aux \u00e9lections, europ\u00e9ennes notamment\u00a0: sans r\u00e9sultat probant.<\/span><\/p>\n<p class=\"image atom-Image\"><span style=\"color: #4d4d4d;\">On reprochera sans doute aux m\u00e9dias d\u2019en \u00eatre les principaux responsables. Pourtant, ces<\/span><span style=\"color: #4d4d4d;\"> m\u00eames m\u00e9dias ne cessent de relayer les innombrables initiatives locales, qui participent de cette philosophie de la d\u00e9croissance. Economie collaborative, circuits courts, mise en commun des moyens de production\u2026 la pratique semble avoir devanc\u00e9 la th\u00e9orie.<\/span><\/p>\n<\/div>\n<p style=\"color: #4d4d4d;\"><span style=\"color: #4d4d4d;\">Comment expliquer ce d\u00e9calage\u00a0?\u00a0\u00bb<\/span><\/p>\n<p style=\"color: #4d4d4d;\"><strong>\u00ab\u00a0<em>La d\u00e9croissance peut-elle \u00eatre autre chose qu\u2019un projet individuel\u00a0?<\/em>\u00a0\u00bb<\/strong><\/p>\n<p style=\"color: #4d4d4d;\">C&rsquo;est notre sujet du jour&#8230;<\/p>\n<p style=\"color: #4d4d4d;\">Invit\u00e9(s) :<br \/>\n<a style=\"font-weight: bold; color: #032649;\" href=\"http:\/\/www.franceculture.fr\/personne-christian-de-perthuis.html\">Christian de Perthuis<\/a>, professeur associ\u00e9 d&rsquo;\u00e9conomie \u00e0 l&rsquo;universit\u00e9 Paris-Dauphine et pr\u00e9sident du conseil scientifique de la Chaire \u00e9conomie du climat (CEC)<br \/>\n<a style=\"font-weight: bold; color: #032649;\" href=\"http:\/\/www.franceculture.fr\/personne-vincent-liegey\">Vincent Liegey<\/a>, doctorant \u00e0 l&rsquo;universit\u00e9 d&rsquo;\u00e9conomie de Budapest et porte-parole du Parti pour la d\u00e9croissance (PPLD).<\/p>\n<p style=\"color: #4d4d4d;\">Et aussi :\u00a0<a style=\"color: #ff4b33;\" href=\"http:\/\/www.projet-decroissance.net\/?p=930\" rel=\"bookmark\">Un Projet de D\u00e9croissance sur France Culture \u2013 Terre \u00e0 Terre, avec Vincent Liegey par Ruth St\u00e9gassy<\/a><\/p>\n<p>&nbsp;<\/p>\n","protected":false},"excerpt":{"rendered":"<p>Nous \u00e9tions invit\u00e9s \u00e0 l&rsquo;\u00e9mission du Grain \u00e0 moudre le mardi 6 janvier 2015 : [audio:http:\/\/www.partipourladecroissance.net\/wp-content\/uploads\/2015\/02\/France-Culture-Projet-Decroissance-6-Janvier-2015-Liegey-Grain-moudre.mp3] \u00ab\u00a0Pour Fran\u00e7ois Hollande, il n\u2019y a pas 36 fa\u00e7ons de faire baisser le ch\u00f4mage. Il n\u2019y en a qu\u2019une\u00a0: le retour de la croissance. &hellip; <a href=\"http:\/\/www.projet-decroissance.net\/?p=1975\">Continuer la lecture <span class=\"meta-nav\">&rarr;<\/span><\/a><\/p>\n","protected":false},"author":3,"featured_media":0,"comment_status":"closed","ping_status":"open","sticky":false,"template":"","format":"standard","meta":{"footnotes":""},"categories":[1,7,8],"tags":[],"class_list":["post-1975","post","type-post","status-publish","format-standard","hentry","category-actualites","category-dans-la-presse-et-sur-la-toile","category-multimedias"],"_links":{"self":[{"href":"http:\/\/www.projet-decroissance.net\/index.php?rest_route=\/wp\/v2\/posts\/1975","targetHints":{"allow":["GET"]}}],"collection":[{"href":"http:\/\/www.projet-decroissance.net\/index.php?rest_route=\/wp\/v2\/posts"}],"about":[{"href":"http:\/\/www.projet-decroissance.net\/index.php?rest_route=\/wp\/v2\/types\/post"}],"author":[{"embeddable":true,"href":"http:\/\/www.projet-decroissance.net\/index.php?rest_route=\/wp\/v2\/users\/3"}],"replies":[{"embeddable":true,"href":"http:\/\/www.projet-decroissance.net\/index.php?rest_route=%2Fwp%2Fv2%2Fcomments&post=1975"}],"version-history":[{"count":3,"href":"http:\/\/www.projet-decroissance.net\/index.php?rest_route=\/wp\/v2\/posts\/1975\/revisions"}],"predecessor-version":[{"id":1978,"href":"http:\/\/www.projet-decroissance.net\/index.php?rest_route=\/wp\/v2\/posts\/1975\/revisions\/1978"}],"wp:attachment":[{"href":"http:\/\/www.projet-decroissance.net\/index.php?rest_route=%2Fwp%2Fv2%2Fmedia&parent=1975"}],"wp:term":[{"taxonomy":"category","embeddable":true,"href":"http:\/\/www.projet-decroissance.net\/index.php?rest_route=%2Fwp%2Fv2%2Fcategories&post=1975"},{"taxonomy":"post_tag","embeddable":true,"href":"http:\/\/www.projet-decroissance.net\/index.php?rest_route=%2Fwp%2Fv2%2Ftags&post=1975"}],"curies":[{"name":"wp","href":"https:\/\/api.w.org\/{rel}","templated":true}]}}