{"id":1985,"date":"2015-03-09T09:47:34","date_gmt":"2015-03-09T09:47:34","guid":{"rendered":"http:\/\/www.projet-decroissance.net\/?p=1985"},"modified":"2015-03-09T09:47:34","modified_gmt":"2015-03-09T09:47:34","slug":"chronique-de-reporterre-obsolescence-programmee-autonomie-capitalisme-et-decroissance","status":"publish","type":"post","link":"http:\/\/www.projet-decroissance.net\/?p=1985","title":{"rendered":"Chronique de Reporterre : Obsolescence programm\u00e9e, autonomie,  capitalisme et D\u00e9croissance"},"content":{"rendered":"<p style=\"color: #333333;\"><a style=\"color: #ffffff;\" title=\"Accueil\" href=\"http:\/\/www.reporterre.net\/spip.php?article6455\" target=\"_blank\" rel=\"start home\"><img loading=\"lazy\" decoding=\"async\" class=\"spip_logos alignright\" src=\"http:\/\/www.reporterre.net\/local\/cache-vignettes\/L400xH124\/siteon0-4d1bb.png\" alt=\"Reporterre\" width=\"400\" height=\"124\" \/><\/a><em style=\"color: #000000;\"><strong>Nous publions r\u00e9guli\u00e8rement des chroniques sur l\u2019excellent<a href=\"http:\/\/www.reporterre.net\/spip.php?article6455\" target=\"_blank\">quotidien de l\u2019\u00e9cologie Reporterre.net<\/a>\u00a0:\u00a0<\/strong><\/em><\/p>\n<p>\u00a0La semaine derni\u00e8re j\u2019ai d\u00fb faire face \u00e0 un terrible probl\u00e8me\u00a0: le chargeur de mon ordinateur portable s\u2019est tout d\u2019un coup arr\u00eat\u00e9 de fonctionner&#8230;<\/p>\n<p>Il faut dire que mon portable, achet\u00e9 d\u2019occasion, a plus de huit ans<small class=\"fine\">\u00a0<\/small>! Je me suis donc dit qu\u2019il ne devait pas \u00eatre difficile de trouver un chargeur de deuxi\u00e8me main inutilis\u00e9&#8230; d\u2019autant plus que les nouvelles g\u00e9n\u00e9rations de la m\u00eame marque symbolis\u00e9e par un fruit continuent \u00e0 utiliser les m\u00eames chargeurs.<\/p>\n<p>Ayant juste assez de batterie, j\u2019ai envoy\u00e9 quelques messages sur des r\u00e9seaux sociaux et \u00e0 des amis utilisant la m\u00eame marque que moi. Toutes les r\u00e9ponses allaient dans le m\u00eame sens\u00a0:\u00a0<i>\u00ab<small class=\"fine\">\u00a0<\/small>Toi aussi<small class=\"fine\">\u00a0<\/small>?<small class=\"fine\">\u00a0<\/small>\u00bb, \u00ab<small class=\"fine\">\u00a0<\/small>Y a pas le choix, il faut en acheter un en Chine sur Internet, sinon il faut casquer avec un nouveau au magasin de la m\u00eame marque&#8230;<small class=\"fine\">\u00a0<\/small>\u00bb<\/i><\/p>\n<p><strong>R\u00e9parer un chargeur irr\u00e9parable<\/strong><\/p>\n<p><!--more--><\/p>\n<p>Je d\u00e9cide alors de sauter sur mon v\u00e9lo et me rends dans des petites boutiques de quartiers. L\u00e0 aussi, m\u00eames r\u00e9ponses. Mes bricoleurs de quartier ne veulent pas s\u2019aventurer dans la r\u00e9paration du chargeur que l\u2019on ne peut pas d\u00e9monter.<\/p>\n<p>Hors de question de participer \u00e0 cette absurde logique du consommer toujours plus de saloperies fabriqu\u00e9es on sait dans quelles conditions en Chine<small class=\"fine\">\u00a0<\/small>! De plus que je viens de finir l\u2019excellent\u00a0<a class=\"spip_out\" style=\"color: #228b22;\" href=\"http:\/\/www.reporterre.net\/L-Age-des-Low-Tech-vers-une\" target=\"_blank\"><i>L\u2019\u00e2ge des \u00ab<small class=\"fine\">\u00a0<\/small>low tech<small class=\"fine\">\u00a0<\/small>\u00bb<\/i><\/a>\u00a0de Philippe Bihouix, suis actif dans le DiY (Do it Yourself,\u00a0<a class=\"spip_out\" style=\"color: #228b22;\" href=\"http:\/\/www.reporterre.net\/Des-ateliers-d-auto-production\" target=\"_blank\">faire soi-m\u00eame<\/a>) depuis des ann\u00e9es, ai particip\u00e9 \u00e0 plusieurs projections d\u00e9bats autour de\u00a0<a class=\"spip_out\" style=\"color: #228b22;\" href=\"https:\/\/www.youtube.com\/watch?v=5eSoBBapXCg\" target=\"_blank\" rel=\"external\"><i>Pr\u00eat \u00e0 jeter<\/i><\/a>\u00a0pour d\u00e9noncer l\u2019obsolescence programm\u00e9e. Un chargeur de portable avec deux fils et un simple adaptateur ne vont quand m\u00eame pas g\u00e2cher ma journ\u00e9e et m\u2019obliger \u00e0 consommer<small class=\"fine\">\u00a0<\/small>!<\/p>\n<p><span class=\"spip_document_8062 spip_documents spip_documents_center\"><img loading=\"lazy\" decoding=\"async\" src=\"http:\/\/www.reporterre.net\/local\/cache-vignettes\/L460xH322\/tournevis-dcf17.jpg\" alt=\"\" width=\"460\" height=\"322\" \/><\/span><br class=\"autobr\" \/><i>&#8211;\u00a0<a class=\"spip_out\" style=\"color: #228b22;\" href=\"http:\/\/www.commentreparer.com\/\" target=\"_blank\" rel=\"external\">Comment r\u00e9parer.com<\/a>\u00a0&#8211;<\/i><\/p>\n<p>Je commence donc \u00e0 regarder la technologie du chargeur. Premi\u00e8re remarque, c\u2019est vraiment impossible \u00e0 d\u00e9monter, pas de vis, on ne peut pas ouvrir quoi que ce soit<small class=\"fine\">\u00a0<\/small>! Je prends alors un couteau pour couper le plastique entourant la prise se connectant \u00e0 l\u2019ordinateur, j\u2019enl\u00e8ve le silicone et je regarde&#8230;<\/p>\n<p>A priori pas de probl\u00e8me de ce c\u00f4t\u00e9. Je d\u00e9cide tout de m\u00eame de v\u00e9rifier avec un voltm\u00e8tre en me rendant \u00e0 notre atelier v\u00e9lo Cyclonomia. Confirmation&#8230; le probl\u00e8me vient du bo\u00eetier central. Probl\u00e8me\u00a0: comment l\u2019ouvrir<small class=\"fine\">\u00a0<\/small>? On essaie de le d\u00e9bo\u00eeter, de le casser, impossible. On d\u00e9cide alors d\u2019utiliser un couteau pour couper le plastique, puis une scie \u00e0 m\u00e9taux&#8230;<\/p>\n<p>Je d\u00e9cide d\u2019aller saluer mes amis du hackerspace, que je n\u2019avais plus visit\u00e9 depuis pas mal de temps. Avec eux, on arrive enfin \u00e0 ouvrir le bo\u00eetier \u00e0 l\u2019aide d\u2019une scie \u00e9lectrique.<\/p>\n<p>Que se passe t-il \u00e0 l\u2019int\u00e9rieur<small class=\"fine\">\u00a0<\/small>? Pas grand chose, juste une soudure qui a v\u00e9cu, on appelle \u00e7a l\u2019entropie. Je ressoude, je teste, \u00e7a marche. Sans compter le d\u00e9coupage du plastique, la r\u00e9paration, tr\u00e8s simple, aura pris moins de cinq minutes et a n\u00e9cessit\u00e9 un voltm\u00e8tre, un fer \u00e0 souder et un fil d\u2019\u00e9tain&#8230; et une tourn\u00e9e de Club Mat\u00e9 pour les amis du hackerspace. On remonte le tout proprement avec un peu de r\u00e9sine et des gaines en plastique de r\u00e9cup\u00e9ration. J\u2019ajoute un peu de p\u00e2te \u00e0 modeler pour rendre le tout plus joli. Par contre, le d\u00e9coupage du bo\u00eetier en plastique non d\u00e9montable aura pris plus d\u2019une demi-heure et a n\u00e9cessit\u00e9 une scie \u00e9lectrique&#8230;<\/p>\n<p><strong>Capitalisme = expropriation des savoir-faire<\/strong><\/p>\n<p>Peut-on parler d\u2019obsolescence programm\u00e9e<small class=\"fine\">\u00a0<\/small>? Difficile de conclure si vite, il faudrait le prouver, mais force est de constater que cet adaptateur n\u2019a \u00e9t\u00e9 con\u00e7u ni pour durer, ni pour \u00eatre r\u00e9parable. Dans une logique de low-tech, cet adapteur devrait \u00eatre standard, construit simplement, d\u00e9montable\/r\u00e9parable et ne faisant face qu\u2019\u00e0 l\u2019entropie lui offrant une bien belle esp\u00e9rance de vie. On en est bien loin.<\/p>\n<p>Au-del\u00e0 de ce petit souci de transhumaniste, en effet, on est vite perdu sans son ordinateur portable par les temps qui courent, cette exp\u00e9rience m\u2019a rappel\u00e9 la discussion que j\u2019avais eue quelques jours plus t\u00f4t sur la compatibilit\u00e9 d\u2019une soci\u00e9t\u00e9 low-tech et autonome avec un capitalisme vert.<\/p>\n<p>En effet, alors qu\u2019au m\u00eame moment, \u00e0 quelques dizaines de m\u00e8tres Viktor Orban et Vladimir Poutine se rencontrent pour parler parler de gaz, je participe \u00e0 un d\u00e9bat avec\u00a0<a class=\"spip_out\" style=\"color: #228b22;\" href=\"http:\/\/en.wikipedia.org\/wiki\/Hunter_Lovins\" target=\"_blank\" rel=\"external\">Hunter Lovins<\/a>, en live de New York sur le th\u00e8me\u00a0: \u00e9conomie soutenables \/ D\u00e9croissance&#8230; le tout \u00e0 l\u2019Universit\u00e9 d\u2019Europe Centrale cr\u00e9\u00e9e par Georges Soros.<\/p>\n<p><span class=\"spip_document_8061 spip_documents spip_documents_center\"><img loading=\"lazy\" decoding=\"async\" src=\"http:\/\/www.reporterre.net\/local\/cache-vignettes\/L460xH273\/debat-27cd7.jpg\" alt=\"\" width=\"460\" height=\"273\" \/><\/span><\/p>\n<p>Hunter Lovins, pr\u00e9sent\u00e9e par\u00a0<i>Newsweek<\/i>\u00a0comme une\u00a0<i>\u00ab<small class=\"fine\">\u00a0<\/small>green business icon<small class=\"fine\">\u00a0<\/small>\u00bb<\/i>, a \u00e9crit plusieurs ouvrages sur des solutions capitalistes pour r\u00e9pondre aux enjeux environnementaux. Si on se retrouve sur le diagnostic, et m\u00eame sur la critique, une critique radicale du n\u00e9o-lib\u00e9ralisme (ce qui m\u2019a surpris, Lovins faisant des Chicago boys les responsables de tous nos probl\u00e8mes), tr\u00e8s vite un d\u00e9saccord important \u00e9merge autour du r\u00f4le jou\u00e9 par les multinationales et les plus riches dans la construction d\u2019alternatives et de solutions coh\u00e9rentes.<\/p>\n<p>Hunter Lovins n\u2019a pas tort quand elle souligne la force de frappe du capitalisme dans nos soci\u00e9t\u00e9s\u00a0: ils ont les moyens de faire changer les choses. Mais la forte contradiction de son approche est que changer les choses, c\u2019est-\u00e0-dire consommer moins, relocaliser, concevoir\u00a0<a class=\"spip_out\" style=\"color: #228b22;\" href=\"http:\/\/www.projet-decroissance.net\/?p=1954\" target=\"_blank\" rel=\"external\">dans la logique des low-tech et de l\u2019autonomie<\/a>\u00a0(open source, simple, interchangeable, r\u00e9parable, r\u00e9utilisable, recyclable), signifie une redistribution radicale, donc une remise en question de leur position de dominant.<\/p>\n<p>De m\u00eame, Karl Polanyi nous montre comment l\u2019histoire du capitalisme s\u2019est faite, \u00e0 partir de l\u2019enclosure en Angleterre dans une logique d\u2019expropriation des terres, mais aussi des savoir-faire, de l\u2019autonomie, dans une logique d\u2019accumulation et d\u2019exploitation toujours plus forte. Il est peu probable d\u2019assister \u00e0 un retournement de situation altruiste, les oligarques dilapidant leur capital pour mieux redistribuer les communs et sauver la plan\u00e8te&#8230;<\/p>\n<p><span class=\"spip_document_8063 spip_documents spip_documents_center\"><img loading=\"lazy\" decoding=\"async\" src=\"http:\/\/www.reporterre.net\/local\/cache-vignettes\/L460xH344\/four-baa61.jpg\" alt=\"\" width=\"460\" height=\"344\" \/><\/span><br class=\"autobr\" \/><i>&#8211;\u00a0<a class=\"spip_out\" style=\"color: #228b22;\" href=\"http:\/\/www.asso-entropie.fr\/fr\/\" target=\"_blank\" rel=\"external\">Association Entropie<\/a>\u00a0\u00e0 Grenoble &#8211;<\/i><\/p>\n<p>Pour revenir \u00e0 mon histoire d\u2019adaptateur. La marque qui le construit n\u2019a aucun int\u00e9r\u00eat \u00e0 simplifier sa technologie, \u00e0 le standardiser, \u00e0 le rendre r\u00e9parable dans chaque hackerspace de quartier. De m\u00eame pour l\u2019ordinateur qui va avec. Nous rendre autonomes avec ces produits, c\u2019est nous\u00a0<i>\u00ab<small class=\"fine\">\u00a0<\/small>offrir<small class=\"fine\">\u00a0<\/small>\u00bb<\/i>\u00a0ce qui fait la richesse des multinationales&#8230; cela consisterait \u00e0 dilapider son capital.<\/p>\n<p>La discussion s\u2019est donc termin\u00e9e sur ce constat\u00a0: capitalisme rime avec toujours plus&#8230; ce qui est peu compatible avec les solutions \u00e9videntes \u00e0 mettre en place face aux enjeux \u00e9nerg\u00e9tiques, \u00e9cologiques mais aussi sociaux, \u00e9conomiques et politiques.<\/p>\n<p>Vive la relocalisation, les low-tech, l\u2019open source et les hackerspaces et autre ateliers DiY de quartier&#8230; donc vive la D\u00e9croissance conviviale.<\/p>\n<p><em style=\"color: #000000;\"><strong>Vincent Liegey<\/strong><\/em><\/p>\n<div class=\"cartouche\" style=\"color: #000000;\"><img loading=\"lazy\" decoding=\"async\" class=\"spip_logos\" src=\"http:\/\/www.reporterre.net\/local\/cache-vignettes\/L460xH251\/arton7015-602c1.jpg\" alt=\"\" width=\"460\" height=\"251\" \/><\/div>\n","protected":false},"excerpt":{"rendered":"<p>Nous publions r\u00e9guli\u00e8rement des chroniques sur l\u2019excellentquotidien de l\u2019\u00e9cologie Reporterre.net\u00a0:\u00a0 \u00a0La semaine derni\u00e8re j\u2019ai d\u00fb faire face \u00e0 un terrible probl\u00e8me\u00a0: le chargeur de mon ordinateur portable s\u2019est tout d\u2019un coup arr\u00eat\u00e9 de fonctionner&#8230; Il faut dire que mon portable, &hellip; <a href=\"http:\/\/www.projet-decroissance.net\/?p=1985\">Continuer la lecture <span class=\"meta-nav\">&rarr;<\/span><\/a><\/p>\n","protected":false},"author":3,"featured_media":0,"comment_status":"closed","ping_status":"open","sticky":false,"template":"","format":"standard","meta":{"footnotes":""},"categories":[1,7],"tags":[],"class_list":["post-1985","post","type-post","status-publish","format-standard","hentry","category-actualites","category-dans-la-presse-et-sur-la-toile"],"_links":{"self":[{"href":"http:\/\/www.projet-decroissance.net\/index.php?rest_route=\/wp\/v2\/posts\/1985","targetHints":{"allow":["GET"]}}],"collection":[{"href":"http:\/\/www.projet-decroissance.net\/index.php?rest_route=\/wp\/v2\/posts"}],"about":[{"href":"http:\/\/www.projet-decroissance.net\/index.php?rest_route=\/wp\/v2\/types\/post"}],"author":[{"embeddable":true,"href":"http:\/\/www.projet-decroissance.net\/index.php?rest_route=\/wp\/v2\/users\/3"}],"replies":[{"embeddable":true,"href":"http:\/\/www.projet-decroissance.net\/index.php?rest_route=%2Fwp%2Fv2%2Fcomments&post=1985"}],"version-history":[{"count":1,"href":"http:\/\/www.projet-decroissance.net\/index.php?rest_route=\/wp\/v2\/posts\/1985\/revisions"}],"predecessor-version":[{"id":1986,"href":"http:\/\/www.projet-decroissance.net\/index.php?rest_route=\/wp\/v2\/posts\/1985\/revisions\/1986"}],"wp:attachment":[{"href":"http:\/\/www.projet-decroissance.net\/index.php?rest_route=%2Fwp%2Fv2%2Fmedia&parent=1985"}],"wp:term":[{"taxonomy":"category","embeddable":true,"href":"http:\/\/www.projet-decroissance.net\/index.php?rest_route=%2Fwp%2Fv2%2Fcategories&post=1985"},{"taxonomy":"post_tag","embeddable":true,"href":"http:\/\/www.projet-decroissance.net\/index.php?rest_route=%2Fwp%2Fv2%2Ftags&post=1985"}],"curies":[{"name":"wp","href":"https:\/\/api.w.org\/{rel}","templated":true}]}}