{"id":2009,"date":"2015-01-10T05:39:55","date_gmt":"2015-01-10T05:39:55","guid":{"rendered":"http:\/\/www.projet-decroissance.net\/?p=2009"},"modified":"2015-11-04T17:56:22","modified_gmt":"2015-11-04T17:56:22","slug":"projection-de-villes-fertiles-le-vendredi-17-avril-a-paris-avec-un-projet-de-decroissance","status":"publish","type":"post","link":"http:\/\/www.projet-decroissance.net\/?p=2009","title":{"rendered":"Projection de \u00ab\u00a0Villes Fertiles\u00a0\u00bb le vendredi 17 avril \u00e0 Paris avec un Projet de D\u00e9croissance"},"content":{"rendered":"<p><a href=\"http:\/\/www.projet-decroissance.net\/wp-content\/uploads\/2015\/04\/INVITATION_image.pdf\"><img loading=\"lazy\" decoding=\"async\" class=\"alignnone\" src=\"http:\/\/www.projet-decroissance.net\/wp-content\/uploads\/2015\/04\/Ville-fertiles.jpg\" alt=\"\" width=\"652\" height=\"461\" \/><\/a><\/p>\n<p style=\"text-align: center;\"><strong>L\u2019Institut Hongrois \u00e0 Paris et les Films du r\u00e9veil<\/strong><\/p>\n<p style=\"text-align: center;\">ont le plaisir de vous inviter \u00e0 la premi\u00e8re de<\/p>\n<p style=\"text-align: center;\"><strong>Villes fertiles,<\/strong><\/p>\n<p style=\"text-align: center;\">un film de Suzanne K\u00f6r\u00f6si.<\/p>\n<p style=\"text-align: center;\">La projection en version sous titr\u00e9e aura lieu<\/p>\n<p style=\"text-align: center;\"><strong>vendredi 17 avril \u00e0 20h<\/strong><\/p>\n<p style=\"text-align: center;\">\u00e0 l\u2019Institut Hongrois, 92, rue Bonaparte, 75006 Paris<\/p>\n<p style=\"text-align: center;\">M\u00b0 Luxembourg, Saint Sulpice ou Mabillon.<\/p>\n<p><strong>Elle sera suivie d\u2019une table ronde avec la participation de<\/strong><br \/>\n&#8211; <em>S\u00e9bastien Goelzer<\/em>, urbaniste, cofondateur de l\u2019association Vergers Urbains,<br \/>\n&#8211; <em>Antoine LAGNEAU<\/em>, charg\u00e9 de mission agriculture urbaine \u00e0 Natureparif, Agence r\u00e9gionale pour la nature et la biodiversit\u00e9 en Ile de France,<br \/>\n&#8211; <em>St\u00e9phane Madelaine<\/em>, coauteur de \u00ab\u00a0Un Projet de D\u00e9croissance\u00a0\u00bb chez Utopia.<br \/>\n<strong>en pr\u00e9sence de la r\u00e9alisatrice<\/strong><\/p>\n<p>***<\/p>\n<p>Nous vous remercions de diffuser l\u2019invitation \u00e0 vos amis et \u00e0 vos r\u00e9seaux<\/p>\n<p>***<\/p>\n<p>Le dernier film de Suzanne K\u00f6r\u00f6si nous emm\u00e8ne \u00e0 Budapest, sa ville natale, o\u00f9 l\u2019agriculture urbaine a une longue et riche tradition. Fait unique, c\u2019\u00e9taient des mara\u00eechers bulgares, vivant en Hongrie depuis environ cent cinquante ans, qui cultivaient les l\u00e9gumes dans la capitale et dans ses quartiers p\u00e9riph\u00e9riques. Jusqu\u2019aux ann\u00e9es 1980, ils vendaient leurs l\u00e9gumes, produits sans engrais chimique et avec une faible consommation d\u2019\u00e9nergie ; on les c\u00f4toyait quotidiennement sur les march\u00e9s de la ville. Aujourd\u2019hui la g\u00e9n\u00e9ration des 20-30 ans ne conna\u00eet plus cette minorit\u00e9 qui fournissait pourtant plus de 70 % des l\u00e9gumes consomm\u00e9s par les Budapestois. O\u00f9 sont les mara\u00eechers bulgares d\u2019antan ?<\/p>\n<p>Cinq d\u2019entre eux, qui sont encore en activit\u00e9, nous racontent leur histoire en Hongrie et nous parlent des m\u00e9canismes qui les \u00e9touffent depuis l\u2019entr\u00e9e de la Hongrie dans l\u2019Union Europ\u00e9enne.<\/p>\n<p>Parall\u00e8lement, la r\u00e9alisatrice est all\u00e9e visiter les quartiers du sud-est de Budapest, qui grouillent d\u2019id\u00e9es et d\u2019initiatives. Elles s\u2019inspirent \u00e0 la fois des traditions de Wekerle, une ville-jardin florissante avant la deuxi\u00e8me guerre mondiale, et du mouvement des villes en transition. On y est \u00e0 la recherche de moyens de faire face collectivement au r\u00e9chauffement climatique et aux crises \u00e9nerg\u00e9tiques \u00e0 venir. Cultiver de nouveau les jardins potagers en ville en est un.<\/p>\n<p>A \u00e9couter aussi, l&rsquo;\u00e9mission de <a href=\"http:\/\/www.hu-lala.org\/tilos-radio-ou-sont-passes-les-maraichers-bulgares-de-budapest\/\" target=\"_blank\">hu-lala.org<\/a> avec la r\u00e9alisatrice :<br \/>\n<iframe loading=\"lazy\" src=\"https:\/\/www.mixcloud.com\/widget\/iframe\/?autoplay=&amp;embed_type=widget_standard&amp;embed_uuid=38160827-3153-42e4-a1d6-4eb9f8db2f2e&amp;feed=%2FHu_lala%2Fvilles-fertiles-o%25C3%25B9-sont-pass%25C3%25A9s-les-mara%25C3%25AEchers-bulgares-de-budapest%2F&amp;hide_artwork=&amp;hide_cover=&amp;hide_tracklist=&amp;light=&amp;mini=&amp;replace=0&amp;stylecolor=\" width=\"300\" height=\"300\" frameborder=\"0\"><\/iframe><br \/>\n<a style=\"color: #808080; font-weight: bold;\" href=\"https:\/\/www.mixcloud.com\/Hu_lala\/villes-fertiles-o%C3%B9-sont-pass%C3%A9s-les-mara%C3%AEchers-bulgares-de-budapest\/?utm_source=widget&amp;utm_medium=web&amp;utm_campaign=base_links&amp;utm_term=resource_link\" target=\"_blank\">Villes fertiles &#8211; O\u00f9 sont pass\u00e9s les mara\u00eechers bulgares de Budapest ?<\/a><\/p>\n<p>L&rsquo;\u00e9quipe des Films du R\u00e9veil<br \/>\n<a href=\"http:\/\/lesfilmsdureveil.free.fr\">http:\/\/lesfilmsdureveil.free.fr<\/a><\/p>\n","protected":false},"excerpt":{"rendered":"<p>L\u2019Institut Hongrois \u00e0 Paris et les Films du r\u00e9veil ont le plaisir de vous inviter \u00e0 la premi\u00e8re de Villes fertiles, un film de Suzanne K\u00f6r\u00f6si. La projection en version sous titr\u00e9e aura lieu vendredi 17 avril \u00e0 20h \u00e0 &hellip; <a href=\"http:\/\/www.projet-decroissance.net\/?p=2009\">Continuer la lecture <span class=\"meta-nav\">&rarr;<\/span><\/a><\/p>\n","protected":false},"author":2,"featured_media":0,"comment_status":"closed","ping_status":"open","sticky":false,"template":"","format":"standard","meta":{"footnotes":""},"categories":[6],"tags":[],"class_list":["post-2009","post","type-post","status-publish","format-standard","hentry","category-agenda"],"_links":{"self":[{"href":"http:\/\/www.projet-decroissance.net\/index.php?rest_route=\/wp\/v2\/posts\/2009","targetHints":{"allow":["GET"]}}],"collection":[{"href":"http:\/\/www.projet-decroissance.net\/index.php?rest_route=\/wp\/v2\/posts"}],"about":[{"href":"http:\/\/www.projet-decroissance.net\/index.php?rest_route=\/wp\/v2\/types\/post"}],"author":[{"embeddable":true,"href":"http:\/\/www.projet-decroissance.net\/index.php?rest_route=\/wp\/v2\/users\/2"}],"replies":[{"embeddable":true,"href":"http:\/\/www.projet-decroissance.net\/index.php?rest_route=%2Fwp%2Fv2%2Fcomments&post=2009"}],"version-history":[{"count":6,"href":"http:\/\/www.projet-decroissance.net\/index.php?rest_route=\/wp\/v2\/posts\/2009\/revisions"}],"predecessor-version":[{"id":2017,"href":"http:\/\/www.projet-decroissance.net\/index.php?rest_route=\/wp\/v2\/posts\/2009\/revisions\/2017"}],"wp:attachment":[{"href":"http:\/\/www.projet-decroissance.net\/index.php?rest_route=%2Fwp%2Fv2%2Fmedia&parent=2009"}],"wp:term":[{"taxonomy":"category","embeddable":true,"href":"http:\/\/www.projet-decroissance.net\/index.php?rest_route=%2Fwp%2Fv2%2Fcategories&post=2009"},{"taxonomy":"post_tag","embeddable":true,"href":"http:\/\/www.projet-decroissance.net\/index.php?rest_route=%2Fwp%2Fv2%2Ftags&post=2009"}],"curies":[{"name":"wp","href":"https:\/\/api.w.org\/{rel}","templated":true}]}}