{"id":2014,"date":"2015-03-20T07:30:15","date_gmt":"2015-03-20T07:30:15","guid":{"rendered":"http:\/\/www.projet-decroissance.net\/?p=2014"},"modified":"2015-11-04T17:57:45","modified_gmt":"2015-11-04T17:57:45","slug":"un-projet-de-decroissance-au-forum-social-mondial-de-tunis","status":"publish","type":"post","link":"http:\/\/www.projet-decroissance.net\/?p=2014","title":{"rendered":"Un Projet de D\u00e9croissance au Forum Social Mondial de Tunis"},"content":{"rendered":"<div style=\"color: #000000;\"><a style=\"color: #ffffff;\" title=\"Accueil\" href=\"http:\/\/www.reporterre.net\/spip.php?article6455\" target=\"_blank\" rel=\"start home\"><img loading=\"lazy\" decoding=\"async\" class=\"spip_logos alignright\" src=\"http:\/\/www.reporterre.net\/local\/cache-vignettes\/L400xH124\/siteon0-4d1bb.png\" alt=\"Reporterre\" width=\"400\" height=\"124\" \/><\/a><em><strong>Nous publions r\u00e9guli\u00e8rement des chroniques sur l\u2019excellent\u00a0<a href=\"http:\/\/www.reporterre.net\/spip.php?article6455\" target=\"_blank\">quotidien de l\u2019\u00e9cologie Reporterre.net<\/a>\u00a0:\u00a0<\/strong><\/em><\/div>\n<div class=\"texte\" style=\"color: #000000;\">\n<div>\n<h1>Un d\u00e9croissant au Forum Social<\/h1>\n<p><span style=\"color: #000000;\">7 avril 2015\u00a0<\/span><span style=\"color: #9cb138;\">\/\u00a0<a style=\"color: #9cb138;\" href=\"http:\/\/www.reporterre.net\/spip.php?page=memeauteur&amp;auteur=Vincent%20Liegey\">Vincent Liegey<\/a><\/span><\/p>\n<p>Je rentre de Tunis o\u00f9 j\u2019\u00e9tais invit\u00e9 \u00e0 une rencontre participative\u00a0:\u00a0<i>\u00ab\u00a0Connect the cricles\u00a0\u00bb<\/i>\u00a0(relier les cercles). Cette rencontre a eu lieu dans le cadre du Forum Social Mondial (<span class=\"caps\">FSM<\/span>).<\/p>\n<p>Je n\u2019avais jamais \u00e9t\u00e9 en Tunisie. De m\u00eame, c\u2019\u00e9tait mon premier forum social mondial.<br class=\"autobr\" \/>J\u2019ai h\u00e9sit\u00e9 avant d\u2019accepter l\u2019invitation. D\u2019une part, je suis toujours l\u2019un des premiers \u00e0 critiquer l\u2019absurdit\u00e9 de ces\u00a0<a class=\"spip_out\" style=\"color: #9cb138;\" href=\"http:\/\/www.voyageurs-du-net.com\/vincent-liegey-nouvelle-internationale\" target=\"_blank\" rel=\"external\">s\u00e9jours touristiques courts dans des pays lointains<\/a>\u00a0et d\u2019autre part je suis assez sceptique sur la pertinence et la coh\u00e9rence de\u00a0<a class=\"spip_out\" style=\"color: #9cb138;\" href=\"http:\/\/www.medelu.org\/A-Tunis-un-Forum-social-mondial\" target=\"_blank\" rel=\"external\">ces grandes messes que repr\u00e9sentent ces forum sociaux.<\/a><\/p>\n<p>J\u2019ai toutefois dit oui pour plusieurs raisons&#8230; et je n\u2019ai pas \u00e9t\u00e9 d\u00e9\u00e7u par mon s\u00e9jour en Tunisie.<\/p>\n<h3 class=\"spip\" style=\"font-weight: bold; color: #9cb138;\">La Tunisie, entre d\u00e9pendance au tourisme de masse et envie d\u2019\u00e9mancipation et d\u2019autonomie<\/h3>\n<p>La Tunisie conna\u00eet un contexte politique int\u00e9ressant et difficile quatre ans apr\u00e8s la chute de Ben Ali. De plus ce forum-rencontre se tenait quelques jours apr\u00e8s l\u2019attaque sanglante du Bardo. Malgr\u00e9 les craintes de mes proches, je n\u2019ai pas h\u00e9sit\u00e9 et, comme presque tous les participants, n\u2019ai pas annul\u00e9 mon s\u00e9jour en Tunisie. Ce n\u2019est pas un hasard d\u2019ailleurs si c\u2019\u00e9tait le deuxi\u00e8me Forum social mondial organis\u00e9 \u00e0 Tunis.<\/p>\n<p>Beaucoup de rencontres et de discussions chaleureuses avec des tunisiens rencontr\u00e9s aussi bien dans les rue de Tunis qu\u2019au forum. J\u2019ai senti un pays dans un entre deux\u00a0: l\u2019enthousiasme citoyen d\u2019un peuple jeune, dynamique et plein d\u2019envies, qui sait qu\u2019il peut renverser une dictature et en m\u00eame temps de la d\u00e9ception et de l\u2019exasp\u00e9ration de ne pas voir les choses s\u2019am\u00e9liorer. De plus, le danger djihadiste p\u00e8se.<br \/>\n<!--more--><br \/>\nAinsi, ce chauffeur de taxi regrettant Ben Ali, p\u00e9riode o\u00f9 l\u2019ordre \u00e9tait l\u00e0. Ou encore ce groupe de jeunes esp\u00e9rant pouvoir partir en Europe, faute de boulot, pour mieux revenir en Tunisie&#8230;<\/p>\n<p>Mais partout un accueil extr\u00eamement chaleureux, des messages de solidarit\u00e9 contre la barbarie terroriste. Le pays est d\u00e9pendant du tourisme de masse, ce qui met souvent un d\u00e9croissant dans une posture d\u00e9licate.<\/p>\n<p><span class=\"spip_document_8450 spip_documents spip_documents_center\"><img loading=\"lazy\" decoding=\"async\" src=\"http:\/\/www.reporterre.net\/local\/cache-vignettes\/L600xH375\/inter_tri-21ba5.jpg\" alt=\"\" width=\"600\" height=\"375\" \/><\/span><\/p>\n<p>Ainsi la question s\u2019est pos\u00e9e lors de plusieurs discussions comme lors d\u2019une interview avec une journaliste tunisienne, enthousiaste avec les id\u00e9es de la d\u00e9croissance mais ne voyant pas de d\u00e9bouch\u00e9s en Tunisie\u00a0:\u00a0<i>\u00ab\u00a0Que deviendrait le tourisme<small class=\"fine\">\u00a0<\/small>? On en a besoin\u00a0\u00bb&#8230;<\/i><\/p>\n<p>Mais en Tunisie aussi les alternatives \u00e9mergent, avec notamment\u00a0<a class=\"spip_out\" style=\"color: #9cb138;\" href=\"http:\/\/www.reporterre.net\/La-Tunisie-repond-au-terrorisme\" target=\"_blank\">la permaculture<\/a>\u00a0ou encore le Nomad Village o\u00f9 un collectif propose, malgr\u00e9 les intemp\u00e9ries,\u00a0<i>\u00ab\u00a0un espace fixe \u00e0 l\u2019int\u00e9rieur du<span class=\"caps\">FSM<\/span>\u00a02015 pour promouvoir et exp\u00e9rimenter les usages des technologies libres et le partage au service des citoyens et des causes, ainsi qu\u2019un lieu de pr\u00e9sentation des diff\u00e9rentes exp\u00e9riences autog\u00e9r\u00e9es\u00a0\u00bb.<\/i><\/p>\n<p>Plus que jamais, le d\u00e9bat sur une relocalisation ouverte vers plus d\u2019autonomie doit s\u2019ouvrir\u00a0: comment le tourisme de masse peut-il et doit-il servir de levier pour&#8230; dispara\u00eetre et prendre une autre forme<small class=\"fine\">\u00a0<\/small>?<\/p>\n<h3 class=\"spip\" style=\"font-weight: bold; color: #9cb138;\">Dans certains dialectes africains, d\u00e9veloppement veut dire \u00ab<small class=\"fine\">\u00a0<\/small>le r\u00eave du blanc<small class=\"fine\">\u00a0<\/small>\u00bb<\/h3>\n<p>Le monde est globalis\u00e9 et les interd\u00e9pendances existent bel et bien. De m\u00eame, je suis \u00e0 chaque fois marqu\u00e9 par le fait que partout dans le monde \u00e9mergent les m\u00eames r\u00e9flexions, id\u00e9es, pratiques, exp\u00e9rimentations, propositions mais surtout que nous faisons face aux m\u00eames questionnements et difficult\u00e9s sur le que faire<small class=\"fine\">\u00a0<\/small>? Comment<small class=\"fine\">\u00a0<\/small>?<\/p>\n<p>De m\u00eame nous faisons face aux m\u00eames syst\u00e8mes oligarchiques. Alors ces rencontres internationales trouvent leur pertinence dans les \u00e9changes et la construction de r\u00e9seaux solidaires. Par exemple,\u00a0<a class=\"spip_out\" style=\"color: #9cb138;\" href=\"http:\/\/www.reporterre.net\/En-Algerie-la-revolte-pacifique\" target=\"_blank\">l\u2019enjeu des gaz de schiste en Alg\u00e9rie<\/a>\u00a0nous concerne toutes et tous et pas seulement les citoyens alg\u00e9riens r\u00e9prim\u00e9s dans la violence.<\/p>\n<p>La rencontre \u00e0 laquelle j\u2019ai particip\u00e9, organis\u00e9e par un r\u00e9seau d\u2019association, s\u2019inscrit dans cette approche de se rencontrer afin de construire des liens entre des mouvements de diff\u00e9rentes r\u00e9gions du monde. C\u2019\u00e9tait la troisi\u00e8me rencontre de cette dynamique vers un\u00a0<i>\u00ab\u00a0mouvement social mondial\u00a0\u00bb<\/i>. Beaucoup de chouettes rencontres, d\u00e9bats, \u00e9changes d\u2019exp\u00e9riences&#8230; et de questions\u00a0: un mouvement pour quoi faire<small class=\"fine\">\u00a0<\/small>? Quels chemins<small class=\"fine\">\u00a0<\/small>? Quelles strat\u00e9gies et quels projets<small class=\"fine\">\u00a0<\/small>?<\/p>\n<p>Des pistes voient le jour, la cr\u00e9ativit\u00e9 est au rendez-vous. Elle peut prendre la forme d\u2019un grand poster, la force des images est souvent plus efficace qu\u2019un long discours\u00a0:<\/p>\n<dl class=\"spip_document_8447 spip_documents spip_documents_center\">\n<dt><img loading=\"lazy\" decoding=\"async\" src=\"http:\/\/www.reporterre.net\/local\/cache-vignettes\/L700xH312\/poster-45853.jpg\" alt=\"JPEG - 221.3\u00a0ko\" width=\"700\" height=\"312\" \/><\/dt>\n<dt class=\"spip_doc_titre\"><strong>Poster issu de nos deux jours de discussions<\/strong><\/dt>\n<\/dl>\n<p>Ou avec la po\u00e9sie comme suite \u00e0 la derni\u00e8re\u00a0<i>lab session<\/i>\u00a0\u00e0\u00a0<a class=\"spip_out\" style=\"color: #9cb138;\" href=\"http:\/\/labsession.fr\/la-crois-sens-la-nouvelle-decroissance\/\" target=\"_blank\" rel=\"external\">l\u2019Institut des Futurs souhaitables<\/a>\u00a0: La crois-sens, la nouvelle d\u00e9croissance<\/p>\n<p>(&#8230;)<br class=\"autobr\" \/><i>La D\u00e9croissance du Nord pour l\u2019\u00e9mancipation du Sud,<br class=\"autobr\" \/>Car qui croit encore qu\u2019on pourra tous aller sur la Lune<small class=\"fine\">\u00a0<\/small>?<br class=\"autobr\" \/>Difficile de traduire le mot<\/i>\u00a0\u00ab<small class=\"fine\">\u00a0<\/small>d\u00e9veloppement<small class=\"fine\">\u00a0<\/small>\u00bb<i>,<br class=\"autobr\" \/>Dans certains dialectes africains, \u00e7a veut juste dire<\/i>\u00a0\u00ab<small class=\"fine\">\u00a0<\/small>le r\u00eave du blanc<small class=\"fine\">\u00a0<\/small>\u00bb.<br class=\"autobr\" \/>(&#8230;)<br class=\"autobr\" \/>Vincent Avanzi &#8211;\u00a0<a class=\"spip_out\" style=\"color: #9cb138;\" href=\"http:\/\/odysseehumaine.com\/\" target=\"_blank\" rel=\"external\"><i>Une Odyss\u00e9e Humaine<\/i><\/a>\u00a0&#8211; Artiste r\u00e9sident et chroniqueur po\u00e9tique<\/p>\n<p>Ou encore en bandes dessin\u00e9es p\u00e9dagogiques, avec les amis tourangeaux et leur\u00a0<a class=\"spip_out\" style=\"color: #9cb138;\" href=\"http:\/\/lagazettedegouzy.fr\/\" target=\"_blank\" rel=\"external\"><i>Gazette de Gouzy<\/i><\/a>, ou\u00a0<i>Comment expliquer la Dotation Inconditionnelle d\u2019Autonomie pour toutes et tous<\/i>\u00a0:<\/p>\n<p><span class=\"spip_document_8449 spip_documents spip_documents_center\"><img loading=\"lazy\" decoding=\"async\" class=\"aligncenter\" src=\"http:\/\/www.reporterre.net\/local\/cache-vignettes\/L246xH350\/couv-40-28fa1.jpg\" alt=\"\" width=\"246\" height=\"350\" \/><\/span><\/p>\n<p>L\u2019exp\u00e9rience de la r\u00e9volution tunisienne est \u00e0 la fois source d\u2019espoir et aussi riche d\u2019enseignements\u00a0: comme nous le rappelons souvent dans la d\u00e9croissance, nous sommes assez sceptiques avec le mythe du grand soir.<\/p>\n<p>Si de larges mouvements sociaux sont n\u00e9cessaires et font malheureusement d\u00e9faut face aux d\u00e9rives oligarchiques de notre mod\u00e8le productiviste et consum\u00e9riste, ils sont loin d\u2019\u00eatre suffisants. Faire tomber un r\u00e9gime sans que d\u2019autres mondes soient d\u00e9j\u00e0 en construction, voire bien install\u00e9s, est probl\u00e9matique.<\/p>\n<p>Alors, c\u2019est ce que nous avons exp\u00e9riment\u00e9 lors de ces deux jours d\u2019atelier\u00a0: connect the circles, et aussi connect the dots (connecter les cercles et les points) en commen\u00e7ant \u00e0 vivre avec les outils de sociocratie, de la communication non-violente et de l\u2019\u00e9coute.<\/p>\n<p>C\u2019est aussi sortir de tendances souvent trop pr\u00e9sentes dans les milieux militants autour des combats de chapelles, des \u00e9gos et autres jeux de pouvoir&#8230; et aussi, comme j\u2019ai pu l\u2019observer au<span class=\"caps\">FSM<\/span>, chacun se repliant sur son combat au risque d\u2019oublier que tout est li\u00e9. C\u2019est en partie l\u2019un des forces de la\u00a0<a class=\"spip_out\" style=\"color: #9cb138;\" href=\"http:\/\/www.projet-decroissance.net\/?page_id=62\" target=\"_blank\" rel=\"external\">D\u00e9croissance et de son approche multi-dimensionnelle<\/a>.<\/p>\n<h3 class=\"spip\" style=\"font-weight: bold; color: #9cb138;\">Une nouvelle internationale diverse peut et doit na\u00eetre<\/h3>\n<p>Ainsi, ces rencontres internationales sont des lieux pertinents pour se rencontrer, d\u00e9battre et prendre conscience des interd\u00e9pendances de nos luttes. Elles sont riches d\u2019enseignement. Mais elles doivent aussi \u00eatre des lieux d\u2019exp\u00e9rimentation de nouvelles mani\u00e8res de vivre ensemble la politique, pour cr\u00e9er des r\u00e9seaux de mouvements, de collectifs, d\u2019associations, de partis.<\/p>\n<p>Chacune de ces entit\u00e9s, ouvertes les unes aux autres, a son r\u00f4le \u00e0 jouer et ce n\u2019est pas dans un mythe centralisateur ou d\u2019uniformisation du grand soir que nous sortirons durablement de l\u2019impasse dans laquelle nous conduit la soci\u00e9t\u00e9 de croissance.<\/p>\n<p>Mais c\u2019est en cultivant la diversit\u00e9 et la compl\u00e9mentarit\u00e9 des approches, des luttes, des exp\u00e9rimentations et des contextes, en cr\u00e9ant des liens, en construisant des communs, en se connaissant mieux et aussi en se critiquant avec bienveillance que l\u2019on construit \u00e0 la fois ces nouveaux mondes et ces nouvelles pratiques tout en d\u00e9construisant nos d\u00e9pendances envers l\u2019oligarchie. Une nouvelle internationale diverse peut et doit na\u00eetre, ouverte et solidaire&#8230;<\/p>\n<p><strong>Vincent Liegey<\/strong><\/p>\n<\/div>\n<p><strong>Photos\u00a0:<\/strong><\/p>\n<p>. Chap\u00f4\u00a0:\u00a0<a class=\"spip_out\" style=\"color: #9cb138;\" href=\"http:\/\/www.coalition-eau.org\/actualite\/une-semaine-au-fsm\/\" target=\"_blank\" rel=\"external\">Coalition eau<\/a><br class=\"autobr\" \/>. Poster\u00a0: Cr\u00e9dits Sonja Niederhumer &#8211;\u00a0<a class=\"spip_url spip_out auto\" style=\"color: #9cb138;\" href=\"http:\/\/graphicharvest.co.za\/\" target=\"_blank\" rel=\"nofollow external\">http:\/\/graphicharvest.co.za<\/a>\u00a0&#8211;\u00a0<span class=\"caps\">CC<\/span><br class=\"autobr\" \/>. Manifestation\u00a0:\u00a0<a class=\"spip_out\" style=\"color: #9cb138;\" href=\"http:\/\/www.attac.org\/fr\/Stories\/forum-social-mondial-de-tunis-2013\" target=\"_blank\" rel=\"external\">Attac<\/a><\/p>\n<\/div>\n","protected":false},"excerpt":{"rendered":"<p>Nous publions r\u00e9guli\u00e8rement des chroniques sur l\u2019excellent\u00a0quotidien de l\u2019\u00e9cologie Reporterre.net\u00a0:\u00a0 Un d\u00e9croissant au Forum Social 7 avril 2015\u00a0\/\u00a0Vincent Liegey Je rentre de Tunis o\u00f9 j\u2019\u00e9tais invit\u00e9 \u00e0 une rencontre participative\u00a0:\u00a0\u00ab\u00a0Connect the cricles\u00a0\u00bb\u00a0(relier les cercles). Cette rencontre a eu lieu dans &hellip; <a href=\"http:\/\/www.projet-decroissance.net\/?p=2014\">Continuer la lecture <span class=\"meta-nav\">&rarr;<\/span><\/a><\/p>\n","protected":false},"author":3,"featured_media":0,"comment_status":"closed","ping_status":"open","sticky":false,"template":"","format":"standard","meta":{"footnotes":""},"categories":[6],"tags":[],"class_list":["post-2014","post","type-post","status-publish","format-standard","hentry","category-agenda"],"_links":{"self":[{"href":"http:\/\/www.projet-decroissance.net\/index.php?rest_route=\/wp\/v2\/posts\/2014","targetHints":{"allow":["GET"]}}],"collection":[{"href":"http:\/\/www.projet-decroissance.net\/index.php?rest_route=\/wp\/v2\/posts"}],"about":[{"href":"http:\/\/www.projet-decroissance.net\/index.php?rest_route=\/wp\/v2\/types\/post"}],"author":[{"embeddable":true,"href":"http:\/\/www.projet-decroissance.net\/index.php?rest_route=\/wp\/v2\/users\/3"}],"replies":[{"embeddable":true,"href":"http:\/\/www.projet-decroissance.net\/index.php?rest_route=%2Fwp%2Fv2%2Fcomments&post=2014"}],"version-history":[{"count":1,"href":"http:\/\/www.projet-decroissance.net\/index.php?rest_route=\/wp\/v2\/posts\/2014\/revisions"}],"predecessor-version":[{"id":2016,"href":"http:\/\/www.projet-decroissance.net\/index.php?rest_route=\/wp\/v2\/posts\/2014\/revisions\/2016"}],"wp:attachment":[{"href":"http:\/\/www.projet-decroissance.net\/index.php?rest_route=%2Fwp%2Fv2%2Fmedia&parent=2014"}],"wp:term":[{"taxonomy":"category","embeddable":true,"href":"http:\/\/www.projet-decroissance.net\/index.php?rest_route=%2Fwp%2Fv2%2Fcategories&post=2014"},{"taxonomy":"post_tag","embeddable":true,"href":"http:\/\/www.projet-decroissance.net\/index.php?rest_route=%2Fwp%2Fv2%2Ftags&post=2014"}],"curies":[{"name":"wp","href":"https:\/\/api.w.org\/{rel}","templated":true}]}}