{"id":2019,"date":"2015-04-28T08:20:36","date_gmt":"2015-04-28T08:20:36","guid":{"rendered":"http:\/\/www.projet-decroissance.net\/?p=2019"},"modified":"2016-07-26T20:56:43","modified_gmt":"2016-07-26T20:56:43","slug":"video-un-projet-de-decroissance-a-lalter-jt","status":"publish","type":"post","link":"http:\/\/www.projet-decroissance.net\/?p=2019","title":{"rendered":"Vid\u00e9o : \u00ab\u00a0Un Projet de D\u00e9croissance\u00a0\u00bb \u00e0 l&rsquo;Alter JT"},"content":{"rendered":"<p><a style=\"color: #000000;\" title=\"l'AlterJT\" href=\"http:\/\/www.alterjt.tv\/ajt8-la-decroissance-invite-vincent-liegey\/\" target=\"_blank\"><img loading=\"lazy\" decoding=\"async\" class=\"alignleft\" src=\"http:\/\/www.alterjt.tv\/wp-content\/uploads\/2015\/01\/10435904_613856505408286_5222166261760748421_n5.png\" alt=\"l'AlterJT\" width=\"117\" height=\"90\" \/><\/a><span style=\"color: #555555;\">L\u2019AJT+ re\u00e7oit Vincent Liegey, porte parole du Parti pour la D\u00e9croissance et co-auteur de \u00ab\u00a0Un projet de d\u00e9croissance. Manifeste pour\u00a0une dotation inconditionnelle d\u2019autonomie\u00a0\u00bb. Qu\u2019est ce que la d\u00e9croissance ? D\u2019o\u00f9 vient- elle ? Comment organiser l\u2019autonomie des citoyens ? D\u00e9couvrons cette soci\u00e9t\u00e9 post- moderne avec l\u2019un de ses d\u00e9fenseurs les plus p\u00e9dagogues.<\/span><\/p>\n<p><iframe loading=\"lazy\" src=\"https:\/\/www.youtube.com\/embed\/Xv7eE3yHFQc\" width=\"560\" height=\"315\" frameborder=\"0\" allowfullscreen=\"allowfullscreen\"><\/iframe><\/p>\n<p style=\"color: #555555;\">Le livre pr\u00e9sent\u00e9 \u00ab\u00a0Un projet de d\u00e9croissance, Dotation Inconditionnelle d\u2019Autonomie\u00a0\u00bb est disponible \u00e0 la boutique militante des d\u00e9sob\u00e9issants\u00a0: <a href=\"http:\/\/www.la-boutique-militante.com\/vivre-ensemble\/360-un-projet-de-decroissance.html\" target=\"_blank\">http:\/\/www.la-boutique-militante.com\/vivre-ensemble\/360-un-projet-de-decroissance.html<\/a><\/p>\n","protected":false},"excerpt":{"rendered":"<p>L\u2019AJT+ re\u00e7oit Vincent Liegey, porte parole du Parti pour la D\u00e9croissance et co-auteur de \u00ab\u00a0Un projet de d\u00e9croissance. Manifeste pour\u00a0une dotation inconditionnelle d\u2019autonomie\u00a0\u00bb. Qu\u2019est ce que la d\u00e9croissance ? D\u2019o\u00f9 vient- elle ? Comment organiser l\u2019autonomie des citoyens ? D\u00e9couvrons &hellip; <a href=\"http:\/\/www.projet-decroissance.net\/?p=2019\">Continuer la lecture <span class=\"meta-nav\">&rarr;<\/span><\/a><\/p>\n","protected":false},"author":3,"featured_media":0,"comment_status":"closed","ping_status":"open","sticky":false,"template":"","format":"standard","meta":{"footnotes":""},"categories":[7,8],"tags":[],"class_list":["post-2019","post","type-post","status-publish","format-standard","hentry","category-dans-la-presse-et-sur-la-toile","category-multimedias"],"_links":{"self":[{"href":"http:\/\/www.projet-decroissance.net\/index.php?rest_route=\/wp\/v2\/posts\/2019","targetHints":{"allow":["GET"]}}],"collection":[{"href":"http:\/\/www.projet-decroissance.net\/index.php?rest_route=\/wp\/v2\/posts"}],"about":[{"href":"http:\/\/www.projet-decroissance.net\/index.php?rest_route=\/wp\/v2\/types\/post"}],"author":[{"embeddable":true,"href":"http:\/\/www.projet-decroissance.net\/index.php?rest_route=\/wp\/v2\/users\/3"}],"replies":[{"embeddable":true,"href":"http:\/\/www.projet-decroissance.net\/index.php?rest_route=%2Fwp%2Fv2%2Fcomments&post=2019"}],"version-history":[{"count":1,"href":"http:\/\/www.projet-decroissance.net\/index.php?rest_route=\/wp\/v2\/posts\/2019\/revisions"}],"predecessor-version":[{"id":2020,"href":"http:\/\/www.projet-decroissance.net\/index.php?rest_route=\/wp\/v2\/posts\/2019\/revisions\/2020"}],"wp:attachment":[{"href":"http:\/\/www.projet-decroissance.net\/index.php?rest_route=%2Fwp%2Fv2%2Fmedia&parent=2019"}],"wp:term":[{"taxonomy":"category","embeddable":true,"href":"http:\/\/www.projet-decroissance.net\/index.php?rest_route=%2Fwp%2Fv2%2Fcategories&post=2019"},{"taxonomy":"post_tag","embeddable":true,"href":"http:\/\/www.projet-decroissance.net\/index.php?rest_route=%2Fwp%2Fv2%2Ftags&post=2019"}],"curies":[{"name":"wp","href":"https:\/\/api.w.org\/{rel}","templated":true}]}}