{"id":2077,"date":"2015-10-24T09:05:14","date_gmt":"2015-10-24T09:05:14","guid":{"rendered":"http:\/\/www.projet-decroissance.net\/?p=2077"},"modified":"2015-10-24T09:05:14","modified_gmt":"2015-10-24T09:05:14","slug":"video-rencontre-entre-decroissance-et-emancipation-personnelle","status":"publish","type":"post","link":"http:\/\/www.projet-decroissance.net\/?p=2077","title":{"rendered":"Vid\u00e9o : Rencontre entre d\u00e9croissance et \u00e9mancipation personnelle"},"content":{"rendered":"<p><iframe loading=\"lazy\" src=\"https:\/\/www.youtube.com\/embed\/aUqbHDf7ZJ0\" width=\"560\" height=\"315\" frameborder=\"0\" allowfullscreen=\"allowfullscreen\"><\/iframe><\/p>\n<p>\u00ab\u00a0Nous avons rencontr\u00e9 Vincent Liegey, un objecteur de croissance, doctorant et co-auteur du livre <strong><em>Un projet de d\u00e9croissance<\/em><\/strong> lors du <a href=\"http:\/\/www.associationlesnouveauxmondes.com\/\" target=\"_blank\">Festival Des Nouveaux Mondes<\/a>.<\/p>\n<p>Il nous a sembl\u00e9 int\u00e9ressant de comprendre quel regard porte un d\u00e9croissant\u00a0 sur le monde du d\u00e9veloppement personnel et quels liens pouvaient exister entre ce mouvement politique, proche de l\u2019\u00e9co-socialisme, n\u00e9 en 1972, connu sous le \u00ab\u00a0mot-obus\u00a0\u00bb de d\u00e9croissance et le fait de \u00ab\u00a0travailler sur soi\u00a0\u00bb.<\/p>\n<p>Vincent Liegey nous a expliqu\u00e9 qu&rsquo;apr\u00e8s avoir pos\u00e9 les principes et les th\u00e9ories qui r\u00e9gissent le mouvement de la d\u00e9croissance, l\u2019heure \u00e9tait au\u00a0 \u00ab\u00a0faire\u00a0\u00bb et que ce \u00ab\u00a0faire\u00a0\u00bb ne pouvait s\u2019accomplir sans ouverture, sans communication non-violente et sans l\u00e2cher prise\u2026\u00a0\u00bb<\/p>\n<p>Merci au <a href=\"http:\/\/www.rezozen.com\/articles\/fiche\/157\/Rencontre-entre-decroissance-et-developpement-personnel\" target=\"_blank\">Rezozen pour cette vid\u00e9o<\/a>.<\/p>\n","protected":false},"excerpt":{"rendered":"<p>\u00ab\u00a0Nous avons rencontr\u00e9 Vincent Liegey, un objecteur de croissance, doctorant et co-auteur du livre Un projet de d\u00e9croissance lors du Festival Des Nouveaux Mondes. Il nous a sembl\u00e9 int\u00e9ressant de comprendre quel regard porte un d\u00e9croissant\u00a0 sur le monde du &hellip; <a href=\"http:\/\/www.projet-decroissance.net\/?p=2077\">Continuer la lecture <span class=\"meta-nav\">&rarr;<\/span><\/a><\/p>\n","protected":false},"author":3,"featured_media":0,"comment_status":"closed","ping_status":"open","sticky":false,"template":"","format":"standard","meta":{"footnotes":""},"categories":[7,8],"tags":[],"class_list":["post-2077","post","type-post","status-publish","format-standard","hentry","category-dans-la-presse-et-sur-la-toile","category-multimedias"],"_links":{"self":[{"href":"http:\/\/www.projet-decroissance.net\/index.php?rest_route=\/wp\/v2\/posts\/2077","targetHints":{"allow":["GET"]}}],"collection":[{"href":"http:\/\/www.projet-decroissance.net\/index.php?rest_route=\/wp\/v2\/posts"}],"about":[{"href":"http:\/\/www.projet-decroissance.net\/index.php?rest_route=\/wp\/v2\/types\/post"}],"author":[{"embeddable":true,"href":"http:\/\/www.projet-decroissance.net\/index.php?rest_route=\/wp\/v2\/users\/3"}],"replies":[{"embeddable":true,"href":"http:\/\/www.projet-decroissance.net\/index.php?rest_route=%2Fwp%2Fv2%2Fcomments&post=2077"}],"version-history":[{"count":1,"href":"http:\/\/www.projet-decroissance.net\/index.php?rest_route=\/wp\/v2\/posts\/2077\/revisions"}],"predecessor-version":[{"id":2078,"href":"http:\/\/www.projet-decroissance.net\/index.php?rest_route=\/wp\/v2\/posts\/2077\/revisions\/2078"}],"wp:attachment":[{"href":"http:\/\/www.projet-decroissance.net\/index.php?rest_route=%2Fwp%2Fv2%2Fmedia&parent=2077"}],"wp:term":[{"taxonomy":"category","embeddable":true,"href":"http:\/\/www.projet-decroissance.net\/index.php?rest_route=%2Fwp%2Fv2%2Fcategories&post=2077"},{"taxonomy":"post_tag","embeddable":true,"href":"http:\/\/www.projet-decroissance.net\/index.php?rest_route=%2Fwp%2Fv2%2Ftags&post=2077"}],"curies":[{"name":"wp","href":"https:\/\/api.w.org\/{rel}","templated":true}]}}