{"id":2092,"date":"2015-11-05T11:09:48","date_gmt":"2015-11-05T11:09:48","guid":{"rendered":"http:\/\/www.projet-decroissance.net\/?p=2092"},"modified":"2015-11-05T11:11:19","modified_gmt":"2015-11-05T11:11:19","slug":"un-projet-de-decroissance-dans-le-parisien-la-decroissance-pour-sortir-de-la-religion-de-la-croissance","status":"publish","type":"post","link":"http:\/\/www.projet-decroissance.net\/?p=2092","title":{"rendered":"\u00ab\u00a0Un Projet de D\u00e9croissance\u00a0\u00bb dans le Parisien &#8211; La d\u00e9croissance, pour sortir de \u00abla religion de la Croissance\u00bb"},"content":{"rendered":"<h2><span style=\"color: #000000;\"><a style=\"color: #000000;\" href=\"http:\/\/www.leparisien.fr\/\"><img loading=\"lazy\" decoding=\"async\" class=\" alignleft\" src=\"http:\/\/s1.lprs1.fr\/_assets\/img\/design\/standard\/logo\/logoParisien-292x75.gif\" alt=\"\" width=\"292\" height=\"75\" \/><\/a><strong>La d\u00e9croissance, pour sortir de \u00abla religion de la Croissance\u00bb<\/strong><\/span><\/h2>\n<p><span style=\"color: #000000;\"><em><a style=\"color: #000000;\" href=\"http:\/\/www.leparisien.fr\/environnement\/cop21\/la-decroissance-pour-sortir-de-la-religion-de-la-croissance-24-09-2015-5105497.php\" target=\"_blank\">Elsa Levy de l&rsquo;Agence Cr\u00e9ative CulturElle | 24 Sept. 2015<\/a><\/em><\/span><\/p>\n<p class=\"contIngredients\"><span style=\"color: #000000;\">S\u00e9mantiquement, la d\u00e9croissance s&rsquo;oppose \u00e0 la croissance. Mais loin d&rsquo;\u00eatre synonyme de <a class=\"actu\" style=\"color: #000000;\" href=\"http:\/\/actualites.leparisien.fr\/recession.html\">r\u00e9cession<\/a> ou de r\u00e9gression, la pens\u00e9e de la d\u00e9croissance pr\u00f4ne le passage vers une soci\u00e9t\u00e9 d\u00e9livr\u00e9e du joug de la surproduction et de la surconsommation.<\/span><\/p>\n<h6><span style=\"color: #000000;\"><img loading=\"lazy\" decoding=\"async\" id=\"visuel-image\" class=\"visuel\" src=\"http:\/\/s3.lprs1.fr\/images\/2015\/09\/18\/5105497_dec_545x460_autocrop.jpg\" alt=\"\u00abL'objectif est d'ouvrir un d\u00e9bat dans la soci\u00e9t\u00e9 sur la n\u00e9cessit\u00e9 de sortir de la religion de la Croissance\u00bb, expliquent les membres du collectif Un Projet de D\u00e9croissance.\" width=\"545\" height=\"545\" \/><\/span><br \/>\n<span style=\"color: #000000;\"> <em>\u00abL&rsquo;objectif est d&rsquo;ouvrir un d\u00e9bat dans la soci\u00e9t\u00e9 sur la n\u00e9cessit\u00e9 de sortir de la religion de la Croissance\u00bb, expliquent les membres du collectif Un Projet de D\u00e9croissance.<\/em><\/span><br \/>\n<span style=\"color: #000000;\"><em> <strong>(Photo iStock : graphicsdunia4you)<\/strong><\/em><\/span><\/h6>\n<p><span style=\"color: #000000;\">Nous avons rencontr\u00e9 certains membres du collectif <a style=\"color: #000000;\" href=\"http:\/\/www.projet-decroissance.net\/\" target=\"_blank\">Un Projet de D\u00e9croissance<\/a> : Vincent Liegey, Christophe Ondet, St\u00e9phane Madelaine, Anisabel Veillot et J\u00e9r\u00f4me Cardinal (co-auteurs d&rsquo;<a style=\"color: #000000;\" href=\"https:\/\/editionutopia.wordpress.com\/2013\/01\/27\/a-paraitre-un-projet-de-decroissance-manifeste-pour-une-dotation-inconditionnelle-dautonomie-dia\/\" target=\"_blank\">Un Projet de D\u00e9croissance aux \u00e9ditions Utopia<\/a>, paru en 2013). Pour eux, la d\u00e9croissance est avant tout\u00a0\u00abun slogan provocateur dont l&rsquo;objectif est d&rsquo;ouvrir un d\u00e9bat dans la soci\u00e9t\u00e9 sur la n\u00e9cessit\u00e9 de sortir de la religion de la Croissance\u00bb.<!--more--><\/span><\/p>\n<p><span style=\"color: #000000;\">Car\u00a0\u00abune croissance infinie dans un monde fini n&rsquo;est ni possible, ni souhaitable\u00bb, explique le collectif.\u00a0\u00abNous nous heurtons aux limites physiques et environnementales de la plan\u00e8te (d\u00e9r\u00e8glement climatique, chute de la biodiversit\u00e9, rar\u00e9faction des \u00e9nergies fossiles mais aussi des m\u00e9taux, etc.)\u00bb, affirment ceux qui rappellent qu&rsquo;\u00abalors que nos soci\u00e9t\u00e9s n&rsquo;ont jamais connu un tel niveau de confort mat\u00e9riel, nous constatons que nous atteignons les limites sociales, avec toujours plus d&rsquo;in\u00e9galit\u00e9s, et culturelles de notre d\u00e9pendance au toujours plus\u00bb.<span class=\"intertitre\">\u00a0<\/span><\/span><\/p>\n<h2><span class=\"intertitre\" style=\"color: #000000;\">Une r\u00e9sonance \u00e9cologique<\/span><\/h2>\n<p><span style=\"color: #000000;\">R\u00e9fl\u00e9chir \u00e0 une production responsable : c&rsquo;est un des objectifs de la d\u00e9croissance, et c&rsquo;est aussi celui de l&rsquo;\u00e9cologie.\u00a0En effet, d\u2019apr\u00e8s les membres du collectif, \u00abune des grandes forces de la d\u00e9croissance est sa pens\u00e9e multidimensionnelle et la remise en cause des id\u00e9ologies dominantes\u00bb, dont celle du productivisme. La d\u00e9croissance ne r\u00e9pond pas aux d\u00e9fis environnementaux en proposant des solutions techniques cl\u00e9s en main, mais elle pointe du doigt notre d\u00e9pendance toxique \u00e0 la croissance, qui nous pousse toujours \u00e0 produire davantage, consommer plus et accumuler.<\/span><\/p>\n<p><span style=\"color: #000000;\">R\u00e9pondre aux questions environnementales, c&rsquo;est \u00abr\u00e9pondre \u00e0 ce sentiment d&rsquo;oppression de la soci\u00e9t\u00e9 de croissance et \u00e9galement se d\u00e9gager de notre pseudo-libert\u00e9 de consommer en affrontant, enfin, la partie cach\u00e9e de notre confort. Les r\u00e9ponses doivent donc s&rsquo;int\u00e9resser en m\u00eame temps aux questions de soutenabilit\u00e9 et de bien-\u00eatre.\u00bb<\/span><\/p>\n<p><span style=\"color: #000000;\">Exp\u00e9rimenter une transition vers de nouveaux modes de vie, se tourner vers la simplicit\u00e9 volontaire : c&rsquo;est\u00a0en se r\u00e9appropriant la voie publique avec l&rsquo;usage du v\u00e9lo, son alimentation avec les jardins communautaires ou encore l&rsquo;\u00e9conomie avec <a style=\"color: #000000;\" href=\"http:\/\/www.leparisien.fr\/environnement\/le-stuck-nouvelle-monnaie-locale-a-strasbourg-12-06-2015-4856667.php\">les monnaies locales<\/a> que les citoyens peuvent y parvenir. Ce faisant,\u00a0\u00abon reconstruit du lien social dans une soci\u00e9t\u00e9 gangren\u00e9e par l&rsquo;individualisme\u00bb, estiment les d\u00e9croissants.<\/span><\/p>\n<h2 class=\"intertitre\"><span style=\"color: #000000;\">Les peurs qui emp\u00eachent de \u00abpenser collectif\u00bb<\/span><\/h2>\n<p><span style=\"color: #000000;\">Un tel projet a l\u2019ambition de responsabiliser chacun et de ne plus penser \u00abindividuel\u00bb mais \u00abcollectif\u00bb. Malgr\u00e9 tout, les objecteurs de croissance qui souhaitent pourtant rassembler, rencontrent encore un grand nombre de personnes frileuses \u00e0 leurs id\u00e9es.<\/span><\/p>\n<p><span style=\"color: #000000;\">\u00abNous ne sommes pas des donneurs de le\u00e7on et comprenons tr\u00e8s bien les difficult\u00e9s que rencontrent toujours plus de personnes dans ce mod\u00e8le domin\u00e9 par la comp\u00e9tition \u00e9conomique. Nous traversons des crises, des instabilit\u00e9s, des ph\u00e9nom\u00e8nes extr\u00eamement anxiog\u00e8nes\u00bb, conc\u00e8dent les d\u00e9croissants, qui r\u00e9alisent bien que la peur du d\u00e9classement social, celle de perdre son <a class=\"actu\" style=\"color: #000000;\" href=\"http:\/\/actualites.leparisien.fr\/emploi.html\">emploi<\/a>, celle de ne plus \u00eatre en mesure de rembourser ses emprunts&#8230; sont autant de freins \u00e0 plus de\u00a0\u00abparticipation solidaire \u00e0 la vie de la cit\u00e9\u00bb.\u00a0\u00abC&rsquo;est pourquoi nous sommes engag\u00e9s dans les d\u00e9bats d&rsquo;id\u00e9es, \u00e0 la fois pour d\u00e9construire un certain nombre de croyances paralysantes mais surtout pour proposer des solutions susceptibles de nous redonner de l&rsquo;espoir\u00bb, ajoutent-ils.<\/span><\/p>\n<p><span style=\"color: #000000;\">Le mouvement de la d\u00e9croissance s&rsquo;entoure \u00e9galement d&rsquo;outils pratiques, tels que\u00a0\u00ab<a style=\"color: #000000;\" href=\"http:\/\/www.leparisien.fr\/environnement\/revenu-de-base-une-allocation-universelle-qui-profiterait-a-l-environnement-04-06-2015-4832041.php\">le revenu inconditionnel<\/a>, l&rsquo;extension des sph\u00e8res de la gratuit\u00e9 pour les besoins essentiels (<a class=\"actu\" style=\"color: #000000;\" href=\"http:\/\/actualites.leparisien.fr\/logement.html\">logement<\/a>, \u00e9nergie, nourriture, eau, etc.)<\/span><\/p>\n<p><span style=\"color: #000000;\">\u00abPlus que jamais, nous pensons que le politique doit dominer l&rsquo;\u00e9conomie qui se retrouve aujourd&rsquo;hui entre les mains d&rsquo;une oligarchie financi\u00e8re plus puissante que jamais : audit des dettes publiques, r\u00e9appropriation de la cr\u00e9ation mon\u00e9taire et des banques centrales et r\u00e9gulation d\u00e9mocratique des banques. De m\u00eame, face aux enjeux internationaux, nous privil\u00e9gions le dialogue et une baisse de notre empreinte \u00e9cologique au nord : c&rsquo;est la seule solution pour permettre au sud de se r\u00e9approprier ses choix d&rsquo;autod\u00e9termination et sortir des crises auxquelles il fait face.\u00bb<\/span><\/p>\n<h2 class=\"intertitre\"><span style=\"color: #000000;\">Une utopie concr\u00e8te<\/span><\/h2>\n<p><span style=\"color: #000000;\">A ceux qui qualifieront leurs id\u00e9es d\u2019utopiques, les membres du collectif r\u00e9pondent : \u00abNous sommes aujourd&rsquo;hui enferm\u00e9s, conditionn\u00e9s dans la religion de l&rsquo;\u00e9conomie, du toujours plus qui nous entra\u00eene toujours plus vite droit dans le mur ! C&rsquo;est une forme d&rsquo;utopie irr\u00e9aliste que d&rsquo;attendre le retour d&rsquo;une croissance durable et forte !\u00bb<\/span><\/p>\n<p><span style=\"color: #000000;\">\u00abNous pensons qu&rsquo;il faut r\u00e9habiliter une autre utopie, celle d&rsquo;un monde souhaitable et convivial, celui de l&rsquo;\u00e9mancipation, du partage et du dialogue. Nous avons besoin de r\u00e9fl\u00e9chir et d\u2019exp\u00e9rimenter des alternatives, de faire des pas de c\u00f4t\u00e9 et de red\u00e9couvrir de l&rsquo;espoir, du r\u00eave en revenant \u00e0 des choses simples. Cet espoir, nous le vivons d\u00e9j\u00e0 dans les alternatives concr\u00e8tes que l&rsquo;on voit \u00e9merger partout \u00e0 travers le monde. Ces nouveaux mondes sont d\u00e9j\u00e0 l\u00e0, ils se construisent et on s&rsquo;y \u00e9panouit. R\u00e9approprions-nous le droit de chercher le sens que l&rsquo;on souhaite donner \u00e0 nos vies, si possible conviviales, soutenables et souhaitables !\u00bb, concluent-ils.<\/span><\/p>\n","protected":false},"excerpt":{"rendered":"<p>La d\u00e9croissance, pour sortir de \u00abla religion de la Croissance\u00bb Elsa Levy de l&rsquo;Agence Cr\u00e9ative CulturElle | 24 Sept. 2015 S\u00e9mantiquement, la d\u00e9croissance s&rsquo;oppose \u00e0 la croissance. Mais loin d&rsquo;\u00eatre synonyme de r\u00e9cession ou de r\u00e9gression, la pens\u00e9e de la &hellip; <a href=\"http:\/\/www.projet-decroissance.net\/?p=2092\">Continuer la lecture <span class=\"meta-nav\">&rarr;<\/span><\/a><\/p>\n","protected":false},"author":3,"featured_media":0,"comment_status":"closed","ping_status":"open","sticky":false,"template":"","format":"standard","meta":{"footnotes":""},"categories":[7],"tags":[],"class_list":["post-2092","post","type-post","status-publish","format-standard","hentry","category-dans-la-presse-et-sur-la-toile"],"_links":{"self":[{"href":"http:\/\/www.projet-decroissance.net\/index.php?rest_route=\/wp\/v2\/posts\/2092","targetHints":{"allow":["GET"]}}],"collection":[{"href":"http:\/\/www.projet-decroissance.net\/index.php?rest_route=\/wp\/v2\/posts"}],"about":[{"href":"http:\/\/www.projet-decroissance.net\/index.php?rest_route=\/wp\/v2\/types\/post"}],"author":[{"embeddable":true,"href":"http:\/\/www.projet-decroissance.net\/index.php?rest_route=\/wp\/v2\/users\/3"}],"replies":[{"embeddable":true,"href":"http:\/\/www.projet-decroissance.net\/index.php?rest_route=%2Fwp%2Fv2%2Fcomments&post=2092"}],"version-history":[{"count":3,"href":"http:\/\/www.projet-decroissance.net\/index.php?rest_route=\/wp\/v2\/posts\/2092\/revisions"}],"predecessor-version":[{"id":2095,"href":"http:\/\/www.projet-decroissance.net\/index.php?rest_route=\/wp\/v2\/posts\/2092\/revisions\/2095"}],"wp:attachment":[{"href":"http:\/\/www.projet-decroissance.net\/index.php?rest_route=%2Fwp%2Fv2%2Fmedia&parent=2092"}],"wp:term":[{"taxonomy":"category","embeddable":true,"href":"http:\/\/www.projet-decroissance.net\/index.php?rest_route=%2Fwp%2Fv2%2Fcategories&post=2092"},{"taxonomy":"post_tag","embeddable":true,"href":"http:\/\/www.projet-decroissance.net\/index.php?rest_route=%2Fwp%2Fv2%2Ftags&post=2092"}],"curies":[{"name":"wp","href":"https:\/\/api.w.org\/{rel}","templated":true}]}}