{"id":2096,"date":"2015-11-05T11:21:15","date_gmt":"2015-11-05T11:21:15","guid":{"rendered":"http:\/\/www.projet-decroissance.net\/?p=2096"},"modified":"2015-12-08T08:57:46","modified_gmt":"2015-12-08T08:57:46","slug":"retrouver-chaque-debut-de-mois-notre-chronique-decroissante-sur-reporterre","status":"publish","type":"post","link":"http:\/\/www.projet-decroissance.net\/?p=2096","title":{"rendered":"Retrouver chaque d\u00e9but de mois notre Chronique D\u00e9croissante sur Reporterre"},"content":{"rendered":"<p><a title=\"Vers la page d'accueil\" href=\"http:\/\/www.reporterre.net\/index.php\"><img decoding=\"async\" class=\"logo alignleft\" src=\"http:\/\/www.reporterre.net\/images\/logo.png\" alt=\"\" \/><\/a><strong>Chaque mois, un des co-auteur d&rsquo; \u00ab\u00a0Un Projet de D\u00e9croissance\u00a0\u00bb publie une <a href=\"http:\/\/www.reporterre.net\/+-Chroniques-de-Vincent-Liegey-+\" target=\"_blank\">chronique d\u00e9croissante sur Reporterre.net<\/a> :<\/strong><\/p>\n<div>\n<p><span style=\"color: #000000;\">Chroniques 2015 :<\/span><\/p>\n<ul>\n<li><span style=\"color: #000000;\"><a style=\"color: #000000;\" href=\"http:\/\/www.reporterre.net\/Nos-vies-sont-colonisees-par-l-economie\" target=\"_blank\">Nos vies sont colonis\u00e9es par l\u2019\u00e9conomie<\/a><\/span><\/li>\n<li><span class=\"petittitre\" style=\"color: #000000;\"><a class=\"lien_article\" style=\"color: #000000;\" href=\"http:\/\/www.reporterre.net\/Allez-decroissons-ce-n-est-pas-si-difficile\">Allez, d\u00e9croissons, ce n\u2019est pas si difficile<small class=\"fine\">\u00a0<\/small>!<\/a><\/span><\/li>\n<li><span class=\"petittitre\" style=\"color: #000000;\"><a class=\"lien_article\" style=\"color: #000000;\" href=\"http:\/\/www.reporterre.net\/Les-migrants-revelent-l-absence-de-dialogue-au-sein-de-l-Europe-et-dans-le\">Les migrants r\u00e9v\u00e8lent l\u2019absence de dialogue au sein de l\u2019Europe et dans le monde<\/a><\/span><\/li>\n<li><span class=\"petittitre\" style=\"color: #000000;\"><a class=\"lien_article\" style=\"color: #000000;\" href=\"http:\/\/www.reporterre.net\/La-crise-des-migrants-est-la-consequence-de-la-crise-de-notre-societe\">La \u00ab<small class=\"fine\">\u00a0<\/small>crise des migrants<small class=\"fine\">\u00a0<\/small>\u00bb est la cons\u00e9quence de la crise de notre soci\u00e9t\u00e9<\/a><\/span><\/li>\n<li><span class=\"petittitre\" style=\"color: #000000;\"><a class=\"lien_article\" style=\"color: #000000;\" href=\"http:\/\/www.reporterre.net\/Grece-Hongrie-taxi-l-age-de-l-insignifiance\">Gr\u00e8ce, Hongrie, taxi, l\u2019\u00e2ge de l\u2019insignifiance<\/a><\/span><\/li>\n<li><span class=\"petittitre\" style=\"color: #000000;\"><a class=\"lien_article\" style=\"color: #000000;\" href=\"http:\/\/www.reporterre.net\/Si-l-on-ne-s-occupe-pas-de-politique-d-autres-le-font-pour-nous\">Si l\u2019on ne s\u2019occupe pas de politique, d\u2019autres le font pour nous<\/a><\/span><\/li>\n<li><span class=\"petittitre\" style=\"color: #000000;\"><a class=\"lien_article\" style=\"color: #000000;\" href=\"http:\/\/www.reporterre.net\/Vous-voulez-des-emplois-Choisissez\">Vous voulez des emplois<small class=\"fine\">\u00a0<\/small>? Choisissez la d\u00e9croissance<\/a><\/span><\/li>\n<li><span class=\"petittitre\" style=\"color: #000000;\"><a class=\"lien_article\" style=\"color: #000000;\" href=\"http:\/\/www.reporterre.net\/Un-decroissant-au-Forum-Social\">Un d\u00e9croissant au Forum Social<\/a><\/span><\/li>\n<li><span class=\"petittitre\" style=\"color: #000000;\"><a class=\"lien_article\" style=\"color: #000000;\" href=\"http:\/\/www.reporterre.net\/CHRONIQUE-Les-chargeurs-d\">Les chargeurs d\u2019ordinateur irr\u00e9parables, symboles \u00e9nervants du g\u00e2chis capitaliste<\/a><\/span><\/li>\n<li><span class=\"petittitre\" style=\"color: #000000;\"><a class=\"lien_article\" style=\"color: #000000;\" href=\"http:\/\/www.reporterre.net\/CHRONIQUE-La-decroissance-se-leve\">La d\u00e9croissance se l\u00e8ve \u00e0 l\u2019est<\/a><\/span><\/li>\n<\/ul>\n<p><span style=\"color: #000000;\">Chroniques 2014 :<\/span><\/p>\n<ul>\n<li><span class=\"petittitre\" style=\"color: #000000;\"><a class=\"lien_article\" style=\"color: #000000;\" href=\"http:\/\/www.reporterre.net\/CHRONIQUE-Decroissant-Qu-il-est\">D\u00e9croissant<small class=\"fine\">\u00a0<\/small>! Qu\u2019il est difficile d\u2019avoir raison tout seul&#8230;<\/a><\/span><\/li>\n<li><span class=\"petittitre\" style=\"color: #000000;\"><a class=\"lien_article\" style=\"color: #000000;\" href=\"http:\/\/www.reporterre.net\/CHRONIQUE-Non-violent-malgre-tout\">Non violent malgr\u00e9 tout<\/a><\/span><\/li>\n<li><span class=\"petittitre\" style=\"color: #000000;\"><a class=\"lien_article\" style=\"color: #000000;\" href=\"http:\/\/www.reporterre.net\/CHRONIQUE-Et-si-on-imaginait-la\">Et si on imaginait la fin de l\u2019emploi<small class=\"fine\">\u00a0<\/small>?<\/a><\/span><\/li>\n<li><span style=\"color: #000000;\"><a class=\"lien_article\" style=\"color: #000000;\" href=\"http:\/\/www.reporterre.net\/CHRONIQUE-Ils-foncent-dans-le-mur\"><span class=\"petittitre\">Ils foncent dans le mur<small class=\"fine\">\u00a0<\/small>? Une autre voie est possible<small class=\"fine\">\u00a0<\/small>!<\/span><\/a><\/span><\/li>\n<\/ul>\n<\/div>\n","protected":false},"excerpt":{"rendered":"<p>Chaque mois, un des co-auteur d&rsquo; \u00ab\u00a0Un Projet de D\u00e9croissance\u00a0\u00bb publie une chronique d\u00e9croissante sur Reporterre.net : Chroniques 2015 : Nos vies sont colonis\u00e9es par l\u2019\u00e9conomie Allez, d\u00e9croissons, ce n\u2019est pas si difficile\u00a0! Les migrants r\u00e9v\u00e8lent l\u2019absence de dialogue au &hellip; <a href=\"http:\/\/www.projet-decroissance.net\/?p=2096\">Continuer la lecture <span class=\"meta-nav\">&rarr;<\/span><\/a><\/p>\n","protected":false},"author":3,"featured_media":0,"comment_status":"closed","ping_status":"open","sticky":false,"template":"","format":"standard","meta":{"footnotes":""},"categories":[1,7],"tags":[],"class_list":["post-2096","post","type-post","status-publish","format-standard","hentry","category-actualites","category-dans-la-presse-et-sur-la-toile"],"_links":{"self":[{"href":"http:\/\/www.projet-decroissance.net\/index.php?rest_route=\/wp\/v2\/posts\/2096","targetHints":{"allow":["GET"]}}],"collection":[{"href":"http:\/\/www.projet-decroissance.net\/index.php?rest_route=\/wp\/v2\/posts"}],"about":[{"href":"http:\/\/www.projet-decroissance.net\/index.php?rest_route=\/wp\/v2\/types\/post"}],"author":[{"embeddable":true,"href":"http:\/\/www.projet-decroissance.net\/index.php?rest_route=\/wp\/v2\/users\/3"}],"replies":[{"embeddable":true,"href":"http:\/\/www.projet-decroissance.net\/index.php?rest_route=%2Fwp%2Fv2%2Fcomments&post=2096"}],"version-history":[{"count":3,"href":"http:\/\/www.projet-decroissance.net\/index.php?rest_route=\/wp\/v2\/posts\/2096\/revisions"}],"predecessor-version":[{"id":2121,"href":"http:\/\/www.projet-decroissance.net\/index.php?rest_route=\/wp\/v2\/posts\/2096\/revisions\/2121"}],"wp:attachment":[{"href":"http:\/\/www.projet-decroissance.net\/index.php?rest_route=%2Fwp%2Fv2%2Fmedia&parent=2096"}],"wp:term":[{"taxonomy":"category","embeddable":true,"href":"http:\/\/www.projet-decroissance.net\/index.php?rest_route=%2Fwp%2Fv2%2Fcategories&post=2096"},{"taxonomy":"post_tag","embeddable":true,"href":"http:\/\/www.projet-decroissance.net\/index.php?rest_route=%2Fwp%2Fv2%2Ftags&post=2096"}],"curies":[{"name":"wp","href":"https:\/\/api.w.org\/{rel}","templated":true}]}}