{"id":2148,"date":"2016-03-23T12:12:55","date_gmt":"2016-03-23T12:12:55","guid":{"rendered":"http:\/\/www.projet-decroissance.net\/?p=2148"},"modified":"2016-04-03T08:03:37","modified_gmt":"2016-04-03T08:03:37","slug":"mirko-locatelli-figure-de-la-decroissance","status":"publish","type":"post","link":"http:\/\/www.projet-decroissance.net\/?p=2148","title":{"rendered":"Mirko Locatelli : d\u00e9c\u00e8s d&rsquo;une figure de la D\u00e9croissance"},"content":{"rendered":"<p><a href=\"http:\/\/www.projet-decroissance.net\/wp-content\/uploads\/2016\/03\/Me\u0301duse-11.3.jpeg\"><img loading=\"lazy\" decoding=\"async\" class=\"  wp-image-2147 aligncenter\" src=\"http:\/\/www.projet-decroissance.net\/wp-content\/uploads\/2016\/03\/Me\u0301duse-11.3.jpeg\" alt=\"Me\u0301duse-11.3\" width=\"534\" height=\"356\" srcset=\"http:\/\/www.projet-decroissance.net\/wp-content\/uploads\/2016\/03\/Me\u0301duse-11.3.jpeg 640w, http:\/\/www.projet-decroissance.net\/wp-content\/uploads\/2016\/03\/Me\u0301duse-11.3-300x200.jpeg 300w\" sizes=\"auto, (max-width: 534px) 100vw, 534px\" \/><\/a>Nous venons d&rsquo;apprendre le d\u00e9c\u00e8s de notre ami et compagnon de route <a href=\"http:\/\/www.swissinfo.ch\/fre\/objecteur-de-croissance-_-je-vis-simplement-pour-que-d-autres-simplement-vivent-\/36187392\">Mirko Locatelli<\/a>, co-fondateur du journal <a href=\"http:\/\/www.achetezmoins.ch\/\">Moins!<\/a> , animateur du ROC (le\u00a0R\u00e9seau des Objecteurs de Croissance) et des caf\u00e9s D\u00e9croissance de Lausanne&#8230;<\/p>\n<p style=\"text-align: left;\">Nous pr\u00e9sentons nos plus sinc\u00e8res condol\u00e9ances \u00e0 sa famille et ses proches&#8230;<\/p>\n<p style=\"text-align: center;\"><!--more--><\/p>\n<p style=\"text-align: center;\"><iframe loading=\"lazy\" src=\"https:\/\/www.youtube.com\/embed\/4YHlxd3yXWw\" width=\"560\" height=\"315\" frameborder=\"0\" allowfullscreen=\"allowfullscreen\"><\/iframe><\/p>\n<p style=\"text-align: right;\"><em>Vincent Liegey, St\u00e9phane Madelaine, Christophe Ondet, Anne-Isabelle Veillot,<\/em><br \/>\n<em> du collectif \u00ab\u00a0Un Projet de D\u00e9croissance\u00a0\u00bb<\/em><\/p>\n","protected":false},"excerpt":{"rendered":"<p>Nous venons d&rsquo;apprendre le d\u00e9c\u00e8s de notre ami et compagnon de route Mirko Locatelli, co-fondateur du journal Moins! , animateur du ROC (le\u00a0R\u00e9seau des Objecteurs de Croissance) et des caf\u00e9s D\u00e9croissance de Lausanne&#8230; Nous pr\u00e9sentons nos plus sinc\u00e8res condol\u00e9ances \u00e0 &hellip; <a href=\"http:\/\/www.projet-decroissance.net\/?p=2148\">Continuer la lecture <span class=\"meta-nav\">&rarr;<\/span><\/a><\/p>\n","protected":false},"author":2,"featured_media":0,"comment_status":"closed","ping_status":"open","sticky":false,"template":"","format":"standard","meta":{"footnotes":""},"categories":[1],"tags":[],"class_list":["post-2148","post","type-post","status-publish","format-standard","hentry","category-actualites"],"_links":{"self":[{"href":"http:\/\/www.projet-decroissance.net\/index.php?rest_route=\/wp\/v2\/posts\/2148","targetHints":{"allow":["GET"]}}],"collection":[{"href":"http:\/\/www.projet-decroissance.net\/index.php?rest_route=\/wp\/v2\/posts"}],"about":[{"href":"http:\/\/www.projet-decroissance.net\/index.php?rest_route=\/wp\/v2\/types\/post"}],"author":[{"embeddable":true,"href":"http:\/\/www.projet-decroissance.net\/index.php?rest_route=\/wp\/v2\/users\/2"}],"replies":[{"embeddable":true,"href":"http:\/\/www.projet-decroissance.net\/index.php?rest_route=%2Fwp%2Fv2%2Fcomments&post=2148"}],"version-history":[{"count":9,"href":"http:\/\/www.projet-decroissance.net\/index.php?rest_route=\/wp\/v2\/posts\/2148\/revisions"}],"predecessor-version":[{"id":2157,"href":"http:\/\/www.projet-decroissance.net\/index.php?rest_route=\/wp\/v2\/posts\/2148\/revisions\/2157"}],"wp:attachment":[{"href":"http:\/\/www.projet-decroissance.net\/index.php?rest_route=%2Fwp%2Fv2%2Fmedia&parent=2148"}],"wp:term":[{"taxonomy":"category","embeddable":true,"href":"http:\/\/www.projet-decroissance.net\/index.php?rest_route=%2Fwp%2Fv2%2Fcategories&post=2148"},{"taxonomy":"post_tag","embeddable":true,"href":"http:\/\/www.projet-decroissance.net\/index.php?rest_route=%2Fwp%2Fv2%2Ftags&post=2148"}],"curies":[{"name":"wp","href":"https:\/\/api.w.org\/{rel}","templated":true}]}}